{"id":12806,"date":"2021-12-10T11:24:57","date_gmt":"2021-12-10T11:24:57","guid":{"rendered":"http:\/\/sindiquimicabr.com.br\/?p=12806"},"modified":"2021-12-10T11:30:41","modified_gmt":"2021-12-10T11:30:41","slug":"bolsonaro-preco-dos-combustiveis-vai-cair-mais-de-uma-vez-nas-proximas-semanas","status":"publish","type":"post","link":"http:\/\/sindiquimicabr.com.br\/index.php\/2021\/12\/10\/bolsonaro-preco-dos-combustiveis-vai-cair-mais-de-uma-vez-nas-proximas-semanas\/","title":{"rendered":"Bolsonaro: pre\u00e7o dos combust\u00edveis vai cair &#8216;mais de uma vez nas pr\u00f3ximas semanas&#8217;"},"content":{"rendered":"<h4 class=\"news-subheadline\" style=\"text-align: justify;\">Anteriormente, Bolsonaro fez declara\u00e7\u00f5es parecidas que n\u00e3o se concretizaram<\/h4>\n<p style=\"text-align: justify;\"><a href=\"http:\/\/sindiquimicabr.com.br\/wp\/wp-content\/uploads\/2021\/12\/bolso.jpg\"><img decoding=\"async\" loading=\"lazy\" class=\"alignleft size-full wp-image-12815\" src=\"http:\/\/sindiquimicabr.com.br\/wp\/wp-content\/uploads\/2021\/12\/bolso.jpg\" alt=\"\" width=\"829\" height=\"461\" srcset=\"http:\/\/sindiquimicabr.com.br\/wp\/wp-content\/uploads\/2021\/12\/bolso.jpg 829w, http:\/\/sindiquimicabr.com.br\/wp\/wp-content\/uploads\/2021\/12\/bolso-300x167.jpg 300w, http:\/\/sindiquimicabr.com.br\/wp\/wp-content\/uploads\/2021\/12\/bolso-768x427.jpg 768w\" sizes=\"(max-width: 829px) 100vw, 829px\" \/><\/a><\/p>\n<p style=\"text-align: justify;\">O presidente Jair Bolsonaro afirmou nesta quinta-feira, 9, que o pre\u00e7o dos combust\u00edveis vai cair &#8220;mais de uma vez nas pr\u00f3ximas semanas&#8221; em raz\u00e3o da perda de valor do barril de petr\u00f3leo tipo Brent no exterior desde o pico, em outubro. O barril do Brent \u00e9 refer\u00eancia para a forma\u00e7\u00e3o de pre\u00e7os da Petrobras.<\/p>\n<p style=\"text-align: justify;\">Ainda assim, Bolsonaro voltou a negar que tenha informa\u00e7\u00e3o privilegiada da estatal petrol\u00edfera. &#8220;A CVM entrou em polvorosa quando falei que brevemente vai cair o pre\u00e7o dos combust\u00edveis&#8221;, disse o presidente em transmiss\u00e3o ao vivo nas redes sociais.<\/p>\n<p style=\"text-align: justify;\">A Comiss\u00e3o de Valores Mobili\u00e1rios abriu um processo administrativo contra a Petrobras ap\u00f3s o chefe do Executivo dizer, no \u00faltimo domingo, que a empresa diminuiria o valor dos combust\u00edveis.<\/p>\n<p style=\"text-align: justify;\">Fonte: <a href=\"https:\/\/www.noticiasaominuto.com.br\/economia\/1867499\/bolsonaro-preco-dos-combustiveis-vai-cair-mais-de-uma-vez-nas-proximas-semanas\" target=\"_blank\" rel=\"noopener\">Not\u00edcias ao Minuto<\/a><\/p>\n","protected":false},"excerpt":{"rendered":"<p>Anteriormente, Bolsonaro fez declara\u00e7\u00f5es parecidas que n\u00e3o se concretizaram O presidente Jair Bolsonaro afirmou nesta quinta-feira, 9, que o pre\u00e7o dos combust\u00edveis vai cair &#8220;mais de uma vez nas pr\u00f3ximas semanas&#8221; em raz\u00e3o da perda de valor do barril de petr\u00f3leo tipo Brent no exterior desde o pico, em outubro. O barril do Brent \u00e9<a class=\"moretag\" href=\"http:\/\/sindiquimicabr.com.br\/index.php\/2021\/12\/10\/bolsonaro-preco-dos-combustiveis-vai-cair-mais-de-uma-vez-nas-proximas-semanas\/\"> [&#8230;]<\/a><\/p>\n","protected":false},"author":2,"featured_media":12817,"comment_status":"closed","ping_status":"closed","sticky":false,"template":"","format":"standard","meta":[],"categories":[9],"tags":[],"_links":{"self":[{"href":"http:\/\/sindiquimicabr.com.br\/index.php\/wp-json\/wp\/v2\/posts\/12806"}],"collection":[{"href":"http:\/\/sindiquimicabr.com.br\/index.php\/wp-json\/wp\/v2\/posts"}],"about":[{"href":"http:\/\/sindiquimicabr.com.br\/index.php\/wp-json\/wp\/v2\/types\/post"}],"author":[{"embeddable":true,"href":"http:\/\/sindiquimicabr.com.br\/index.php\/wp-json\/wp\/v2\/users\/2"}],"replies":[{"embeddable":true,"href":"http:\/\/sindiquimicabr.com.br\/index.php\/wp-json\/wp\/v2\/comments?post=12806"}],"version-history":[{"count":2,"href":"http:\/\/sindiquimicabr.com.br\/index.php\/wp-json\/wp\/v2\/posts\/12806\/revisions"}],"predecessor-version":[{"id":12818,"href":"http:\/\/sindiquimicabr.com.br\/index.php\/wp-json\/wp\/v2\/posts\/12806\/revisions\/12818"}],"wp:featuredmedia":[{"embeddable":true,"href":"http:\/\/sindiquimicabr.com.br\/index.php\/wp-json\/wp\/v2\/media\/12817"}],"wp:attachment":[{"href":"http:\/\/sindiquimicabr.com.br\/index.php\/wp-json\/wp\/v2\/media?parent=12806"}],"wp:term":[{"taxonomy":"category","embeddable":true,"href":"http:\/\/sindiquimicabr.com.br\/index.php\/wp-json\/wp\/v2\/categories?post=12806"},{"taxonomy":"post_tag","embeddable":true,"href":"http:\/\/sindiquimicabr.com.br\/index.php\/wp-json\/wp\/v2\/tags?post=12806"}],"curies":[{"name":"wp","href":"https:\/\/api.w.org\/{rel}","templated":true}]}}