{"id":1281,"date":"2016-05-31T17:50:31","date_gmt":"2016-05-31T17:50:31","guid":{"rendered":"http:\/\/sindiquimicabr.com.br\/?p=1281"},"modified":"2016-06-06T13:42:25","modified_gmt":"2016-06-06T13:42:25","slug":"taxa-de-desemprego-no-brasil-atinge-a-pior-marca-desde-2012","status":"publish","type":"post","link":"http:\/\/sindiquimicabr.com.br\/index.php\/2016\/05\/31\/taxa-de-desemprego-no-brasil-atinge-a-pior-marca-desde-2012\/","title":{"rendered":"Taxa de desemprego no Brasil atinge a pior marca desde 2012"},"content":{"rendered":"<h4 class=\"headline\">N\u00famero de desempregados no pa\u00eds chegou a 11,4 milh\u00f5es de pessoas, de acordo com o IBGE<\/h4>\n<p><a href=\"http:\/\/sindiquimicabr.com.br\/wp\/wp-content\/uploads\/2016\/05\/5tze2lf1qtkqpu7dgpd0a25tf.jpg\"><img decoding=\"async\" loading=\"lazy\" class=\"alignnone size-full wp-image-1294\" src=\"http:\/\/sindiquimicabr.com.br\/wp\/wp-content\/uploads\/2016\/05\/5tze2lf1qtkqpu7dgpd0a25tf.jpg\" alt=\"5tze2lf1qtkqpu7dgpd0a25tf\" width=\"652\" height=\"408\" srcset=\"http:\/\/sindiquimicabr.com.br\/wp\/wp-content\/uploads\/2016\/05\/5tze2lf1qtkqpu7dgpd0a25tf.jpg 652w, http:\/\/sindiquimicabr.com.br\/wp\/wp-content\/uploads\/2016\/05\/5tze2lf1qtkqpu7dgpd0a25tf-300x188.jpg 300w\" sizes=\"(max-width: 652px) 100vw, 652px\" \/><\/a><\/p>\n<p><span class=\"mainText\">O desemprego no Brasil alcan\u00e7ou uma m\u00e9dia de 11,2% no primeiro trimestre deste ano, a maior taxa j\u00e1 registrada desde 2012, quando a pesquisa come\u00e7ou a ser feita pelo IBGE. Os dados apontam que, nesse per\u00edodo, o n\u00famero de desempregados no pa\u00eds chegou a 11,4 milh\u00f5es de pessoas.<\/span><\/p>\n<p dir=\"ltr\">A pesquisa faz parte da Pnad (Pesquisa Nacional por Amostra de Domic\u00edlios) Cont\u00ednua e foi divulgada nesta ter\u00e7a-feira (31). De acordo com o UOL, foram pesquisadas 211.344 casas em aproximadamente 3.500 munic\u00edpios. O resultado foi finalizado contando o per\u00edodo de trimestres m\u00f3veis, o que corresponde aos meses de fevereiro, mar\u00e7o e abril.<\/p>\n<p>Vale ressaltar que o IBGE considera desempregado aquele que n\u00e3o possui trabalho e procurou alguma ocupa\u00e7\u00e3o nos 30 dias anteriores \u00e0 semana em que os dados foram coletados pelos pesquisadores.<\/p>\n<p>Fonte: <a href=\"https:\/\/www.noticiasaominuto.com.br\/economia\/232015\/taxa-de-desemprego-no-brasil-atinge-a-pior-marca-desde-2012\">Not\u00edcias ao Minuto<\/a><\/p>\n","protected":false},"excerpt":{"rendered":"<p>N\u00famero de desempregados no pa\u00eds chegou a 11,4 milh\u00f5es de pessoas, de acordo com o IBGE O desemprego no Brasil alcan\u00e7ou uma m\u00e9dia de 11,2% no primeiro trimestre deste ano, a maior taxa j\u00e1 registrada desde 2012, quando a pesquisa come\u00e7ou a ser feita pelo IBGE. Os dados apontam que, nesse per\u00edodo, o n\u00famero de<a class=\"moretag\" href=\"http:\/\/sindiquimicabr.com.br\/index.php\/2016\/05\/31\/taxa-de-desemprego-no-brasil-atinge-a-pior-marca-desde-2012\/\"> [&#8230;]<\/a><\/p>\n","protected":false},"author":2,"featured_media":1294,"comment_status":"closed","ping_status":"closed","sticky":false,"template":"","format":"standard","meta":[],"categories":[10],"tags":[],"_links":{"self":[{"href":"http:\/\/sindiquimicabr.com.br\/index.php\/wp-json\/wp\/v2\/posts\/1281"}],"collection":[{"href":"http:\/\/sindiquimicabr.com.br\/index.php\/wp-json\/wp\/v2\/posts"}],"about":[{"href":"http:\/\/sindiquimicabr.com.br\/index.php\/wp-json\/wp\/v2\/types\/post"}],"author":[{"embeddable":true,"href":"http:\/\/sindiquimicabr.com.br\/index.php\/wp-json\/wp\/v2\/users\/2"}],"replies":[{"embeddable":true,"href":"http:\/\/sindiquimicabr.com.br\/index.php\/wp-json\/wp\/v2\/comments?post=1281"}],"version-history":[{"count":2,"href":"http:\/\/sindiquimicabr.com.br\/index.php\/wp-json\/wp\/v2\/posts\/1281\/revisions"}],"predecessor-version":[{"id":1295,"href":"http:\/\/sindiquimicabr.com.br\/index.php\/wp-json\/wp\/v2\/posts\/1281\/revisions\/1295"}],"wp:featuredmedia":[{"embeddable":true,"href":"http:\/\/sindiquimicabr.com.br\/index.php\/wp-json\/wp\/v2\/media\/1294"}],"wp:attachment":[{"href":"http:\/\/sindiquimicabr.com.br\/index.php\/wp-json\/wp\/v2\/media?parent=1281"}],"wp:term":[{"taxonomy":"category","embeddable":true,"href":"http:\/\/sindiquimicabr.com.br\/index.php\/wp-json\/wp\/v2\/categories?post=1281"},{"taxonomy":"post_tag","embeddable":true,"href":"http:\/\/sindiquimicabr.com.br\/index.php\/wp-json\/wp\/v2\/tags?post=1281"}],"curies":[{"name":"wp","href":"https:\/\/api.w.org\/{rel}","templated":true}]}}