{"id":12820,"date":"2021-12-10T11:33:59","date_gmt":"2021-12-10T11:33:59","guid":{"rendered":"http:\/\/sindiquimicabr.com.br\/?p=12820"},"modified":"2021-12-10T11:39:25","modified_gmt":"2021-12-10T11:39:25","slug":"brasil-registra-206-mortes-e-9-278-casos-de-covid-19-nas-ultimas-24-horas","status":"publish","type":"post","link":"http:\/\/sindiquimicabr.com.br\/index.php\/2021\/12\/10\/brasil-registra-206-mortes-e-9-278-casos-de-covid-19-nas-ultimas-24-horas\/","title":{"rendered":"Brasil registra 206 mortes e 9.278 casos de Covid-19 nas \u00faltimas 24 horas"},"content":{"rendered":"<h4 class=\"news-subheadline\" style=\"text-align: justify;\">O Brasil j\u00e1 registrou 616.457 mortes relacionadas com o novo coronav\u00edrus, desde que a pandemia chegou ao pa\u00eds<\/h4>\n<p style=\"text-align: justify;\"><a href=\"http:\/\/sindiquimicabr.com.br\/wp\/wp-content\/uploads\/2021\/12\/Brasil-registra-206-mortes-e-9.278-casos-de-Covid-19-nas-ultimas-24-horas.jpg\"><img decoding=\"async\" loading=\"lazy\" class=\"alignleft size-full wp-image-12823\" src=\"http:\/\/sindiquimicabr.com.br\/wp\/wp-content\/uploads\/2021\/12\/Brasil-registra-206-mortes-e-9.278-casos-de-Covid-19-nas-ultimas-24-horas.jpg\" alt=\"\" width=\"1920\" height=\"1080\" srcset=\"http:\/\/sindiquimicabr.com.br\/wp\/wp-content\/uploads\/2021\/12\/Brasil-registra-206-mortes-e-9.278-casos-de-Covid-19-nas-ultimas-24-horas.jpg 1920w, http:\/\/sindiquimicabr.com.br\/wp\/wp-content\/uploads\/2021\/12\/Brasil-registra-206-mortes-e-9.278-casos-de-Covid-19-nas-ultimas-24-horas-300x169.jpg 300w, http:\/\/sindiquimicabr.com.br\/wp\/wp-content\/uploads\/2021\/12\/Brasil-registra-206-mortes-e-9.278-casos-de-Covid-19-nas-ultimas-24-horas-1024x576.jpg 1024w, http:\/\/sindiquimicabr.com.br\/wp\/wp-content\/uploads\/2021\/12\/Brasil-registra-206-mortes-e-9.278-casos-de-Covid-19-nas-ultimas-24-horas-768x432.jpg 768w, http:\/\/sindiquimicabr.com.br\/wp\/wp-content\/uploads\/2021\/12\/Brasil-registra-206-mortes-e-9.278-casos-de-Covid-19-nas-ultimas-24-horas-1536x864.jpg 1536w\" sizes=\"(max-width: 1920px) 100vw, 1920px\" \/><\/a><\/p>\n<p style=\"text-align: justify;\"><span class=\"news_capital_letter\">A<\/span>s autoridades de sa\u00fade reportaram, esta quinta-feira (9), mais 9.278 casos de Covid-19 e 206 mortes devido \u00e0 doen\u00e7a, nas \u00faltimas 24 horas, num momento em que os n\u00fameros baixam relativamente em rela\u00e7\u00e3o a ontem.<\/p>\n<div class=\"pub-container inside-news\" style=\"text-align: justify;\">\n<div class=\"pub-space\"><ins class=\"adsbygoogle\" data-ad-client=\"ca-pub-5990868310294203\" data-ad-slot=\"1636004644\" data-adsbygoogle-status=\"done\" data-ad-status=\"filled\"><ins id=\"aswift_1_expand\" tabindex=\"0\" title=\"Advertisement\" aria-label=\"Advertisement\"><ins id=\"aswift_1_anchor\"><iframe loading=\"lazy\" id=\"aswift_1\" src=\"https:\/\/googleads.g.doubleclick.net\/pagead\/ads?client=ca-pub-5990868310294203&amp;output=html&amp;h=250&amp;slotname=1636004644&amp;adk=4121174086&amp;adf=2232939446&amp;pi=t.ma~as.1636004644&amp;w=300&amp;lmt=1639135971&amp;psa=1&amp;format=300x250&amp;url=https%3A%2F%2Fwww.noticiasaominuto.com.br%2Fbrasil%2F1867489%2Fbrasil-registra-206-mortes-e-9-278-casos-de-covid-19-nas-ltimas-24-horas&amp;flash=0&amp;wgl=1&amp;dt=1639135970348&amp;bpp=6&amp;bdt=2077&amp;idt=1444&amp;shv=r20211207&amp;mjsv=m202112020101&amp;ptt=9&amp;saldr=aa&amp;abxe=1&amp;cookie=ID%3D30782decc329f734-22eb80b24e7b0022%3AT%3D1636373892%3ART%3D1636373892%3AS%3DALNI_MbrApdiDMVoxlMuQV9k-0KV4iI1Dg&amp;prev_fmts=0x0&amp;nras=1&amp;correlator=4711265817009&amp;frm=20&amp;pv=1&amp;ga_vid=1903971210.1597664135&amp;ga_sid=1639135971&amp;ga_hid=1255734878&amp;ga_fc=1&amp;u_tz=-180&amp;u_his=8&amp;u_h=1005&amp;u_w=1787&amp;u_ah=960&amp;u_aw=1787&amp;u_cd=24&amp;u_sd=0.896&amp;adx=199&amp;ady=1243&amp;biw=1768&amp;bih=834&amp;scr_x=0&amp;scr_y=536&amp;eid=44750774%2C21066428%2C31063867%2C31063906&amp;oid=2&amp;pvsid=1028677153922173&amp;pem=674&amp;tmod=780&amp;ref=https%3A%2F%2Fwww.noticiasaominuto.com.br%2Fbrasil&amp;eae=0&amp;fc=1920&amp;brdim=-9%2C-9%2C-9%2C-9%2C1787%2C0%2C1796%2C973%2C1787%2C834&amp;vis=1&amp;rsz=%7C%7CleE%7C&amp;abl=CS&amp;pfx=0&amp;fu=0&amp;bc=31&amp;ifi=2&amp;uci=a!2&amp;fsb=1&amp;xpc=fnj8UPcv1f&amp;p=https%3A\/\/www.noticiasaominuto.com.br&amp;dtd=1541\" name=\"aswift_1\" width=\"300\" height=\"250\" frameborder=\"0\" marginwidth=\"0\" marginheight=\"0\" scrolling=\"no\" sandbox=\"allow-forms allow-popups allow-popups-to-escape-sandbox allow-same-origin allow-scripts allow-top-navigation-by-user-activation\" allowfullscreen=\"allowfullscreen\" data-google-container-id=\"a!2\" data-load-complete=\"true\" data-google-query-id=\"CJKznqqR2fQCFZ8muQYdZScBFQ\" data-mce-fragment=\"1\"><\/iframe><\/ins><\/ins><\/ins><\/div>\n<\/div>\n<div class=\"dummyPub\" style=\"text-align: justify;\"><\/div>\n<p style=\"text-align: justify;\">De acordo com o Conselho Nacional de Secret\u00e1rios de Sa\u00fade (CONASS), o pa\u00eds chegou assim, hoje aos 22.177.059 casos de infe\u00e7\u00e3o j\u00e1 diagnosticados, e \u00e0s 616.457 mortes relacionadas com o novo coronav\u00edrus, desde que a pandemia chegou ao pa\u00eds.<\/p>\n<div class=\"twitter-tweet twitter-tweet-rendered\" style=\"text-align: justify;\"><iframe id=\"twitter-widget-0\" class=\"\" title=\"Twitter Tweet\" src=\"https:\/\/platform.twitter.com\/embed\/Tweet.html?dnt=false&amp;embedId=twitter-widget-0&amp;features=eyJ0ZndfZXhwZXJpbWVudHNfY29va2llX2V4cGlyYXRpb24iOnsiYnVja2V0IjoxMjA5NjAwLCJ2ZXJzaW9uIjpudWxsfSwidGZ3X2hvcml6b25fdHdlZXRfZW1iZWRfOTU1NSI6eyJidWNrZXQiOiJodGUiLCJ2ZXJzaW9uIjpudWxsfSwidGZ3X3NwYWNlX2NhcmQiOnsiYnVja2V0Ijoib2ZmIiwidmVyc2lvbiI6bnVsbH19&amp;frame=false&amp;hideCard=false&amp;hideThread=false&amp;id=1469049345257398279&amp;lang=pt&amp;origin=https%3A%2F%2Fwww.noticiasaominuto.com.br%2Fbrasil%2F1867489%2Fbrasil-registra-206-mortes-e-9-278-casos-de-covid-19-nas-ltimas-24-horas&amp;sessionId=6ae8e7dcf8de4392f66656b100bb4683d9da5d7d&amp;siteScreenName=noticiaaominutobr&amp;theme=light&amp;widgetsVersion=9fd78d5%3A1638479056965&amp;width=550px\" frameborder=\"0\" scrolling=\"no\" allowfullscreen=\"allowfullscreen\" data-tweet-id=\"1469049345257398279\" data-mce-fragment=\"1\"><\/iframe><\/div>\n<p style=\"text-align: justify;\">\n<p style=\"text-align: justify;\">No Brasil j\u00e1 foram dadas 315.180.274 doses de vacina desde o in\u00edcio da pandemia.<\/p>\n<p style=\"text-align: justify;\">Hoje, em especial, o Conselho Nacional de Secret\u00e1rios de Sa\u00fade (CONASS) fez quest\u00e3o de assinalar o relat\u00f3rio de situa\u00e7\u00e3o Covid n\u00famero 550 emitido pelo governo brasileiro.<\/p>\n<div class=\"twitter-tweet twitter-tweet-rendered\" style=\"text-align: justify;\"><iframe id=\"twitter-widget-1\" class=\"\" title=\"Twitter Tweet\" src=\"https:\/\/platform.twitter.com\/embed\/Tweet.html?dnt=false&amp;embedId=twitter-widget-1&amp;features=eyJ0ZndfZXhwZXJpbWVudHNfY29va2llX2V4cGlyYXRpb24iOnsiYnVja2V0IjoxMjA5NjAwLCJ2ZXJzaW9uIjpudWxsfSwidGZ3X2hvcml6b25fdHdlZXRfZW1iZWRfOTU1NSI6eyJidWNrZXQiOiJodGUiLCJ2ZXJzaW9uIjpudWxsfSwidGZ3X3NwYWNlX2NhcmQiOnsiYnVja2V0Ijoib2ZmIiwidmVyc2lvbiI6bnVsbH19&amp;frame=false&amp;hideCard=false&amp;hideThread=false&amp;id=1469049351284666376&amp;lang=pt&amp;origin=https%3A%2F%2Fwww.noticiasaominuto.com.br%2Fbrasil%2F1867489%2Fbrasil-registra-206-mortes-e-9-278-casos-de-covid-19-nas-ltimas-24-horas&amp;sessionId=6ae8e7dcf8de4392f66656b100bb4683d9da5d7d&amp;siteScreenName=noticiaaominutobr&amp;theme=light&amp;widgetsVersion=9fd78d5%3A1638479056965&amp;width=550px\" frameborder=\"0\" scrolling=\"no\" allowfullscreen=\"allowfullscreen\" data-tweet-id=\"1469049351284666376\" data-mce-fragment=\"1\"><\/iframe><\/div>\n<div style=\"text-align: justify;\">Fonte: <a href=\"https:\/\/www.noticiasaominuto.com.br\/brasil\/1867489\/brasil-registra-206-mortes-e-9-278-casos-de-covid-19-nas-ltimas-24-horas\" target=\"_blank\" rel=\"noopener\">Not\u00edcias ao Minuto<\/a><\/div>\n","protected":false},"excerpt":{"rendered":"<p>O Brasil j\u00e1 registrou 616.457 mortes relacionadas com o novo coronav\u00edrus, desde que a pandemia chegou ao pa\u00eds As autoridades de sa\u00fade reportaram, esta quinta-feira (9), mais 9.278 casos de Covid-19 e 206 mortes devido \u00e0 doen\u00e7a, nas \u00faltimas 24 horas, num momento em que os n\u00fameros baixam relativamente em rela\u00e7\u00e3o a ontem. De acordo<a class=\"moretag\" href=\"http:\/\/sindiquimicabr.com.br\/index.php\/2021\/12\/10\/brasil-registra-206-mortes-e-9-278-casos-de-covid-19-nas-ultimas-24-horas\/\"> [&#8230;]<\/a><\/p>\n","protected":false},"author":2,"featured_media":12823,"comment_status":"closed","ping_status":"closed","sticky":false,"template":"","format":"standard","meta":[],"categories":[9],"tags":[],"_links":{"self":[{"href":"http:\/\/sindiquimicabr.com.br\/index.php\/wp-json\/wp\/v2\/posts\/12820"}],"collection":[{"href":"http:\/\/sindiquimicabr.com.br\/index.php\/wp-json\/wp\/v2\/posts"}],"about":[{"href":"http:\/\/sindiquimicabr.com.br\/index.php\/wp-json\/wp\/v2\/types\/post"}],"author":[{"embeddable":true,"href":"http:\/\/sindiquimicabr.com.br\/index.php\/wp-json\/wp\/v2\/users\/2"}],"replies":[{"embeddable":true,"href":"http:\/\/sindiquimicabr.com.br\/index.php\/wp-json\/wp\/v2\/comments?post=12820"}],"version-history":[{"count":2,"href":"http:\/\/sindiquimicabr.com.br\/index.php\/wp-json\/wp\/v2\/posts\/12820\/revisions"}],"predecessor-version":[{"id":12824,"href":"http:\/\/sindiquimicabr.com.br\/index.php\/wp-json\/wp\/v2\/posts\/12820\/revisions\/12824"}],"wp:featuredmedia":[{"embeddable":true,"href":"http:\/\/sindiquimicabr.com.br\/index.php\/wp-json\/wp\/v2\/media\/12823"}],"wp:attachment":[{"href":"http:\/\/sindiquimicabr.com.br\/index.php\/wp-json\/wp\/v2\/media?parent=12820"}],"wp:term":[{"taxonomy":"category","embeddable":true,"href":"http:\/\/sindiquimicabr.com.br\/index.php\/wp-json\/wp\/v2\/categories?post=12820"},{"taxonomy":"post_tag","embeddable":true,"href":"http:\/\/sindiquimicabr.com.br\/index.php\/wp-json\/wp\/v2\/tags?post=12820"}],"curies":[{"name":"wp","href":"https:\/\/api.w.org\/{rel}","templated":true}]}}