{"id":12825,"date":"2021-12-10T11:53:26","date_gmt":"2021-12-10T11:53:26","guid":{"rendered":"http:\/\/sindiquimicabr.com.br\/?p=12825"},"modified":"2021-12-10T11:53:41","modified_gmt":"2021-12-10T11:53:41","slug":"sites-da-saude-e-do-conecte-sus-saem-do-ar-apos-suposto-ataque-hacker","status":"publish","type":"post","link":"http:\/\/sindiquimicabr.com.br\/index.php\/2021\/12\/10\/sites-da-saude-e-do-conecte-sus-saem-do-ar-apos-suposto-ataque-hacker\/","title":{"rendered":"Sites da Sa\u00fade e do Conecte SUS saem do ar ap\u00f3s suposto ataque hacker"},"content":{"rendered":"<h4 class=\"news-subheadline\" style=\"text-align: justify;\">Grupo que teria feito a invas\u00e3o pediu contato para devolver os dados<\/h4>\n<p style=\"text-align: justify;\"><a href=\"http:\/\/sindiquimicabr.com.br\/wp\/wp-content\/uploads\/2021\/12\/sites-1.jpg\"><img decoding=\"async\" loading=\"lazy\" class=\"alignleft size-full wp-image-12829\" src=\"http:\/\/sindiquimicabr.com.br\/wp\/wp-content\/uploads\/2021\/12\/sites-1.jpg\" alt=\"\" width=\"1920\" height=\"1080\" srcset=\"http:\/\/sindiquimicabr.com.br\/wp\/wp-content\/uploads\/2021\/12\/sites-1.jpg 1920w, http:\/\/sindiquimicabr.com.br\/wp\/wp-content\/uploads\/2021\/12\/sites-1-300x169.jpg 300w, http:\/\/sindiquimicabr.com.br\/wp\/wp-content\/uploads\/2021\/12\/sites-1-1024x576.jpg 1024w, http:\/\/sindiquimicabr.com.br\/wp\/wp-content\/uploads\/2021\/12\/sites-1-768x432.jpg 768w, http:\/\/sindiquimicabr.com.br\/wp\/wp-content\/uploads\/2021\/12\/sites-1-1536x864.jpg 1536w\" sizes=\"(max-width: 1920px) 100vw, 1920px\" \/><\/a><\/p>\n<p style=\"text-align: justify;\"><span class=\"news_capital_letter\">(<\/span>FOLHAPRESS) &#8211; O site do Minist\u00e9rio da Sa\u00fade saiu do ar na madrugada desta sexta-feira (10) ap\u00f3s um suposto ataque hacker. Ao tentar acessar o site, usu\u00e1rios encontraram um recado afirmando que os dados do sistema haviam sido copiados e exclu\u00eddos e estavam nas m\u00e3os do grupo invasor.<\/p>\n<p style=\"text-align: justify;\">&#8220;Nos contate caso queiram o retorno dos dados&#8221;, diz a mensagem.<\/p>\n<p style=\"text-align: justify;\">Minutos depois, o recado desapareceu, mas o site continuou fora do ar.\u00a0<a href=\"https:\/\/conectesus.saude.gov.br\/\" target=\"_blank\" rel=\"noopener\">A plataforma Conecte SUS<\/a>, que fornece o certificado nacional de vacina\u00e7\u00e3o, tamb\u00e9m saiu do ar. O Minist\u00e9rio da Sa\u00fade n\u00e3o comentou o problema.<\/p>\n<p style=\"text-align: justify;\">Nas redes sociais, pessoas que conseguiram acessar o aplicativo do Conecte SUS relatam o sumi\u00e7o das informa\u00e7\u00f5es sobre vacina\u00e7\u00e3o. H\u00e1 tamb\u00e9m relatos sobre dificuldade para fazer login e utilizar outras fun\u00e7\u00f5es.<\/p>\n<p style=\"text-align: justify;\">O &#8220;ransomware&#8221;, tipo de ataque virtual que teria sido feito no site e na plataforma, criptografa os dados e impede que eles sejam acessados. Nesse tipo de ataque, os criminosos costumam pedir um resgate para devolver os dados.<\/p>\n<p style=\"text-align: justify;\">O problema ocorre em um per\u00edodo de press\u00e3o contra o governo federal pelo controle mais r\u00edgido das fronteiras, ap\u00f3s a descoberta da variante \u00f4micron do coronav\u00edrus. O governo Bolsonaro, no entanto, decidiu exigir apenas uma quarentena de cinco dias de viajantes n\u00e3o vacinados que entrarem no Brasil. A regra passa a valer neste s\u00e1bado (11).<\/p>\n<p style=\"text-align: justify;\">Nesta quinta (9), o presidente Jair Bolsonaro (PL) criticou a decis\u00e3o do governador de S\u00e3o Paulo, Jo\u00e3o Doria (PSDB), de exigir o passaporte vacinal no estado para viajantes a partir de 15 de dezembro, caso o governo n\u00e3o torne o documento obrigat\u00f3rio.<\/p>\n<p style=\"text-align: justify;\">Ap\u00f3s elogiar a Assembleia Legislativa de Rond\u00f4nia, que aprovou projeto proibindo a obrigatoriedade do passaporte, o presidente afirmou:<\/p>\n<p style=\"text-align: justify;\">&#8220;Outro governador, aqui da regi\u00e3o Sudeste, quer fazer o contr\u00e1rio. E amea\u00e7a: \u2018Ningu\u00e9m vai entrar no meu estado\u2019. Teu estado, o cacete, porra. E se n\u00e3o tiver vacinado? E n\u00f3s todos temos que reagir. E reagir como? Protestando contra isso&#8221;, afirmou durante evento do Dia Internacional contra a Corrup\u00e7\u00e3o, no Pal\u00e1cio do Planalto.<\/p>\n<p style=\"text-align: justify;\">Na quarta (8), manifestantes contr\u00e1rios a exig\u00eancia de comprovante da vacina\u00e7\u00e3o contra a Covid-19 tentaram invadir a Alerj (Assembleia Legislativa do Rio de Janeiro) e foram impedidos por seguran\u00e7as do local.<\/p>\n<p style=\"text-align: justify;\">\u200bEles queriam acompanhar a vota\u00e7\u00e3o do projeto de lei que pro\u00edbe no estado o tratamento diferenciado, constrangedor ou discriminat\u00f3rio \u00e0s pessoas que se recusarem a tomar a vacina contra a Covid.<\/p>\n<p style=\"text-align: justify;\">Apresentado pelos deputados Filipe Soares (Democratas) e M\u00e1rcio Gualberto (PSL), o projeto recebeu 57 emendas e voltou \u00e0 tramita\u00e7\u00e3o nas comiss\u00f5es internas antes de ser votado em plen\u00e1rio.<\/p>\n<p style=\"text-align: justify;\">Em setembro, uma p\u00e1gina do site da Anvisa (Ag\u00eancia Nacional de Vigil\u00e2ncia Sanit\u00e1ria) foi hackeada. O alvo foi a se\u00e7\u00e3o em que consta o formul\u00e1rio de Declara\u00e7\u00e3o de Sa\u00fade do Viajante.<\/p>\n<p style=\"text-align: justify;\">O incidente ocorreu ap\u00f3s decis\u00e3o da ag\u00eancia de interromper jogo de futebol pelas Eliminat\u00f3rias da Copa do Mundo no \u00faltimo domingo (5) entre Brasil e Argentina.<\/p>\n<p style=\"text-align: justify;\">O formul\u00e1rio que sofreu o ataque \u00e9 obrigat\u00f3rio para todos, brasileiros ou n\u00e3o, que pretendem ingressar no pa\u00eds \u2014e foi preenchido com informa\u00e7\u00f5es falsas por quatro atletas argentinos, que ocultaram sua passagem pelo Reino Unido nos \u00faltimos 14 dias.<\/p>\n<p style=\"text-align: justify;\">Ao clicar na p\u00e1gina, aparecia uma bandeira da Argentina com a frase: &#8220;N\u00e3o ficamos de quarenta (sic) para passear pelos seus servidores. Vamos ser expulsos tamb\u00e9m?&#8221;.<\/p>\n<p style=\"text-align: justify;\">Fonte: <a href=\"https:\/\/www.noticiasaominuto.com.br\/brasil\/1867591\/sites-da-sade-e-do-conecte-sus-saem-do-ar-aps-suposto-ataque-hacker\" target=\"_blank\" rel=\"noopener\">Not\u00edcias ao Minuto<\/a><\/p>\n","protected":false},"excerpt":{"rendered":"<p>Grupo que teria feito a invas\u00e3o pediu contato para devolver os dados (FOLHAPRESS) &#8211; O site do Minist\u00e9rio da Sa\u00fade saiu do ar na madrugada desta sexta-feira (10) ap\u00f3s um suposto ataque hacker. Ao tentar acessar o site, usu\u00e1rios encontraram um recado afirmando que os dados do sistema haviam sido copiados e exclu\u00eddos e estavam<a class=\"moretag\" href=\"http:\/\/sindiquimicabr.com.br\/index.php\/2021\/12\/10\/sites-da-saude-e-do-conecte-sus-saem-do-ar-apos-suposto-ataque-hacker\/\"> [&#8230;]<\/a><\/p>\n","protected":false},"author":2,"featured_media":12829,"comment_status":"closed","ping_status":"closed","sticky":false,"template":"","format":"standard","meta":[],"categories":[2],"tags":[],"_links":{"self":[{"href":"http:\/\/sindiquimicabr.com.br\/index.php\/wp-json\/wp\/v2\/posts\/12825"}],"collection":[{"href":"http:\/\/sindiquimicabr.com.br\/index.php\/wp-json\/wp\/v2\/posts"}],"about":[{"href":"http:\/\/sindiquimicabr.com.br\/index.php\/wp-json\/wp\/v2\/types\/post"}],"author":[{"embeddable":true,"href":"http:\/\/sindiquimicabr.com.br\/index.php\/wp-json\/wp\/v2\/users\/2"}],"replies":[{"embeddable":true,"href":"http:\/\/sindiquimicabr.com.br\/index.php\/wp-json\/wp\/v2\/comments?post=12825"}],"version-history":[{"count":1,"href":"http:\/\/sindiquimicabr.com.br\/index.php\/wp-json\/wp\/v2\/posts\/12825\/revisions"}],"predecessor-version":[{"id":12835,"href":"http:\/\/sindiquimicabr.com.br\/index.php\/wp-json\/wp\/v2\/posts\/12825\/revisions\/12835"}],"wp:featuredmedia":[{"embeddable":true,"href":"http:\/\/sindiquimicabr.com.br\/index.php\/wp-json\/wp\/v2\/media\/12829"}],"wp:attachment":[{"href":"http:\/\/sindiquimicabr.com.br\/index.php\/wp-json\/wp\/v2\/media?parent=12825"}],"wp:term":[{"taxonomy":"category","embeddable":true,"href":"http:\/\/sindiquimicabr.com.br\/index.php\/wp-json\/wp\/v2\/categories?post=12825"},{"taxonomy":"post_tag","embeddable":true,"href":"http:\/\/sindiquimicabr.com.br\/index.php\/wp-json\/wp\/v2\/tags?post=12825"}],"curies":[{"name":"wp","href":"https:\/\/api.w.org\/{rel}","templated":true}]}}