{"id":12839,"date":"2021-12-13T11:45:53","date_gmt":"2021-12-13T11:45:53","guid":{"rendered":"http:\/\/sindiquimicabr.com.br\/?p=12839"},"modified":"2021-12-13T12:03:24","modified_gmt":"2021-12-13T12:03:24","slug":"bolsonaro-errou-ao-dizer-que-procuradores-escreviam-as-delacoes-diz-deltan","status":"publish","type":"post","link":"http:\/\/sindiquimicabr.com.br\/index.php\/2021\/12\/13\/bolsonaro-errou-ao-dizer-que-procuradores-escreviam-as-delacoes-diz-deltan\/","title":{"rendered":"&#8216;Bolsonaro errou ao dizer que procuradores escreviam as dela\u00e7\u00f5es&#8217;, diz Deltan"},"content":{"rendered":"<h4 class=\"news-subheadline\">Desde a filia\u00e7\u00e3o do ex-juiz S\u00e9rgio Moro e de Deltan ao Podemos, o presidente destina ataques com mais frequ\u00eancia a eles e \u00e0 Lava Jato<\/h4>\n<div class=\"news-main-image \"><picture><source srcset=\"https:\/\/media-manager.noticiasaominuto.com.br\/640\/naom_5da11258f41a8.jpg\" media=\"(max-width: 640px)\"><source srcset=\"https:\/\/media-manager.noticiasaominuto.com.br\/960\/naom_5da11258f41a8.jpg\" media=\"(max-width: 960px)\"><img decoding=\"async\" class=\"img-responsive \" src=\"https:\/\/media-manager.noticiasaominuto.com.br\/1920\/naom_5da11258f41a8.jpg\" alt=\"'Bolsonaro errou ao dizer que procuradores escreviam as dela\u00e7\u00f5es', diz Deltan\"> <\/picture><\/div>\n<div class=\"row news-main-text-container\">\n<div class=\"col-lg-12 col-md-12 col-sm-12 col-xs-12\">\n<div class=\"news-main-text\">\n<p style=\"text-align: justify;\"><span class=\"news_capital_letter\">O<\/span> ex-procurador da Rep\u00fablica Deltan Dallagnol, rec\u00e9m-filiado ao Podemos, rebateu neste domingo, 13, a fala do presidente Jair Bolsonaro (PL) &#8211; que disse que ele se negou a receber Deltan em audi\u00eancia no Planalto em 2019, antes de escolher Augusto Aras como procurador-geral da Rep\u00fablica &#8211; e a acusa\u00e7\u00e3o de que a Opera\u00e7\u00e3o Lava Jato produziu depoimentos.<\/p>\n<p style=\"text-align: justify;\">&#8220;O presidente Bolsonaro errou ao dizer que os procuradores escreviam as dela\u00e7\u00f5es dos colaboradores, talvez porque ele n\u00e3o teve a oportunidade de conhecer melhor o nosso trabalho na Lava Jato&#8221;, disse Deltan. &#8220;Todos os acordos de coopera\u00e7\u00e3o foram negociados pela defesa e os fatos e as provas foram trazidos espontaneamente.&#8221;<\/p>\n<p style=\"text-align: justify;\">Sobre o pedido de encontro, Deltan disse que jamais pediu reuni\u00e3o com Bolsonaro, &#8220;nem depois da indica\u00e7\u00e3o do procurador-geral da Rep\u00fablica&#8221;. De acordo com o ex-procurador, interlocutores do Planalto o procuraram em 2019 para perguntar se ele aceitaria uma reuni\u00e3o com Bolsonaro. A oferta, aponta o ex-procurador, foi recusada. &#8220;A nossa equipe de procuradores entendeu que os encontros n\u00e3o seriam apropriados porque alimentariam questionamentos infundados sobre nosso trabalho&#8221;, disse.<\/p>\n<p style=\"text-align: justify;\">Desde a filia\u00e7\u00e3o do ex-juiz S\u00e9rgio Moro e de Deltan ao Podemos, o presidente destina ataques com mais frequ\u00eancia a eles e \u00e0 Lava Jato. No domingo, Bolsonaro divulgou um conte\u00fado do influencer conservador Kim Paim.<\/p>\n<p style=\"text-align: justify;\">O influenciador afirma que Moro foi parcial quando juiz na Lava Jato ao mostrar que n\u00e3o houve nenhuma investiga\u00e7\u00e3o aberta contra o senador Alvaro Dias (Podemos-PR) &#8211; patrono de Moro no partido &#8211; na \u00e9poca filiado ao PSDB, citado em depoimentos da Opera\u00e7\u00e3o Lava Jato. No v\u00eddeo, o youtuber chama ainda Dallagnol de lulista e diz que Moro se ligou a mensaleiros.<\/p>\n<p style=\"text-align: justify;\">Deltan defendeu a Lava Jato dizendo que o argumento de que a Lava Jato protegeu parlamentares &#8220;n\u00e3o faz nem sentido&#8221;, porque eles t\u00eam foro privilegiado pelo Supremo Tribunal Federal (STF).<\/p>\n<p style=\"text-align: justify;\">O ex-procurador se filiou ao Podemos na \u00faltima sexta-feira, 10, e pretende concorrer a um cargo de deputado federal. Durante discurso no evento, o ex-procurador da Lava Jato resgatou o que toma como avan\u00e7os da Lava Jato e criticou as medidas do Congresso e do STF.<\/p>\n<p style=\"text-align: justify;\">No v\u00eddeo publicado no domingo, ele diz que o procurador-geral da Rep\u00fablica escolhido por Bolsonaro, Augusto Aras, &#8220;acabou com a Lava Jato&#8221; e defendeu o fim do foro privilegiado. A filia\u00e7\u00e3o de Dallagnol faz parte do esfor\u00e7o do Podemos em criar uma &#8220;bancada da Lava Jato&#8221; com ex-integrantes do Judici\u00e1rio e do Minist\u00e9rio P\u00fablico. Al\u00e9m de Deltan e Moro, o ex-procurador-geral da Rep\u00fablica Rodrigo Janot tamb\u00e9m deve se filiar \u00e0 legenda.<\/p>\n<\/div>\n<\/div>\n<p>Fonte: <a href=\"https:\/\/www.noticiasaominuto.com.br\/politica\/1868203\/bolsonaro-errou-ao-dizer-que-procuradores-escreviam-as-delacoes-diz-deltan\">Noticias ao Minuto<\/a><\/p>\n<\/div>\n","protected":false},"excerpt":{"rendered":"<p>Desde a filia\u00e7\u00e3o do ex-juiz S\u00e9rgio Moro e de Deltan ao Podemos, o presidente destina ataques com mais frequ\u00eancia a eles e \u00e0 Lava Jato O ex-procurador da Rep\u00fablica Deltan Dallagnol, rec\u00e9m-filiado ao Podemos, rebateu neste domingo, 13, a fala do presidente Jair Bolsonaro (PL) &#8211; que disse que ele se negou a receber Deltan<a class=\"moretag\" href=\"http:\/\/sindiquimicabr.com.br\/index.php\/2021\/12\/13\/bolsonaro-errou-ao-dizer-que-procuradores-escreviam-as-delacoes-diz-deltan\/\"> [&#8230;]<\/a><\/p>\n","protected":false},"author":2,"featured_media":12861,"comment_status":"closed","ping_status":"closed","sticky":false,"template":"","format":"standard","meta":[],"categories":[10],"tags":[],"_links":{"self":[{"href":"http:\/\/sindiquimicabr.com.br\/index.php\/wp-json\/wp\/v2\/posts\/12839"}],"collection":[{"href":"http:\/\/sindiquimicabr.com.br\/index.php\/wp-json\/wp\/v2\/posts"}],"about":[{"href":"http:\/\/sindiquimicabr.com.br\/index.php\/wp-json\/wp\/v2\/types\/post"}],"author":[{"embeddable":true,"href":"http:\/\/sindiquimicabr.com.br\/index.php\/wp-json\/wp\/v2\/users\/2"}],"replies":[{"embeddable":true,"href":"http:\/\/sindiquimicabr.com.br\/index.php\/wp-json\/wp\/v2\/comments?post=12839"}],"version-history":[{"count":2,"href":"http:\/\/sindiquimicabr.com.br\/index.php\/wp-json\/wp\/v2\/posts\/12839\/revisions"}],"predecessor-version":[{"id":12862,"href":"http:\/\/sindiquimicabr.com.br\/index.php\/wp-json\/wp\/v2\/posts\/12839\/revisions\/12862"}],"wp:featuredmedia":[{"embeddable":true,"href":"http:\/\/sindiquimicabr.com.br\/index.php\/wp-json\/wp\/v2\/media\/12861"}],"wp:attachment":[{"href":"http:\/\/sindiquimicabr.com.br\/index.php\/wp-json\/wp\/v2\/media?parent=12839"}],"wp:term":[{"taxonomy":"category","embeddable":true,"href":"http:\/\/sindiquimicabr.com.br\/index.php\/wp-json\/wp\/v2\/categories?post=12839"},{"taxonomy":"post_tag","embeddable":true,"href":"http:\/\/sindiquimicabr.com.br\/index.php\/wp-json\/wp\/v2\/tags?post=12839"}],"curies":[{"name":"wp","href":"https:\/\/api.w.org\/{rel}","templated":true}]}}