{"id":12842,"date":"2021-12-13T11:50:39","date_gmt":"2021-12-13T11:50:39","guid":{"rendered":"http:\/\/sindiquimicabr.com.br\/?p=12842"},"modified":"2021-12-13T11:59:49","modified_gmt":"2021-12-13T11:59:49","slug":"guedes-nao-fui-eu-quem-tentou-flexibilizar-o-teto","status":"publish","type":"post","link":"http:\/\/sindiquimicabr.com.br\/index.php\/2021\/12\/13\/guedes-nao-fui-eu-quem-tentou-flexibilizar-o-teto\/","title":{"rendered":"Guedes: N\u00e3o fui eu quem tentou flexibilizar o teto"},"content":{"rendered":"<h4 class=\"news-subheadline\" style=\"text-align: justify;\">Em outubro, Guedes disse que era melhor uma &#8220;licen\u00e7a para gastar&#8221; para viabilizar a cria\u00e7\u00e3o de programas sociais em 2022<\/h4>\n<p style=\"text-align: justify;\"><a href=\"http:\/\/sindiquimicabr.com.br\/wp\/wp-content\/uploads\/2021\/12\/Guedes-Nao-fui-eu-quem-tentou-flexibilizar-o-teto.jpg\"><img decoding=\"async\" loading=\"lazy\" class=\"alignleft size-full wp-image-12845\" src=\"http:\/\/sindiquimicabr.com.br\/wp\/wp-content\/uploads\/2021\/12\/Guedes-Nao-fui-eu-quem-tentou-flexibilizar-o-teto.jpg\" alt=\"\" width=\"1920\" height=\"1080\" srcset=\"http:\/\/sindiquimicabr.com.br\/wp\/wp-content\/uploads\/2021\/12\/Guedes-Nao-fui-eu-quem-tentou-flexibilizar-o-teto.jpg 1920w, http:\/\/sindiquimicabr.com.br\/wp\/wp-content\/uploads\/2021\/12\/Guedes-Nao-fui-eu-quem-tentou-flexibilizar-o-teto-300x169.jpg 300w, http:\/\/sindiquimicabr.com.br\/wp\/wp-content\/uploads\/2021\/12\/Guedes-Nao-fui-eu-quem-tentou-flexibilizar-o-teto-1024x576.jpg 1024w, http:\/\/sindiquimicabr.com.br\/wp\/wp-content\/uploads\/2021\/12\/Guedes-Nao-fui-eu-quem-tentou-flexibilizar-o-teto-768x432.jpg 768w, http:\/\/sindiquimicabr.com.br\/wp\/wp-content\/uploads\/2021\/12\/Guedes-Nao-fui-eu-quem-tentou-flexibilizar-o-teto-1536x864.jpg 1536w\" sizes=\"(max-width: 1920px) 100vw, 1920px\" \/><\/a><\/p>\n<p style=\"text-align: justify;\"><span class=\"news_capital_letter\">O<\/span> ministro da Economia, Paulo Guedes, disse em entrevista \u00e0 Band exibida neste domingo, 12, que n\u00e3o foi ele quem tentou flexibilizar o teto de gastos. &#8220;Tinha preferido fazer o waiver&#8221;, repetiu o ministro. Em outubro, Guedes disse que era melhor uma &#8220;licen\u00e7a para gastar&#8221; para viabilizar a cria\u00e7\u00e3o de programas sociais em 2022.<\/p>\n<p style=\"text-align: justify;\">Ao avaliar as mudan\u00e7as na regra do teto de gastos, Guedes disse que o espa\u00e7o aberto &#8220;acabou&#8221; e n\u00e3o &#8220;sobrou nada para fazer pol\u00edtica&#8221;, citando especificamente as emendas de relator do or\u00e7amento (RP9).<\/p>\n<p style=\"text-align: justify;\">Sobre essas emendas, Guedes disse que elas n\u00e3o foram criadas sob a gest\u00e3o de Arthur Lira (PP-AL), aliado do presidente Jair Bolsonaro (PL), na presid\u00eancia da C\u00e2mara dos Deputados. O ministro disse que elas foram criadas &#8220;l\u00e1 atr\u00e1s&#8221; e que o valor reservado agora para os parlamentares \u00e9 menor quando comparado \u00e0 \u00e9poca da gest\u00e3o de Rodrigo Maia (DEM-RJ) na C\u00e2mara.<\/p>\n<p style=\"text-align: justify;\">Do espa\u00e7o aberto, Guedes disse que R$ 55 bilh\u00f5es ser\u00e3o consumidos pelo Aux\u00edlio Brasil e os R$ 8 bilh\u00f5es restantes, em suas contas, para a desonera\u00e7\u00e3o da folha de pagamentos. O novo programa social, segundo Guedes, vai abranger 17 milh\u00f5es de fam\u00edlias, com, em m\u00e9dia, tr\u00eas membros cada. Nenhuma fam\u00edlia, disse, receber\u00e1 menos de R$ 400.<\/p>\n<p style=\"text-align: justify;\">Na entrevista, Guedes tamb\u00e9m voltou a dizer que o apoio de Bolsonaro ao seu programa econ\u00f4mico &#8220;n\u00e3o \u00e9 de 99%&#8221; como diria o presidente. &#8220;\u00c9 bem menor&#8221;, comentou o ministro, que em outro momento da entrevista falou que o apoio seria abaixo de 60%.<\/p>\n<p style=\"text-align: justify;\">Fonte: <a href=\"https:\/\/www.noticiasaominuto.com.br\/economia\/1868248\/guedes-nao-fui-eu-quem-tentou-flexibilizar-o-teto\" target=\"_blank\" rel=\"noopener\">Not\u00edcias ao Minuto<\/a><\/p>\n","protected":false},"excerpt":{"rendered":"<p>Em outubro, Guedes disse que era melhor uma &#8220;licen\u00e7a para gastar&#8221; para viabilizar a cria\u00e7\u00e3o de programas sociais em 2022 O ministro da Economia, Paulo Guedes, disse em entrevista \u00e0 Band exibida neste domingo, 12, que n\u00e3o foi ele quem tentou flexibilizar o teto de gastos. &#8220;Tinha preferido fazer o waiver&#8221;, repetiu o ministro. Em<a class=\"moretag\" href=\"http:\/\/sindiquimicabr.com.br\/index.php\/2021\/12\/13\/guedes-nao-fui-eu-quem-tentou-flexibilizar-o-teto\/\"> [&#8230;]<\/a><\/p>\n","protected":false},"author":2,"featured_media":12845,"comment_status":"closed","ping_status":"closed","sticky":false,"template":"","format":"standard","meta":[],"categories":[9],"tags":[],"_links":{"self":[{"href":"http:\/\/sindiquimicabr.com.br\/index.php\/wp-json\/wp\/v2\/posts\/12842"}],"collection":[{"href":"http:\/\/sindiquimicabr.com.br\/index.php\/wp-json\/wp\/v2\/posts"}],"about":[{"href":"http:\/\/sindiquimicabr.com.br\/index.php\/wp-json\/wp\/v2\/types\/post"}],"author":[{"embeddable":true,"href":"http:\/\/sindiquimicabr.com.br\/index.php\/wp-json\/wp\/v2\/users\/2"}],"replies":[{"embeddable":true,"href":"http:\/\/sindiquimicabr.com.br\/index.php\/wp-json\/wp\/v2\/comments?post=12842"}],"version-history":[{"count":2,"href":"http:\/\/sindiquimicabr.com.br\/index.php\/wp-json\/wp\/v2\/posts\/12842\/revisions"}],"predecessor-version":[{"id":12847,"href":"http:\/\/sindiquimicabr.com.br\/index.php\/wp-json\/wp\/v2\/posts\/12842\/revisions\/12847"}],"wp:featuredmedia":[{"embeddable":true,"href":"http:\/\/sindiquimicabr.com.br\/index.php\/wp-json\/wp\/v2\/media\/12845"}],"wp:attachment":[{"href":"http:\/\/sindiquimicabr.com.br\/index.php\/wp-json\/wp\/v2\/media?parent=12842"}],"wp:term":[{"taxonomy":"category","embeddable":true,"href":"http:\/\/sindiquimicabr.com.br\/index.php\/wp-json\/wp\/v2\/categories?post=12842"},{"taxonomy":"post_tag","embeddable":true,"href":"http:\/\/sindiquimicabr.com.br\/index.php\/wp-json\/wp\/v2\/tags?post=12842"}],"curies":[{"name":"wp","href":"https:\/\/api.w.org\/{rel}","templated":true}]}}