{"id":12849,"date":"2021-12-13T11:55:45","date_gmt":"2021-12-13T11:55:45","guid":{"rendered":"http:\/\/sindiquimicabr.com.br\/?p=12849"},"modified":"2021-12-13T12:00:06","modified_gmt":"2021-12-13T12:00:06","slug":"alimentos-e-presentes-pressionam-inflacao-do-natal","status":"publish","type":"post","link":"http:\/\/sindiquimicabr.com.br\/index.php\/2021\/12\/13\/alimentos-e-presentes-pressionam-inflacao-do-natal\/","title":{"rendered":"Alimentos e presentes pressionam infla\u00e7\u00e3o do Natal"},"content":{"rendered":"<h4 class=\"news-subheadline\">Ela ficou abaixo da infla\u00e7\u00e3o medida pelo \u00cdndice de Pre\u00e7os ao Consumidor (IPC), da FGV, (9,88%) de dezembro de 2020 at\u00e9 novembro deste ano<\/h4>\n<div class=\"news-main-image \"><picture><source srcset=\"https:\/\/media-manager.noticiasaominuto.com.br\/640\/naom_5f7314a904b43.jpg\" media=\"(max-width: 640px)\"><source srcset=\"https:\/\/media-manager.noticiasaominuto.com.br\/960\/naom_5f7314a904b43.jpg\" media=\"(max-width: 960px)\"><img decoding=\"async\" class=\"img-responsive \" src=\"https:\/\/media-manager.noticiasaominuto.com.br\/1920\/naom_5f7314a904b43.jpg\" alt=\"Alimentos e presentes pressionam infla\u00e7\u00e3o do Natal\"> <\/picture><\/div>\n<div class=\"row\">\n<div class=\"col-lg-12 col-md-12 col-sm-6 col-xs-6\">\n<p class=\"news-main-image-copyright text-left\">\n<\/div>\n<\/div>\n<div class=\"row news-main-text-container\">\n<div class=\"col-lg-12 col-md-12 col-sm-12 col-xs-12\">\n<div class=\"news-main-text\">\n<p style=\"text-align: justify;\"><span class=\"news_capital_letter\">A<\/span> infla\u00e7\u00e3o do Natal deste ano mostrou varia\u00e7\u00e3o de 5,39% no acumulado dos \u00faltimos 12 meses, de acordo com dados divulgados hoje (13), no Rio de Janeiro, pelo Instituto Brasileiro de Economia (Ibre), da Funda\u00e7\u00e3o Getulio Vargas (FGV)<\/p>\n<p style=\"text-align: justify;\">Ela ficou abaixo da infla\u00e7\u00e3o medida pelo \u00cdndice de Pre\u00e7os ao Consumidor (IPC), da FGV, (9,88%) de dezembro de 2020 at\u00e9 novembro deste ano. Embora o resultado seja inferior ao apurado no mesmo per\u00edodo do ano passado, quando atingiu 13,51%, ele superou o de anos anteriores: 3,81% em 2019; 3,37% em 2018; e -2,30%, em 2017.<\/p>\n<p style=\"text-align: justify;\">Segundo Matheus Pe\u00e7anha, economista do Ibre e respons\u00e1vel pela pesquisa, o fator que mais puxou a infla\u00e7\u00e3o foi o aumento dos alimentos, com varia\u00e7\u00e3o m\u00e9dia de 7,93%, apesar de ter ficado bem menor do que no mesmo per\u00edodo do ano anterior (28,61%). Nos \u00faltimos 12 meses, o frango inteiro, por exemplo, subiu 24,28%, liderando a lista dos itens que mais pressionam o bolso do consumidor. Em seguida, aparecem ovos (17,79%), azeitona (15,13%), carnes bovinas (14,72%), farinha de trigo (13,70%) e azeite (13,26%).<\/p>\n<p style=\"text-align: justify;\">No sentido inverso, houve queda nos pre\u00e7os do arroz (-8,27%) e do pernil su\u00edno (-1,27%). Pe\u00e7anha lembrou que os problemas nos custos de produ\u00e7\u00e3o, \u201cque sofremos desde o ano passado, com secas, geadas, alta nos pre\u00e7os dos combust\u00edveis e energia el\u00e9trica, ainda se fazem sentir, sobretudo, nas prote\u00ednas. O c\u00e2mbio alto, favorecendo a exporta\u00e7\u00e3o das carnes, tamb\u00e9m contribuiu para manter os pre\u00e7os das prote\u00ednas em alta\u201d. Ele disse, entretanto, que o retorno gradual das chuvas j\u00e1 tem normalizado a din\u00e2mica de diversos pre\u00e7os de alimentos como arroz, frutas, hortali\u00e7as e legumes.<\/p>\n<p style=\"text-align: justify;\">Em rela\u00e7\u00e3o aos presentes para o fim de ano, o economista destacou que quem n\u00e3o antecipou as compras durante a Black Friday, em novembro, vai desembolsar neste Natal um pouco mais do que no ano passado. A m\u00e9dia da varia\u00e7\u00e3o de pre\u00e7os dos presentes mais procurados ficou em 3,39%, ante 1,39% de 2020, 1,28% em 2019, 1,71% em 2018 e 1,02% em 2017.<\/p>\n<p style=\"text-align: justify;\">Vestu\u00e1rio (4,80%), acess\u00f3rios (2,57%), recrea\u00e7\u00e3o e cultura (2,13%) e eletrodom\u00e9sticos e eletr\u00f4nicos (1,73%) foram os segmentos que mais subiram. Pe\u00e7anha alertou que os produtos que mais variaram tamb\u00e9m s\u00e3o os de menor valor. Por isso, recomendou que o consumidor deve ter cautela ao gastar, uma vez que o mercado de trabalho apresenta desemprego e renda reprimida e o cen\u00e1rio no pa\u00eds ainda \u00e9 de incertezas elevadas.<\/p>\n<p style=\"text-align: justify;\">O economista avaliou que o momento \u00e9 de retorno gradual, \u201cainda que a variante \u00d4micron j\u00e1 esteja no radar, e \u00e9 natural ver o movimento da popula\u00e7\u00e3o de realizar um consumo que foi frustrado nessa mesma \u00e9poca do ano passado, mesmo com um cen\u00e1rio de emprego e renda n\u00e3o convidativos. \u00c9 importante ter cautela, planejar bem o consumo e usar o cr\u00e9dito de modo respons\u00e1vel\u201d, refor\u00e7ou.<\/p>\n<p style=\"text-align: justify;\">Ele recomendou que, para economizar, o consumidor deve pesquisar muito. \u201cHoje, a tecnologia facilita muito isso com buscadores de ofertas. Vale aproveitar descontos e, de repente, juntar com familiares, amigos ou vizinhos para fazer compras em quantidade e ganhar desconto no atacado\u201d, finalizou.<\/p>\n<\/div>\n<\/div>\n<p>Fonte: <a href=\"https:\/\/www.noticiasaominuto.com.br\/economia\/1868280\/alimentos-e-presentes-pressionam-inflacao-do-natal\">Noticias ao Minuto<\/a><\/p>\n<\/div>\n","protected":false},"excerpt":{"rendered":"<p>Ela ficou abaixo da infla\u00e7\u00e3o medida pelo \u00cdndice de Pre\u00e7os ao Consumidor (IPC), da FGV, (9,88%) de dezembro de 2020 at\u00e9 novembro deste ano A infla\u00e7\u00e3o do Natal deste ano mostrou varia\u00e7\u00e3o de 5,39% no acumulado dos \u00faltimos 12 meses, de acordo com dados divulgados hoje (13), no Rio de Janeiro, pelo Instituto Brasileiro de<a class=\"moretag\" href=\"http:\/\/sindiquimicabr.com.br\/index.php\/2021\/12\/13\/alimentos-e-presentes-pressionam-inflacao-do-natal\/\"> [&#8230;]<\/a><\/p>\n","protected":false},"author":2,"featured_media":12852,"comment_status":"closed","ping_status":"closed","sticky":false,"template":"","format":"standard","meta":[],"categories":[9],"tags":[],"_links":{"self":[{"href":"http:\/\/sindiquimicabr.com.br\/index.php\/wp-json\/wp\/v2\/posts\/12849"}],"collection":[{"href":"http:\/\/sindiquimicabr.com.br\/index.php\/wp-json\/wp\/v2\/posts"}],"about":[{"href":"http:\/\/sindiquimicabr.com.br\/index.php\/wp-json\/wp\/v2\/types\/post"}],"author":[{"embeddable":true,"href":"http:\/\/sindiquimicabr.com.br\/index.php\/wp-json\/wp\/v2\/users\/2"}],"replies":[{"embeddable":true,"href":"http:\/\/sindiquimicabr.com.br\/index.php\/wp-json\/wp\/v2\/comments?post=12849"}],"version-history":[{"count":1,"href":"http:\/\/sindiquimicabr.com.br\/index.php\/wp-json\/wp\/v2\/posts\/12849\/revisions"}],"predecessor-version":[{"id":12853,"href":"http:\/\/sindiquimicabr.com.br\/index.php\/wp-json\/wp\/v2\/posts\/12849\/revisions\/12853"}],"wp:featuredmedia":[{"embeddable":true,"href":"http:\/\/sindiquimicabr.com.br\/index.php\/wp-json\/wp\/v2\/media\/12852"}],"wp:attachment":[{"href":"http:\/\/sindiquimicabr.com.br\/index.php\/wp-json\/wp\/v2\/media?parent=12849"}],"wp:term":[{"taxonomy":"category","embeddable":true,"href":"http:\/\/sindiquimicabr.com.br\/index.php\/wp-json\/wp\/v2\/categories?post=12849"},{"taxonomy":"post_tag","embeddable":true,"href":"http:\/\/sindiquimicabr.com.br\/index.php\/wp-json\/wp\/v2\/tags?post=12849"}],"curies":[{"name":"wp","href":"https:\/\/api.w.org\/{rel}","templated":true}]}}