{"id":12868,"date":"2021-12-14T11:13:07","date_gmt":"2021-12-14T11:13:07","guid":{"rendered":"http:\/\/sindiquimicabr.com.br\/?p=12868"},"modified":"2021-12-14T11:34:39","modified_gmt":"2021-12-14T11:34:39","slug":"brasil-registra-39-mortes-pela-covid-em-24h-9-estados-nao-divulgaram-dados","status":"publish","type":"post","link":"http:\/\/sindiquimicabr.com.br\/index.php\/2021\/12\/14\/brasil-registra-39-mortes-pela-covid-em-24h-9-estados-nao-divulgaram-dados\/","title":{"rendered":"Brasil registra 39 mortes pela covid em 24h; 9 Estados n\u00e3o divulgaram dados"},"content":{"rendered":"<h4 class=\"news-subheadline\">S\u00e3o eles: Mato Grosso do Sul, Para\u00edba, Paran\u00e1, Rio de Janeiro, Rond\u00f4nia, Rio Grande do Sul, Santa Catarina, S\u00e3o Paulo e Tocantins<\/h4>\n<div class=\"news-main-image \"><picture><source srcset=\"https:\/\/media-manager.noticiasaominuto.com.br\/640\/naom_5eebe36ac98e8.jpg\" media=\"(max-width: 640px)\"><source srcset=\"https:\/\/media-manager.noticiasaominuto.com.br\/960\/naom_5eebe36ac98e8.jpg\" media=\"(max-width: 960px)\"><img decoding=\"async\" class=\"img-responsive \" src=\"https:\/\/media-manager.noticiasaominuto.com.br\/1920\/naom_5eebe36ac98e8.jpg\" alt=\"Brasil registra 39 mortes pela covid em 24h; 9 Estados n\u00e3o divulgaram dados\"> <\/picture><\/div>\n<div class=\"row news-main-text-container\">\n<div class=\"col-lg-12 col-md-12 col-sm-12 col-xs-12\">\n<div class=\"news-main-text\">\n<p style=\"text-align: justify;\"><span class=\"news_capital_letter\">O<\/span> Brasil registrou 39 novas mortes pela covid-19 nesta segunda-feira, 13. A m\u00e9dia semanal de v\u00edtimas, que elimina distor\u00e7\u00f5es entre dias \u00fateis e fim de semana, ficou em 170, completando dez dias abaixo de 200. Com a instabilidade nos servidores e sistemas de notifica\u00e7\u00e3o do Minist\u00e9rio da Sa\u00fade, nove Estados brasileiros n\u00e3o divulgaram os dados da pandemia referentes \u00e0s \u00faltimas 24 horas. S\u00e3o eles: Mato Grosso do Sul, Para\u00edba, Paran\u00e1, Rio de Janeiro, Rond\u00f4nia, Rio Grande do Sul, Santa Catarina, S\u00e3o Paulo e Tocantins.<\/p>\n<p style=\"text-align: justify;\">O n\u00famero de novas infec\u00e7\u00f5es notificadas foi de 1.865, enquanto a m\u00e9dia m\u00f3vel de testes positivos na \u00faltima semana \u00e9 de 6.173. No total, o Brasil tem 616.980 mortos e 22.189.214 casos da doen\u00e7a. Os dados di\u00e1rios do Brasil s\u00e3o do cons\u00f3rcio de ve\u00edculos de imprensa formado por <strong>Estad\u00e3o<\/strong>, <em>g1<\/em>, <em>O Globo<\/em>, <em>Extra<\/em>, <em>Folha<\/em> e <em>UOL<\/em> em parceria com 27 secretarias estaduais de Sa\u00fade, em balan\u00e7o divulgado \u00e0s 20h.<\/p>\n<p style=\"text-align: justify;\">S\u00e3o Paulo n\u00e3o divulgou atualiza\u00e7\u00f5es de casos e \u00f3bitos da pandemia referentes a esta segunda-feira. Entre aqueles que notificaram os boletins atualizados no per\u00edodo, seis n\u00e3o registraram mortes, s\u00e3o eles: Acre, Amazonas, Amap\u00e1, Cear\u00e1, Goi\u00e1s e Minas Gerais. Os dados podem estar incompletos ou parciais, tamb\u00e9m devido \u00e0 instabilidade nas plataformas de notifica\u00e7\u00e3o do Minist\u00e9rio da Sa\u00fade.<\/p>\n<p style=\"text-align: justify;\">O balan\u00e7o de \u00f3bitos e casos \u00e9 resultado da parceria entre os seis meios de comunica\u00e7\u00e3o que passaram a trabalhar, desde 8 de junho do ano passado, de forma colaborativa para reunir as informa\u00e7\u00f5es necess\u00e1rias nos 26 Estados e no Distrito Federal. A iniciativa in\u00e9dita \u00e9 uma resposta \u00e0 decis\u00e3o do governo Bolsonaro de restringir o acesso a dados sobre a pandemia, mas foi mantida ap\u00f3s os registros governamentais continuarem a ser divulgados.<\/p>\n<p style=\"text-align: justify;\">Desde a \u00faltima sexta-feira, o Minist\u00e9rio da Sa\u00fade apresenta instabilidade nos sistemas de registros e notifica\u00e7\u00f5es da covid, gra\u00e7as a um ataque hacker que invadiu as plataformas online da pasta. Segundo o ministro Marcelo Queiroga, a previs\u00e3o \u00e9 de que a situa\u00e7\u00e3o seja normalizada nesta semana.<\/p>\n<\/div>\n<\/div>\n<p>Fonte: <a href=\"https:\/\/www.noticiasaominuto.com.br\/ultima-hora\/1868517\/brasil-registra-39-mortes-pela-covid-em-24h-9-estados-nao-divulgaram-dados\">Noticias ao Minuto<\/a><\/p>\n<\/div>\n","protected":false},"excerpt":{"rendered":"<p>S\u00e3o eles: Mato Grosso do Sul, Para\u00edba, Paran\u00e1, Rio de Janeiro, Rond\u00f4nia, Rio Grande do Sul, Santa Catarina, S\u00e3o Paulo e Tocantins O Brasil registrou 39 novas mortes pela covid-19 nesta segunda-feira, 13. A m\u00e9dia semanal de v\u00edtimas, que elimina distor\u00e7\u00f5es entre dias \u00fateis e fim de semana, ficou em 170, completando dez dias abaixo<a class=\"moretag\" href=\"http:\/\/sindiquimicabr.com.br\/index.php\/2021\/12\/14\/brasil-registra-39-mortes-pela-covid-em-24h-9-estados-nao-divulgaram-dados\/\"> [&#8230;]<\/a><\/p>\n","protected":false},"author":2,"featured_media":12890,"comment_status":"closed","ping_status":"closed","sticky":false,"template":"","format":"standard","meta":[],"categories":[9],"tags":[],"_links":{"self":[{"href":"http:\/\/sindiquimicabr.com.br\/index.php\/wp-json\/wp\/v2\/posts\/12868"}],"collection":[{"href":"http:\/\/sindiquimicabr.com.br\/index.php\/wp-json\/wp\/v2\/posts"}],"about":[{"href":"http:\/\/sindiquimicabr.com.br\/index.php\/wp-json\/wp\/v2\/types\/post"}],"author":[{"embeddable":true,"href":"http:\/\/sindiquimicabr.com.br\/index.php\/wp-json\/wp\/v2\/users\/2"}],"replies":[{"embeddable":true,"href":"http:\/\/sindiquimicabr.com.br\/index.php\/wp-json\/wp\/v2\/comments?post=12868"}],"version-history":[{"count":2,"href":"http:\/\/sindiquimicabr.com.br\/index.php\/wp-json\/wp\/v2\/posts\/12868\/revisions"}],"predecessor-version":[{"id":12891,"href":"http:\/\/sindiquimicabr.com.br\/index.php\/wp-json\/wp\/v2\/posts\/12868\/revisions\/12891"}],"wp:featuredmedia":[{"embeddable":true,"href":"http:\/\/sindiquimicabr.com.br\/index.php\/wp-json\/wp\/v2\/media\/12890"}],"wp:attachment":[{"href":"http:\/\/sindiquimicabr.com.br\/index.php\/wp-json\/wp\/v2\/media?parent=12868"}],"wp:term":[{"taxonomy":"category","embeddable":true,"href":"http:\/\/sindiquimicabr.com.br\/index.php\/wp-json\/wp\/v2\/categories?post=12868"},{"taxonomy":"post_tag","embeddable":true,"href":"http:\/\/sindiquimicabr.com.br\/index.php\/wp-json\/wp\/v2\/tags?post=12868"}],"curies":[{"name":"wp","href":"https:\/\/api.w.org\/{rel}","templated":true}]}}