{"id":12877,"date":"2021-12-14T11:16:39","date_gmt":"2021-12-14T11:16:39","guid":{"rendered":"http:\/\/sindiquimicabr.com.br\/?p=12877"},"modified":"2021-12-14T11:17:50","modified_gmt":"2021-12-14T11:17:50","slug":"aras-pede-que-moraes-anule-inquerito-contra-bolsonaro-por-associar-vacina-a-aids","status":"publish","type":"post","link":"http:\/\/sindiquimicabr.com.br\/index.php\/2021\/12\/14\/aras-pede-que-moraes-anule-inquerito-contra-bolsonaro-por-associar-vacina-a-aids\/","title":{"rendered":"Aras pede que Moraes anule inqu\u00e9rito contra Bolsonaro por associar vacina \u00e0 Aids"},"content":{"rendered":"<h4 class=\"news-subheadline\">Aras alegou que uma s\u00e9rie de apura\u00e7\u00f5es est\u00e1 em curso na Procuradoria a partir das conclus\u00f5es da comiss\u00e3o parlamentar de inqu\u00e9rito e que o inqu\u00e9rito \u00e9 redundante<\/h4>\n<div class=\"news-main-image \"><picture><source srcset=\"https:\/\/media-manager.noticiasaominuto.com.br\/640\/naom_5fd9541f177e0.jpg\" media=\"(max-width: 640px)\" \/><source srcset=\"https:\/\/media-manager.noticiasaominuto.com.br\/960\/naom_5fd9541f177e0.jpg\" media=\"(max-width: 960px)\" \/><img decoding=\"async\" class=\"img-responsive \" src=\"https:\/\/media-manager.noticiasaominuto.com.br\/1920\/naom_5fd9541f177e0.jpg\" alt=\"Aras pede que Moraes anule inqu\u00e9rito contra Bolsonaro por associar vacina \u00e0 Aids\" \/> <\/picture><\/div>\n<div class=\"row news-main-text-container\">\n<div class=\"col-lg-12 col-md-12 col-sm-12 col-xs-12\">\n<div class=\"news-main-text\">\n<p style=\"text-align: justify;\"><span class=\"news_capital_letter\">B<\/span>RAS\u00cdLIA, DF (FOLHAPRESS) &#8211; O procurador-geral da Rep\u00fablica, Augusto Aras, pediu nesta segunda-feira (13) ao ministro Alexandre de Moraes, do STF (Supremo Tribunal Federal), que reconsidere a abertura de inqu\u00e9rito para apurar a conduta de Jair Bolsonaro (PL) pela falsa associa\u00e7\u00e3o que o presidente fez entre a vacina\u00e7\u00e3o contra a Covid-19 e o risco de se contrair o v\u00edrus da Aids.<\/p>\n<p style=\"text-align: justify;\">O novo inqu\u00e9rito atendeu a pedido da CPI da Covid do Senado, cujo relat\u00f3rio final foi conclu\u00eddo no final de outubro. Moraes ordenou a investiga\u00e7\u00e3o em decis\u00e3o no dia 3.<\/p>\n<p style=\"text-align: justify;\">Aras alegou que uma s\u00e9rie de apura\u00e7\u00f5es est\u00e1 em curso na Procuradoria a partir das conclus\u00f5es da comiss\u00e3o parlamentar de inqu\u00e9rito e que o inqu\u00e9rito \u00e9 redundante.<\/p>\n<p style=\"text-align: justify;\">Disse que o inqu\u00e9rito provocaria duas investiga\u00e7\u00f5es contra Bolsonaro pelos mesmos fatos, o que n\u00e3o \u00e9 permitido pela lei.<br \/>\n&#8220;Procura-se impedir a persecu\u00e7\u00e3o criminal m\u00faltipla no Supremo Tribunal Federal, como se detecta no caso concreto, em prol do princ\u00edpio da dignidade da pessoa humana&#8221;, afirmou.<\/p>\n<p style=\"text-align: justify;\">Em sua live semanal, no dia 21 de outubro, Bolsonaro leu uma suposta not\u00edcia dizendo que &#8220;vacinados [contra a Covid] est\u00e3o desenvolvendo a s\u00edndrome da imunodefici\u00eancia adquirida [Aids]&#8221;. Dias depois, Facebook e Instagram derrubaram o v\u00eddeo.<\/p>\n<p style=\"text-align: justify;\">Aras sustentou tamb\u00e9m que &#8220;jamais existiu qualquer in\u00e9rcia&#8221; por parte da PGR (Procuradoria-Geral da Rep\u00fablica) quanto \u00e0s irregularidades levantadas pela CPI.<\/p>\n<p style=\"text-align: justify;\">Defendeu ainda que o caso n\u00e3o deveria estar sob a responsabilidade de Moraes e, se o ministro n\u00e3o reconsiderar a pr\u00f3pria decis\u00e3o da abertura do inqu\u00e9rito, o recurso deve ser enviado ao gabinete do ministro Lu\u00eds Roberto Barroso, relator de um dos pedidos de provid\u00eancias feitos pela Procuradoria ao STF a partir do relat\u00f3rio final da CPI.<\/p>\n<\/div>\n<\/div>\n<p>Fonte: <a href=\"https:\/\/www.noticiasaominuto.com.br\/politica\/1868528\/aras-pede-que-moraes-anule-inquerito-contra-bolsonaro-por-associar-vacina-a-aids\">Noticias ao Minuto<\/a><\/p>\n<\/div>\n","protected":false},"excerpt":{"rendered":"<p>Aras alegou que uma s\u00e9rie de apura\u00e7\u00f5es est\u00e1 em curso na Procuradoria a partir das conclus\u00f5es da comiss\u00e3o parlamentar de inqu\u00e9rito e que o inqu\u00e9rito \u00e9 redundante BRAS\u00cdLIA, DF (FOLHAPRESS) &#8211; O procurador-geral da Rep\u00fablica, Augusto Aras, pediu nesta segunda-feira (13) ao ministro Alexandre de Moraes, do STF (Supremo Tribunal Federal), que reconsidere a abertura<a class=\"moretag\" href=\"http:\/\/sindiquimicabr.com.br\/index.php\/2021\/12\/14\/aras-pede-que-moraes-anule-inquerito-contra-bolsonaro-por-associar-vacina-a-aids\/\"> [&#8230;]<\/a><\/p>\n","protected":false},"author":2,"featured_media":12884,"comment_status":"closed","ping_status":"closed","sticky":false,"template":"","format":"standard","meta":[],"categories":[9],"tags":[],"_links":{"self":[{"href":"http:\/\/sindiquimicabr.com.br\/index.php\/wp-json\/wp\/v2\/posts\/12877"}],"collection":[{"href":"http:\/\/sindiquimicabr.com.br\/index.php\/wp-json\/wp\/v2\/posts"}],"about":[{"href":"http:\/\/sindiquimicabr.com.br\/index.php\/wp-json\/wp\/v2\/types\/post"}],"author":[{"embeddable":true,"href":"http:\/\/sindiquimicabr.com.br\/index.php\/wp-json\/wp\/v2\/users\/2"}],"replies":[{"embeddable":true,"href":"http:\/\/sindiquimicabr.com.br\/index.php\/wp-json\/wp\/v2\/comments?post=12877"}],"version-history":[{"count":2,"href":"http:\/\/sindiquimicabr.com.br\/index.php\/wp-json\/wp\/v2\/posts\/12877\/revisions"}],"predecessor-version":[{"id":12886,"href":"http:\/\/sindiquimicabr.com.br\/index.php\/wp-json\/wp\/v2\/posts\/12877\/revisions\/12886"}],"wp:featuredmedia":[{"embeddable":true,"href":"http:\/\/sindiquimicabr.com.br\/index.php\/wp-json\/wp\/v2\/media\/12884"}],"wp:attachment":[{"href":"http:\/\/sindiquimicabr.com.br\/index.php\/wp-json\/wp\/v2\/media?parent=12877"}],"wp:term":[{"taxonomy":"category","embeddable":true,"href":"http:\/\/sindiquimicabr.com.br\/index.php\/wp-json\/wp\/v2\/categories?post=12877"},{"taxonomy":"post_tag","embeddable":true,"href":"http:\/\/sindiquimicabr.com.br\/index.php\/wp-json\/wp\/v2\/tags?post=12877"}],"curies":[{"name":"wp","href":"https:\/\/api.w.org\/{rel}","templated":true}]}}