{"id":12887,"date":"2021-12-14T11:25:43","date_gmt":"2021-12-14T11:25:43","guid":{"rendered":"http:\/\/sindiquimicabr.com.br\/?p=12887"},"modified":"2021-12-14T11:36:19","modified_gmt":"2021-12-14T11:36:19","slug":"moro-diz-ter-duvidas-se-bolsonaro-e-lula-vao-aceitar-debater-com-ele-em-2022","status":"publish","type":"post","link":"http:\/\/sindiquimicabr.com.br\/index.php\/2021\/12\/14\/moro-diz-ter-duvidas-se-bolsonaro-e-lula-vao-aceitar-debater-com-ele-em-2022\/","title":{"rendered":"Moro diz &#8216;ter d\u00favidas&#8217; se Bolsonaro e Lula v\u00e3o aceitar debater com ele em 2022"},"content":{"rendered":"<h4 class=\"news-subheadline\">&#8220;Tem que ver se vai ter debate. Eu me disponho a ir, mas tenho d\u00favidas se o ex e o atual presidente v\u00e3o se dispor a ir nessa arena&#8221;, disse<\/h4>\n<h4 class=\"news-main-image \"><picture><source srcset=\"https:\/\/media-manager.noticiasaominuto.com.br\/640\/naom_5ebc5f971a24f.jpg\" media=\"(max-width: 640px)\" \/><source srcset=\"https:\/\/media-manager.noticiasaominuto.com.br\/960\/naom_5ebc5f971a24f.jpg\" media=\"(max-width: 960px)\" \/><img decoding=\"async\" class=\"img-responsive \" src=\"https:\/\/media-manager.noticiasaominuto.com.br\/1920\/naom_5ebc5f971a24f.jpg\" alt=\"Moro diz 'ter d\u00favidas' se Bolsonaro e Lula v\u00e3o aceitar debater com ele em 2022\" \/> <\/picture><\/h4>\n<div class=\"row\">\n<div class=\"col-lg-12 col-md-12 col-sm-6 col-xs-6\">\n<p style=\"text-align: justify;\"><span class=\"news_capital_letter\">E<\/span>m um evento virtual realizado nesta segunda-feira, 13, pelo Derrubando Muros, grupo que re\u00fane economistas, empres\u00e1rios, educadores, banqueiros e intelectuais de centro, o ex-ministro S\u00e9rgio Moro (Podemos) se apresentou como um pr\u00e9-candidato com &#8220;vi\u00e9s liberal&#8221; na economia e disse &#8220;ter d\u00favidas&#8221; se o presidente Jair Bolsonaro (PL) e o ex-presidente Luiz In\u00e1cio Lula da Silva (PT) v\u00e3o aceitar participar de debates com ele na campanha presidencial do ano que vem.<\/p>\n<p style=\"text-align: justify;\">&#8220;Tem que ver se vai ter debate. Eu me disponho a ir, mas tenho d\u00favidas se o ex e o atual presidente v\u00e3o se dispor a ir nessa arena&#8221;, disse.<\/p>\n<p style=\"text-align: justify;\">Em uma tentativa de se contrapor aos dois l\u00edderes das pesquisas de inten\u00e7\u00e3o de voto, o ex-juiz disse que Bolsonaro &#8220;flerta com o autoritarismo&#8221; e tem um &#8220;projeto pessoal e familiar de poder&#8221;, enquanto Lula representa o governo que deixou &#8220;os dois maiores esc\u00e2ndalos de corrup\u00e7\u00e3o da hist\u00f3ria&#8221;.<\/p>\n<p style=\"text-align: justify;\">Em outra passagem, Moro, que falou dos Estados Unidos, deu sua vers\u00e3o sobre sua decis\u00e3o de entrar na pol\u00edtica. &#8220;Se tivesse um candidato competitivo de centro contra os dois, eu provavelmente ficaria no setor privado&#8221;, afirmou.<\/p>\n<p style=\"text-align: justify;\">Apesar do tom duro, o pr\u00e9-candidato do Podemos disse que n\u00e3o pretende adotar uma postura agressiva na campanha e admitiu que vai ser questionado sobre suas decis\u00f5es na Lava Jato e no governo Bolsonaro, que integrou como ministro.<\/p>\n<p style=\"text-align: justify;\">&#8220;Essa campanha vai ter um componente sobre o passado. Algumas pessoas s\u00e3o cr\u00edticas em rela\u00e7\u00e3o \u00e0 algumas decis\u00f5es que eu tomei, mas tenho tranquilidade, tanto no caso da Lava Jato como no Governo. \u00c0s vezes foram decis\u00f5es dif\u00edceis, mas estou pronto para defend\u00ea-las.&#8221;<\/p>\n<\/div>\n<\/div>\n<div class=\"row news-info-container no-margin\">\n<div class=\"col-lg-6 col-md-6 col-sm-6 col-xs-12 no-padding\">\n<p class=\"news-info-tag\" style=\"text-align: justify;\">\n<\/div>\n<div class=\"col-lg-6 col-md-6 col-sm-6 hidden-xs no-padding\">\n<div class=\"news-social\"><\/div>\n<\/div>\n<\/div>\n<div class=\"row news-main-text-container\">\n<div class=\"col-lg-12 col-md-12 col-sm-12 col-xs-12\">\n<div class=\"news-main-text\">\n<p style=\"text-align: justify;\">\n<\/div>\n<\/div>\n<p>Fonte: <a href=\"https:\/\/www.noticiasaominuto.com.br\/politica\/1868540\/moro-diz-ter-duvidas-se-bolsonaro-e-lula-vao-aceitar-debater-com-ele-em-2022\">Noticias ao Minuto<\/a><\/p>\n<\/div>\n","protected":false},"excerpt":{"rendered":"<p>&#8220;Tem que ver se vai ter debate. Eu me disponho a ir, mas tenho d\u00favidas se o ex e o atual presidente v\u00e3o se dispor a ir nessa arena&#8221;, disse Em um evento virtual realizado nesta segunda-feira, 13, pelo Derrubando Muros, grupo que re\u00fane economistas, empres\u00e1rios, educadores, banqueiros e intelectuais de centro, o ex-ministro S\u00e9rgio<a class=\"moretag\" href=\"http:\/\/sindiquimicabr.com.br\/index.php\/2021\/12\/14\/moro-diz-ter-duvidas-se-bolsonaro-e-lula-vao-aceitar-debater-com-ele-em-2022\/\"> [&#8230;]<\/a><\/p>\n","protected":false},"author":2,"featured_media":12889,"comment_status":"closed","ping_status":"closed","sticky":false,"template":"","format":"standard","meta":[],"categories":[2],"tags":[],"_links":{"self":[{"href":"http:\/\/sindiquimicabr.com.br\/index.php\/wp-json\/wp\/v2\/posts\/12887"}],"collection":[{"href":"http:\/\/sindiquimicabr.com.br\/index.php\/wp-json\/wp\/v2\/posts"}],"about":[{"href":"http:\/\/sindiquimicabr.com.br\/index.php\/wp-json\/wp\/v2\/types\/post"}],"author":[{"embeddable":true,"href":"http:\/\/sindiquimicabr.com.br\/index.php\/wp-json\/wp\/v2\/users\/2"}],"replies":[{"embeddable":true,"href":"http:\/\/sindiquimicabr.com.br\/index.php\/wp-json\/wp\/v2\/comments?post=12887"}],"version-history":[{"count":4,"href":"http:\/\/sindiquimicabr.com.br\/index.php\/wp-json\/wp\/v2\/posts\/12887\/revisions"}],"predecessor-version":[{"id":12894,"href":"http:\/\/sindiquimicabr.com.br\/index.php\/wp-json\/wp\/v2\/posts\/12887\/revisions\/12894"}],"wp:featuredmedia":[{"embeddable":true,"href":"http:\/\/sindiquimicabr.com.br\/index.php\/wp-json\/wp\/v2\/media\/12889"}],"wp:attachment":[{"href":"http:\/\/sindiquimicabr.com.br\/index.php\/wp-json\/wp\/v2\/media?parent=12887"}],"wp:term":[{"taxonomy":"category","embeddable":true,"href":"http:\/\/sindiquimicabr.com.br\/index.php\/wp-json\/wp\/v2\/categories?post=12887"},{"taxonomy":"post_tag","embeddable":true,"href":"http:\/\/sindiquimicabr.com.br\/index.php\/wp-json\/wp\/v2\/tags?post=12887"}],"curies":[{"name":"wp","href":"https:\/\/api.w.org\/{rel}","templated":true}]}}