{"id":12904,"date":"2021-12-15T11:39:36","date_gmt":"2021-12-15T11:39:36","guid":{"rendered":"http:\/\/sindiquimicabr.com.br\/?p=12904"},"modified":"2021-12-15T11:40:58","modified_gmt":"2021-12-15T11:40:58","slug":"moraes-do-stf-rejeita-pedido-de-aras-e-mantem-inquerito-contra-bolsonaro","status":"publish","type":"post","link":"http:\/\/sindiquimicabr.com.br\/index.php\/2021\/12\/15\/moraes-do-stf-rejeita-pedido-de-aras-e-mantem-inquerito-contra-bolsonaro\/","title":{"rendered":"Moraes, do STF, rejeita pedido de Aras e mant\u00e9m inqu\u00e9rito contra Bolsonaro"},"content":{"rendered":"<h4 class=\"news-subheadline\" style=\"text-align: justify;\">Moraes rejeitou os argumentos do procurador-geral da Rep\u00fablica, Augusto Aras, para que esse inqu\u00e9rito fosse revisto<\/h4>\n<p style=\"text-align: justify;\"><a href=\"http:\/\/sindiquimicabr.com.br\/wp\/wp-content\/uploads\/2021\/12\/Moraes-do-STF-rejeita-pedido-de-Aras-e-mantem-inquerito-contra-Bolsonaro.jpg\"><img decoding=\"async\" loading=\"lazy\" class=\"alignleft size-full wp-image-12906\" src=\"http:\/\/sindiquimicabr.com.br\/wp\/wp-content\/uploads\/2021\/12\/Moraes-do-STF-rejeita-pedido-de-Aras-e-mantem-inquerito-contra-Bolsonaro.jpg\" alt=\"\" width=\"1920\" height=\"1080\" srcset=\"http:\/\/sindiquimicabr.com.br\/wp\/wp-content\/uploads\/2021\/12\/Moraes-do-STF-rejeita-pedido-de-Aras-e-mantem-inquerito-contra-Bolsonaro.jpg 1920w, http:\/\/sindiquimicabr.com.br\/wp\/wp-content\/uploads\/2021\/12\/Moraes-do-STF-rejeita-pedido-de-Aras-e-mantem-inquerito-contra-Bolsonaro-300x169.jpg 300w, http:\/\/sindiquimicabr.com.br\/wp\/wp-content\/uploads\/2021\/12\/Moraes-do-STF-rejeita-pedido-de-Aras-e-mantem-inquerito-contra-Bolsonaro-1024x576.jpg 1024w, http:\/\/sindiquimicabr.com.br\/wp\/wp-content\/uploads\/2021\/12\/Moraes-do-STF-rejeita-pedido-de-Aras-e-mantem-inquerito-contra-Bolsonaro-768x432.jpg 768w, http:\/\/sindiquimicabr.com.br\/wp\/wp-content\/uploads\/2021\/12\/Moraes-do-STF-rejeita-pedido-de-Aras-e-mantem-inquerito-contra-Bolsonaro-1536x864.jpg 1536w\" sizes=\"(max-width: 1920px) 100vw, 1920px\" \/><\/a><\/p>\n<p style=\"text-align: justify;\"><span class=\"news_capital_letter\">B<\/span>RAS\u00cdLIA, DF (FOLHAPRESS) &#8211; O ministro Alexandre de Moraes, do STF (Supremo Tribunal Federal), manteve a instaura\u00e7\u00e3o de inqu\u00e9rito contra o presidente Jair Bolsonaro (PL) pela falsa associa\u00e7\u00e3o que fez entre a vacina contra a Covid-19 e o risco de se contrair o v\u00edrus da Aids.<\/p>\n<p style=\"text-align: justify;\">Na decis\u00e3o desta ter\u00e7a-feira (14), Moraes rejeitou os argumentos do procurador-geral da Rep\u00fablica, Augusto Aras, para que esse inqu\u00e9rito fosse revisto.<\/p>\n<p style=\"text-align: justify;\">Aras alegou na segunda (13) que a Procuradoria j\u00e1 apura a situa\u00e7\u00e3o e que a exist\u00eancia do inqu\u00e9rito configuraria dupla apura\u00e7\u00e3o dos mesmos fatos, o que \u00e9 ilegal.<\/p>\n<p style=\"text-align: justify;\">O ministro deu prazo de 24 horas para que a PGR (Procuradoria-Geral da Rep\u00fablica) envie ao tribunal o procedimento preliminar sobre os mesmos fatos aberto na institui\u00e7\u00e3o sob pena, se desrespeitada a ordem, de desobedi\u00eancia \u00e0 ordem judicial e obstru\u00e7\u00e3o de Justi\u00e7a.<\/p>\n<p style=\"text-align: justify;\">Fonte: <a href=\"https:\/\/www.noticiasaominuto.com.br\/politica\/1868779\/moraes-do-stf-rejeita-pedido-de-aras-e-mantem-inquerito-contra-bolsonaro\" target=\"_blank\" rel=\"noopener\">Not\u00edcias ao Minuto<\/a><\/p>\n","protected":false},"excerpt":{"rendered":"<p>Moraes rejeitou os argumentos do procurador-geral da Rep\u00fablica, Augusto Aras, para que esse inqu\u00e9rito fosse revisto BRAS\u00cdLIA, DF (FOLHAPRESS) &#8211; O ministro Alexandre de Moraes, do STF (Supremo Tribunal Federal), manteve a instaura\u00e7\u00e3o de inqu\u00e9rito contra o presidente Jair Bolsonaro (PL) pela falsa associa\u00e7\u00e3o que fez entre a vacina contra a Covid-19 e o risco<a class=\"moretag\" href=\"http:\/\/sindiquimicabr.com.br\/index.php\/2021\/12\/15\/moraes-do-stf-rejeita-pedido-de-aras-e-mantem-inquerito-contra-bolsonaro\/\"> [&#8230;]<\/a><\/p>\n","protected":false},"author":2,"featured_media":12906,"comment_status":"closed","ping_status":"closed","sticky":false,"template":"","format":"standard","meta":[],"categories":[2],"tags":[],"_links":{"self":[{"href":"http:\/\/sindiquimicabr.com.br\/index.php\/wp-json\/wp\/v2\/posts\/12904"}],"collection":[{"href":"http:\/\/sindiquimicabr.com.br\/index.php\/wp-json\/wp\/v2\/posts"}],"about":[{"href":"http:\/\/sindiquimicabr.com.br\/index.php\/wp-json\/wp\/v2\/types\/post"}],"author":[{"embeddable":true,"href":"http:\/\/sindiquimicabr.com.br\/index.php\/wp-json\/wp\/v2\/users\/2"}],"replies":[{"embeddable":true,"href":"http:\/\/sindiquimicabr.com.br\/index.php\/wp-json\/wp\/v2\/comments?post=12904"}],"version-history":[{"count":2,"href":"http:\/\/sindiquimicabr.com.br\/index.php\/wp-json\/wp\/v2\/posts\/12904\/revisions"}],"predecessor-version":[{"id":12908,"href":"http:\/\/sindiquimicabr.com.br\/index.php\/wp-json\/wp\/v2\/posts\/12904\/revisions\/12908"}],"wp:featuredmedia":[{"embeddable":true,"href":"http:\/\/sindiquimicabr.com.br\/index.php\/wp-json\/wp\/v2\/media\/12906"}],"wp:attachment":[{"href":"http:\/\/sindiquimicabr.com.br\/index.php\/wp-json\/wp\/v2\/media?parent=12904"}],"wp:term":[{"taxonomy":"category","embeddable":true,"href":"http:\/\/sindiquimicabr.com.br\/index.php\/wp-json\/wp\/v2\/categories?post=12904"},{"taxonomy":"post_tag","embeddable":true,"href":"http:\/\/sindiquimicabr.com.br\/index.php\/wp-json\/wp\/v2\/tags?post=12904"}],"curies":[{"name":"wp","href":"https:\/\/api.w.org\/{rel}","templated":true}]}}