{"id":12925,"date":"2021-12-16T11:33:35","date_gmt":"2021-12-16T11:33:35","guid":{"rendered":"http:\/\/sindiquimicabr.com.br\/?p=12925"},"modified":"2021-12-16T11:41:14","modified_gmt":"2021-12-16T11:41:14","slug":"bolsonaro-diz-que-nao-interfere-nos-precos-de-combustiveis","status":"publish","type":"post","link":"http:\/\/sindiquimicabr.com.br\/index.php\/2021\/12\/16\/bolsonaro-diz-que-nao-interfere-nos-precos-de-combustiveis\/","title":{"rendered":"Bolsonaro diz que n\u00e3o interfere nos pre\u00e7os de combust\u00edveis"},"content":{"rendered":"<h4 class=\"news-subheadline\">Bolsonaro voltou a fazer acusa\u00e7\u00f5es contra governadores<\/h4>\n<div class=\"news-main-image \"><picture><source srcset=\"https:\/\/media-manager.noticiasaominuto.com.br\/640\/naom_61b7079048c00.jpg\" media=\"(max-width: 640px)\" \/><source srcset=\"https:\/\/media-manager.noticiasaominuto.com.br\/960\/naom_61b7079048c00.jpg\" media=\"(max-width: 960px)\" \/><img decoding=\"async\" class=\"img-responsive \" src=\"https:\/\/media-manager.noticiasaominuto.com.br\/1920\/naom_61b7079048c00.jpg\" alt=\"Bolsonaro diz que n\u00e3o interfere nos pre\u00e7os de combust\u00edveis\" \/> <\/picture><\/div>\n<div class=\"row\">\n<div class=\"col-lg-12 col-md-12 col-sm-6 col-xs-6\"><\/div>\n<\/div>\n<div class=\"row news-info-container no-margin\">\n<div class=\"col-lg-6 col-md-6 col-sm-6 hidden-xs no-padding\">\n<div class=\"news-social\"><\/div>\n<\/div>\n<\/div>\n<div class=\"row news-main-text-container\">\n<div class=\"col-lg-12 col-md-12 col-sm-12 col-xs-12\">\n<div class=\"news-main-text\"><span style=\"color: #000000;\">Cobrado at\u00e9 mesmo por apoiadores pela infla\u00e7\u00e3o dos combust\u00edveis, o presidente Jair Bolsonaro (PL) assegurou nesta quarta-feira, 15, em encontro com empres\u00e1rios que n\u00e3o interfere na pol\u00edtica de pre\u00e7os da Petrobras.<\/span><\/p>\n<p style=\"text-align: justify;\"><span style=\"color: #000000;\">Durante discurso na Fiesp, o chefe do Executivo lembrou que a forma do governo de segurar pre\u00e7os foi reduzir o IPI do diesel, por\u00e9m os benef\u00edcios da medida n\u00e3o chegaram aos transportadores porque governadores aumentaram o ICMS. Ele tamb\u00e9m acusou governadores de impedirem a redu\u00e7\u00e3o de pre\u00e7os para, com isso, aumentar a arrecada\u00e7\u00e3o sobre combust\u00edveis em plena pandemia.<\/span><\/p>\n<\/div>\n<\/div>\n<p>Fonte: <a href=\"https:\/\/www.noticiasaominuto.com.br\/economia\/1869109\/bolsonaro-diz-que-nao-interfere-nos-precos-de-combustiveis\">Noticias ao Minuto<\/a><\/p>\n<\/div>\n","protected":false},"excerpt":{"rendered":"<p>Bolsonaro voltou a fazer acusa\u00e7\u00f5es contra governadores Cobrado at\u00e9 mesmo por apoiadores pela infla\u00e7\u00e3o dos combust\u00edveis, o presidente Jair Bolsonaro (PL) assegurou nesta quarta-feira, 15, em encontro com empres\u00e1rios que n\u00e3o interfere na pol\u00edtica de pre\u00e7os da Petrobras. Durante discurso na Fiesp, o chefe do Executivo lembrou que a forma do governo de segurar pre\u00e7os<a class=\"moretag\" href=\"http:\/\/sindiquimicabr.com.br\/index.php\/2021\/12\/16\/bolsonaro-diz-que-nao-interfere-nos-precos-de-combustiveis\/\"> [&#8230;]<\/a><\/p>\n","protected":false},"author":2,"featured_media":12926,"comment_status":"closed","ping_status":"closed","sticky":false,"template":"","format":"standard","meta":[],"categories":[9],"tags":[],"_links":{"self":[{"href":"http:\/\/sindiquimicabr.com.br\/index.php\/wp-json\/wp\/v2\/posts\/12925"}],"collection":[{"href":"http:\/\/sindiquimicabr.com.br\/index.php\/wp-json\/wp\/v2\/posts"}],"about":[{"href":"http:\/\/sindiquimicabr.com.br\/index.php\/wp-json\/wp\/v2\/types\/post"}],"author":[{"embeddable":true,"href":"http:\/\/sindiquimicabr.com.br\/index.php\/wp-json\/wp\/v2\/users\/2"}],"replies":[{"embeddable":true,"href":"http:\/\/sindiquimicabr.com.br\/index.php\/wp-json\/wp\/v2\/comments?post=12925"}],"version-history":[{"count":2,"href":"http:\/\/sindiquimicabr.com.br\/index.php\/wp-json\/wp\/v2\/posts\/12925\/revisions"}],"predecessor-version":[{"id":12928,"href":"http:\/\/sindiquimicabr.com.br\/index.php\/wp-json\/wp\/v2\/posts\/12925\/revisions\/12928"}],"wp:featuredmedia":[{"embeddable":true,"href":"http:\/\/sindiquimicabr.com.br\/index.php\/wp-json\/wp\/v2\/media\/12926"}],"wp:attachment":[{"href":"http:\/\/sindiquimicabr.com.br\/index.php\/wp-json\/wp\/v2\/media?parent=12925"}],"wp:term":[{"taxonomy":"category","embeddable":true,"href":"http:\/\/sindiquimicabr.com.br\/index.php\/wp-json\/wp\/v2\/categories?post=12925"},{"taxonomy":"post_tag","embeddable":true,"href":"http:\/\/sindiquimicabr.com.br\/index.php\/wp-json\/wp\/v2\/tags?post=12925"}],"curies":[{"name":"wp","href":"https:\/\/api.w.org\/{rel}","templated":true}]}}