{"id":12991,"date":"2021-12-20T11:21:28","date_gmt":"2021-12-20T11:21:28","guid":{"rendered":"http:\/\/sindiquimicabr.com.br\/?p=12991"},"modified":"2021-12-20T11:22:02","modified_gmt":"2021-12-20T11:22:02","slug":"inflacao-e-perda-de-renda-esvaziam-reservas-acumuladas-na-pandemia","status":"publish","type":"post","link":"http:\/\/sindiquimicabr.com.br\/index.php\/2021\/12\/20\/inflacao-e-perda-de-renda-esvaziam-reservas-acumuladas-na-pandemia\/","title":{"rendered":"Infla\u00e7\u00e3o e perda de renda esvaziam reservas acumuladas na pandemia"},"content":{"rendered":"<h4 class=\"news-subheadline\">Estimativas do \u00faltimo Relat\u00f3rio de Infla\u00e7\u00e3o, publicado pelo Banco Central na sexta (17), indicam perda de renda de 7,6% neste ano at\u00e9 setembro, descontada a infla\u00e7\u00e3o<\/h4>\n<div class=\"news-main-image \"><picture><source srcset=\"https:\/\/media-manager.noticiasaominuto.com.br\/640\/naom_6142025d59462.jpg\" media=\"(max-width: 640px)\" \/><source srcset=\"https:\/\/media-manager.noticiasaominuto.com.br\/960\/naom_6142025d59462.jpg\" media=\"(max-width: 960px)\" \/><img decoding=\"async\" class=\"img-responsive \" src=\"https:\/\/media-manager.noticiasaominuto.com.br\/1920\/naom_6142025d59462.jpg\" alt=\"Infla\u00e7\u00e3o e perda de renda esvaziam reservas acumuladas na pandemia\" \/> <\/picture><\/div>\n<div class=\"row\">\n<div class=\"col-lg-12 col-md-12 col-sm-6 col-xs-6\">\n<p class=\"news-main-image-copyright text-left\">\n<\/div>\n<\/div>\n<div class=\"row news-main-text-container\">\n<div class=\"col-lg-12 col-md-12 col-sm-12 col-xs-12\">\n<div class=\"news-main-text\">\n<p style=\"text-align: justify;\"><span class=\"news_capital_letter\">S<\/span>\u00c3O PAULO, SP (FOLHAPRESS) &#8211; A alta da infla\u00e7\u00e3o e a perda de renda est\u00e3o esvaziando as reservas acumuladas pelos brasileiros na fase mais cr\u00edtica da pandemia do coronav\u00edrus, quando o pagamento do aux\u00edlio emergencial destinado aos mais pobres e a redu\u00e7\u00e3o do consumo levaram a um aumento significativo das taxas de poupan\u00e7a.<\/p>\n<p style=\"text-align: justify;\">Estat\u00edsticas recentes mostram queda acentuada dos fluxos de poupan\u00e7a e sugerem forte correla\u00e7\u00e3o do movimento com a diminui\u00e7\u00e3o da renda dos trabalhadores nos \u00faltimos meses, afirmam economistas.<\/p>\n<p style=\"text-align: justify;\">C\u00e1lculos do professor Carlos Antonio Rocca, do Cemec-Fipe, apontam fluxo negativo de R$ 13,8 bilh\u00f5es na poupan\u00e7a financeira das fam\u00edlias em setembro, numa medida ampla que inclui dep\u00f3sitos em cadernetas de poupan\u00e7a, investimentos em a\u00e7\u00f5es e outras aplica\u00e7\u00f5es financeiras.<\/p>\n<p style=\"text-align: justify;\">A queda foi maior em cadernetas de poupan\u00e7a com saldos inferiores a R$ 5.000. Somente as cadernetas com saldos superiores a R$ 50 mil registraram fluxo positivo, segundo dados do Fundo Garantidor de Cr\u00e9dito compilados por Rocca.<\/p>\n<p style=\"text-align: justify;\">Estimativas do \u00faltimo Relat\u00f3rio de Infla\u00e7\u00e3o, publicado pelo Banco Central na sexta (17), indicam perda de renda de 7,6% neste ano at\u00e9 setembro, descontada a infla\u00e7\u00e3o. A conta inclui sal\u00e1rios, aposentadorias, benef\u00edcios sociais e outras rendas.<\/p>\n<\/div>\n<\/div>\n<p>Fonte: <a href=\"https:\/\/www.noticiasaominuto.com.br\/economia\/1870153\/inflacao-e-perda-de-renda-esvaziam-reservas-acumuladas-na-pandemia\">Noticias ao Minuto<\/a><\/p>\n<\/div>\n","protected":false},"excerpt":{"rendered":"<p>Estimativas do \u00faltimo Relat\u00f3rio de Infla\u00e7\u00e3o, publicado pelo Banco Central na sexta (17), indicam perda de renda de 7,6% neste ano at\u00e9 setembro, descontada a infla\u00e7\u00e3o S\u00c3O PAULO, SP (FOLHAPRESS) &#8211; A alta da infla\u00e7\u00e3o e a perda de renda est\u00e3o esvaziando as reservas acumuladas pelos brasileiros na fase mais cr\u00edtica da pandemia do coronav\u00edrus,<a class=\"moretag\" href=\"http:\/\/sindiquimicabr.com.br\/index.php\/2021\/12\/20\/inflacao-e-perda-de-renda-esvaziam-reservas-acumuladas-na-pandemia\/\"> [&#8230;]<\/a><\/p>\n","protected":false},"author":2,"featured_media":12993,"comment_status":"closed","ping_status":"closed","sticky":false,"template":"","format":"standard","meta":[],"categories":[9],"tags":[],"_links":{"self":[{"href":"http:\/\/sindiquimicabr.com.br\/index.php\/wp-json\/wp\/v2\/posts\/12991"}],"collection":[{"href":"http:\/\/sindiquimicabr.com.br\/index.php\/wp-json\/wp\/v2\/posts"}],"about":[{"href":"http:\/\/sindiquimicabr.com.br\/index.php\/wp-json\/wp\/v2\/types\/post"}],"author":[{"embeddable":true,"href":"http:\/\/sindiquimicabr.com.br\/index.php\/wp-json\/wp\/v2\/users\/2"}],"replies":[{"embeddable":true,"href":"http:\/\/sindiquimicabr.com.br\/index.php\/wp-json\/wp\/v2\/comments?post=12991"}],"version-history":[{"count":1,"href":"http:\/\/sindiquimicabr.com.br\/index.php\/wp-json\/wp\/v2\/posts\/12991\/revisions"}],"predecessor-version":[{"id":12992,"href":"http:\/\/sindiquimicabr.com.br\/index.php\/wp-json\/wp\/v2\/posts\/12991\/revisions\/12992"}],"wp:featuredmedia":[{"embeddable":true,"href":"http:\/\/sindiquimicabr.com.br\/index.php\/wp-json\/wp\/v2\/media\/12993"}],"wp:attachment":[{"href":"http:\/\/sindiquimicabr.com.br\/index.php\/wp-json\/wp\/v2\/media?parent=12991"}],"wp:term":[{"taxonomy":"category","embeddable":true,"href":"http:\/\/sindiquimicabr.com.br\/index.php\/wp-json\/wp\/v2\/categories?post=12991"},{"taxonomy":"post_tag","embeddable":true,"href":"http:\/\/sindiquimicabr.com.br\/index.php\/wp-json\/wp\/v2\/tags?post=12991"}],"curies":[{"name":"wp","href":"https:\/\/api.w.org\/{rel}","templated":true}]}}