{"id":12995,"date":"2021-12-20T11:24:27","date_gmt":"2021-12-20T11:24:27","guid":{"rendered":"http:\/\/sindiquimicabr.com.br\/?p=12995"},"modified":"2021-12-20T11:26:12","modified_gmt":"2021-12-20T11:26:12","slug":"retrospectiva-2021-confira-as-principais-noticias-de-janeiro","status":"publish","type":"post","link":"http:\/\/sindiquimicabr.com.br\/index.php\/2021\/12\/20\/retrospectiva-2021-confira-as-principais-noticias-de-janeiro\/","title":{"rendered":"Retrospectiva 2021: confira as principais not\u00edcias de janeiro"},"content":{"rendered":"<h4 class=\"news-subheadline\">No dia 7,\u00a0o pa\u00eds teve a not\u00edcia sobre a efic\u00e1cia da vacina que estava sendo produzida pelo Instituto Butantan: a CoronaVac<\/h4>\n<div class=\"news-main-image \"><picture><source srcset=\"https:\/\/media-manager.noticiasaominuto.com.br\/640\/naom_600e7fab320a0.jpg\" media=\"(max-width: 640px)\" \/><source srcset=\"https:\/\/media-manager.noticiasaominuto.com.br\/960\/naom_600e7fab320a0.jpg\" media=\"(max-width: 960px)\" \/><img decoding=\"async\" class=\"img-responsive \" src=\"https:\/\/media-manager.noticiasaominuto.com.br\/1920\/naom_600e7fab320a0.jpg\" alt=\"Retrospectiva 2021: confira as principais not\u00edcias de janeiro\" \/> <\/picture><\/div>\n<div class=\"row\">\n<div class=\"col-lg-12 col-md-12 col-sm-6 col-xs-6\">\n<p class=\"news-main-image-copyright text-left\">\n<\/div>\n<\/div>\n<div class=\"row news-main-text-container\">\n<div class=\"col-lg-12 col-md-12 col-sm-12 col-xs-12\">\n<div class=\"news-main-text\">\n<p style=\"text-align: justify;\"><span class=\"news_capital_letter\">O<\/span> ano de 2021 come\u00e7ou com v\u00e1rias mudan\u00e7as no mundo todo, sobretudo na pol\u00edtica. Na Europa, o Reino Unido concluiu o processo do Brexit, a sa\u00edda da Uni\u00e3o Europeia. Nos Estados Unidos, a posse de Joe Biden foi marcada por uma s\u00e9rie de conflitos incluindo a invas\u00e3o do Capit\u00f3lio Americano por manifestantes a favor do candidato derrotado, Donald Trump. A a\u00e7\u00e3o deixou quatro pessoas mortas e 50 feridas. Trump, ali\u00e1s, sofreu um processo de impeachment pelo Congresso Americano. Por\u00e9m, foi absolvido pelos senadores.<\/p>\n<p style=\"text-align: justify;\">No Brasil, o estado do Amazonas viveu uma crise de sa\u00fade provocada pela pandemia de covid-19. Escassez de leitos e, sobretudo, de oxig\u00eanio. No dia 12, o governador Wilson Lima afirmou que, s\u00f3 nos estabelecimentos p\u00fablicos de sa\u00fade, a demanda pelo produto tinha aumentado mais de 11 vezes al\u00e9m da m\u00e9dia di\u00e1ria de consumo em virtude do crescimento do n\u00famero de casos de\u00a0covid-19.<\/p>\n<p style=\"text-align: justify;\">Em Manaus, tamb\u00e9m se descobriu uma nova variante do novo coronav\u00edrus identificada por pesquisadores japoneses em viajantes que estiveram no estado. Inicialmente denominada de P1, a variante passou a se chamar Gamma.<\/p>\n<p style=\"text-align: justify;\">Previsto para ser realizado no fim do ano passado, devido \u00e0 pandemia de covid-19, o Exame Nacional do Ensino M\u00e9dio (Enem) 2020 foi remarcado para janeiro de 2021. Entidades escolares e at\u00e9 mesmo a Defensoria P\u00fablica da Uni\u00e3o solicitaram nova remarca\u00e7\u00e3o do exame. Por\u00e9m, o pedido foi negado pela Justi\u00e7a.<\/p>\n<p style=\"text-align: justify;\">Para garantir a realiza\u00e7\u00e3o da prova, o Inep adotou diversos protocolos de seguran\u00e7a que tiveram de ser seguidos pelos candidatos sob o\u00a0risco de serem eliminados.<\/p>\n<p style=\"text-align: justify;\">A taxa de absten\u00e7\u00e3o foi de\u00a051,5% no primeiro dia de provas e 55,3%\u00a0no segundo.<\/p>\n<p style=\"text-align: justify;\">No dia 7,\u00a0o pa\u00eds teve a not\u00edcia sobre a efic\u00e1cia da vacina que estava sendo produzida pelo Instituto Butantan: a CoronaVac. De acordo com o governo de S\u00e3o Paulo, o imunizante apresentou efic\u00e1cia m\u00ednima de 78%. No mesmo dia, o Minist\u00e9rio da Sa\u00fade anunciou assinatura de contrato com o Instituto Butantan para adquirir at\u00e9 100 milh\u00f5es de doses da vacina.<\/p>\n<p style=\"text-align: justify;\">No dia seguinte (8),\u00a0o presidente Jair Bolsonaro enviou uma carta ao primeiro-ministro da \u00cdndia, Narendra Modi, na qual solicitava urg\u00eancia no envio para o Brasil das doses da vacina contra a covid-19 da AstraZeneca produzidas na \u00cdndia.<\/p>\n<p style=\"text-align: justify;\">Ainda n\u00e3o havia autoriza\u00e7\u00e3o da Ag\u00eancia Nacional de Vigil\u00e2ncia Sanit\u00e1ria (Anvisa) para o uso emergencial de nenhum imunizante no Brasil. Mas, no dia 17 de janeiro, um domingo, a ag\u00eancia se reuniu extraordinariamente para decidir os pedidos de autoriza\u00e7\u00e3o para uso emergencial de vacinas contra a covid-19. Por unanimidade, os cinco diretores da Anvisa\u00a0aprovaram o uso emergencial da CoronaVac e da vacina de Oxford (AstraZeneca) contra a covid-19.<\/p>\n<p style=\"text-align: justify;\">J\u00e1 no caso da Sputnik V,\u00a0a ag\u00eancia devolveu o pedido de uso emergencial para o laborat\u00f3rio respons\u00e1vel pela vacina. Segundo a Anvisa, o pedido do laborat\u00f3rio para uso emergencial n\u00e3o apresentou os requisitos m\u00ednimos para pudesse ser analisado pela ag\u00eancia.<\/p>\n<p style=\"text-align: justify;\">Na manh\u00e3 do dia seguinte (18),\u00a0come\u00e7ou a distribui\u00e7\u00e3o dos imunizantes para todos os estados.<\/p>\n<p style=\"text-align: justify;\">Alguns deles, como Goi\u00e1s, Piau\u00ed, Santa Catarina e S\u00e3o Paulo, iniciaram a vacina\u00e7\u00e3o no pr\u00f3prio\u00a0domingo. Por\u00e9m, a maioria come\u00e7ou na segunda, dia 20.\u00a0A vacina\u00e7\u00e3o teve in\u00edcio pelos grupos priorit\u00e1rios da chamada Fase 1: trabalhadores de sa\u00fade, pessoas institucionalizadas (que residem em asilos) com 60 anos de idade ou mais, pessoas institucionalizadas com defici\u00eancia e popula\u00e7\u00e3o ind\u00edgena aldeada.<\/p>\n<\/div>\n<\/div>\n<p>Fonte: <a href=\"https:\/\/www.noticiasaominuto.com.br\/ultima-hora\/1870183\/retrospectiva-2021-confira-as-principais-noticias-de-janeiro\">Noticias ao Minuto<\/a><\/p>\n<\/div>\n","protected":false},"excerpt":{"rendered":"<p>No dia 7,\u00a0o pa\u00eds teve a not\u00edcia sobre a efic\u00e1cia da vacina que estava sendo produzida pelo Instituto Butantan: a CoronaVac O ano de 2021 come\u00e7ou com v\u00e1rias mudan\u00e7as no mundo todo, sobretudo na pol\u00edtica. Na Europa, o Reino Unido concluiu o processo do Brexit, a sa\u00edda da Uni\u00e3o Europeia. Nos Estados Unidos, a posse<a class=\"moretag\" href=\"http:\/\/sindiquimicabr.com.br\/index.php\/2021\/12\/20\/retrospectiva-2021-confira-as-principais-noticias-de-janeiro\/\"> [&#8230;]<\/a><\/p>\n","protected":false},"author":2,"featured_media":12999,"comment_status":"closed","ping_status":"closed","sticky":false,"template":"","format":"standard","meta":[],"categories":[10],"tags":[],"_links":{"self":[{"href":"http:\/\/sindiquimicabr.com.br\/index.php\/wp-json\/wp\/v2\/posts\/12995"}],"collection":[{"href":"http:\/\/sindiquimicabr.com.br\/index.php\/wp-json\/wp\/v2\/posts"}],"about":[{"href":"http:\/\/sindiquimicabr.com.br\/index.php\/wp-json\/wp\/v2\/types\/post"}],"author":[{"embeddable":true,"href":"http:\/\/sindiquimicabr.com.br\/index.php\/wp-json\/wp\/v2\/users\/2"}],"replies":[{"embeddable":true,"href":"http:\/\/sindiquimicabr.com.br\/index.php\/wp-json\/wp\/v2\/comments?post=12995"}],"version-history":[{"count":3,"href":"http:\/\/sindiquimicabr.com.br\/index.php\/wp-json\/wp\/v2\/posts\/12995\/revisions"}],"predecessor-version":[{"id":13002,"href":"http:\/\/sindiquimicabr.com.br\/index.php\/wp-json\/wp\/v2\/posts\/12995\/revisions\/13002"}],"wp:featuredmedia":[{"embeddable":true,"href":"http:\/\/sindiquimicabr.com.br\/index.php\/wp-json\/wp\/v2\/media\/12999"}],"wp:attachment":[{"href":"http:\/\/sindiquimicabr.com.br\/index.php\/wp-json\/wp\/v2\/media?parent=12995"}],"wp:term":[{"taxonomy":"category","embeddable":true,"href":"http:\/\/sindiquimicabr.com.br\/index.php\/wp-json\/wp\/v2\/categories?post=12995"},{"taxonomy":"post_tag","embeddable":true,"href":"http:\/\/sindiquimicabr.com.br\/index.php\/wp-json\/wp\/v2\/tags?post=12995"}],"curies":[{"name":"wp","href":"https:\/\/api.w.org\/{rel}","templated":true}]}}