{"id":13018,"date":"2021-12-21T11:16:00","date_gmt":"2021-12-21T11:16:00","guid":{"rendered":"http:\/\/sindiquimicabr.com.br\/?p=13018"},"modified":"2021-12-21T11:18:24","modified_gmt":"2021-12-21T11:18:24","slug":"brasil-tem-27-casos-confirmados-da-variante-omicron","status":"publish","type":"post","link":"http:\/\/sindiquimicabr.com.br\/index.php\/2021\/12\/21\/brasil-tem-27-casos-confirmados-da-variante-omicron\/","title":{"rendered":"Brasil tem 27 casos confirmados da variante \u00d4micron"},"content":{"rendered":"<h4 class=\"news-subheadline\" style=\"text-align: justify;\">As infec\u00e7\u00f5es foram registradas em S\u00e3o Paulo (16), em Minas Gerais (3), em Goi\u00e1s (4), no Distrito Federal (2), no Rio Grande do Sul (1) e no Rio de Janeiro (1)<\/h4>\n<p style=\"text-align: justify;\"><a href=\"http:\/\/sindiquimicabr.com.br\/wp\/wp-content\/uploads\/2021\/12\/Brasil-tem-27-casos-confirmados-da-variante-Omicron.jpg\"><img decoding=\"async\" loading=\"lazy\" class=\"alignleft size-full wp-image-13022\" src=\"http:\/\/sindiquimicabr.com.br\/wp\/wp-content\/uploads\/2021\/12\/Brasil-tem-27-casos-confirmados-da-variante-Omicron.jpg\" alt=\"\" width=\"1920\" height=\"1080\" srcset=\"http:\/\/sindiquimicabr.com.br\/wp\/wp-content\/uploads\/2021\/12\/Brasil-tem-27-casos-confirmados-da-variante-Omicron.jpg 1920w, http:\/\/sindiquimicabr.com.br\/wp\/wp-content\/uploads\/2021\/12\/Brasil-tem-27-casos-confirmados-da-variante-Omicron-300x169.jpg 300w, http:\/\/sindiquimicabr.com.br\/wp\/wp-content\/uploads\/2021\/12\/Brasil-tem-27-casos-confirmados-da-variante-Omicron-1024x576.jpg 1024w, http:\/\/sindiquimicabr.com.br\/wp\/wp-content\/uploads\/2021\/12\/Brasil-tem-27-casos-confirmados-da-variante-Omicron-768x432.jpg 768w, http:\/\/sindiquimicabr.com.br\/wp\/wp-content\/uploads\/2021\/12\/Brasil-tem-27-casos-confirmados-da-variante-Omicron-1536x864.jpg 1536w\" sizes=\"(max-width: 1920px) 100vw, 1920px\" \/><\/a><\/p>\n<p style=\"text-align: justify;\"><span class=\"news_capital_letter\">B<\/span>alan\u00e7o divulgado nesta segunda-feira (20) pelo Minist\u00e9rio da Sa\u00fade indica que foram registrados 27 casos no Brasil da nova variante do coronav\u00edrus, a \u00d4micron.<\/p>\n<p style=\"text-align: justify;\">As infec\u00e7\u00f5es foram registradas em S\u00e3o Paulo (16), em Minas Gerais (3), em Goi\u00e1s (4), no Distrito Federal (2), no Rio Grande do Sul (1) e no Rio de Janeiro (1).<\/p>\n<p style=\"text-align: justify;\">H\u00e1 ainda, segundo a pasta, sete casos em investiga\u00e7\u00e3o em Goi\u00e1s (2) e Minas Gerais (5).<\/p>\n<p style=\"text-align: justify;\"><span class=\"news_capital_letter\">B<\/span>alan\u00e7o divulgado nesta segunda-feira (20) pelo Minist\u00e9rio da Sa\u00fade indica que foram registrados 27 casos no Brasil da nova variante do coronav\u00edrus, a \u00d4micron.<\/p>\n<p style=\"text-align: justify;\">As infec\u00e7\u00f5es foram registradas em S\u00e3o Paulo (16), em Minas Gerais (3), em Goi\u00e1s (4), no Distrito Federal (2), no Rio Grande do Sul (1) e no Rio de Janeiro (1).<\/p>\n<p style=\"text-align: justify;\">H\u00e1 ainda, segundo a pasta, sete casos em investiga\u00e7\u00e3o em Goi\u00e1s (2) e Minas Gerais (5).<\/p>\n<p style=\"text-align: justify;\">Fonte: <a href=\"https:\/\/www.noticiasaominuto.com.br\/ultima-hora\/1870457\/brasil-tem-27-casos-confirmados-da-variante-omicron\" target=\"_blank\" rel=\"noopener\">Not\u00edcias ao Minuto<\/a><\/p>\n","protected":false},"excerpt":{"rendered":"<p>As infec\u00e7\u00f5es foram registradas em S\u00e3o Paulo (16), em Minas Gerais (3), em Goi\u00e1s (4), no Distrito Federal (2), no Rio Grande do Sul (1) e no Rio de Janeiro (1) Balan\u00e7o divulgado nesta segunda-feira (20) pelo Minist\u00e9rio da Sa\u00fade indica que foram registrados 27 casos no Brasil da nova variante do coronav\u00edrus, a \u00d4micron.<a class=\"moretag\" href=\"http:\/\/sindiquimicabr.com.br\/index.php\/2021\/12\/21\/brasil-tem-27-casos-confirmados-da-variante-omicron\/\"> [&#8230;]<\/a><\/p>\n","protected":false},"author":2,"featured_media":13022,"comment_status":"closed","ping_status":"closed","sticky":false,"template":"","format":"standard","meta":[],"categories":[9],"tags":[],"_links":{"self":[{"href":"http:\/\/sindiquimicabr.com.br\/index.php\/wp-json\/wp\/v2\/posts\/13018"}],"collection":[{"href":"http:\/\/sindiquimicabr.com.br\/index.php\/wp-json\/wp\/v2\/posts"}],"about":[{"href":"http:\/\/sindiquimicabr.com.br\/index.php\/wp-json\/wp\/v2\/types\/post"}],"author":[{"embeddable":true,"href":"http:\/\/sindiquimicabr.com.br\/index.php\/wp-json\/wp\/v2\/users\/2"}],"replies":[{"embeddable":true,"href":"http:\/\/sindiquimicabr.com.br\/index.php\/wp-json\/wp\/v2\/comments?post=13018"}],"version-history":[{"count":2,"href":"http:\/\/sindiquimicabr.com.br\/index.php\/wp-json\/wp\/v2\/posts\/13018\/revisions"}],"predecessor-version":[{"id":13023,"href":"http:\/\/sindiquimicabr.com.br\/index.php\/wp-json\/wp\/v2\/posts\/13018\/revisions\/13023"}],"wp:featuredmedia":[{"embeddable":true,"href":"http:\/\/sindiquimicabr.com.br\/index.php\/wp-json\/wp\/v2\/media\/13022"}],"wp:attachment":[{"href":"http:\/\/sindiquimicabr.com.br\/index.php\/wp-json\/wp\/v2\/media?parent=13018"}],"wp:term":[{"taxonomy":"category","embeddable":true,"href":"http:\/\/sindiquimicabr.com.br\/index.php\/wp-json\/wp\/v2\/categories?post=13018"},{"taxonomy":"post_tag","embeddable":true,"href":"http:\/\/sindiquimicabr.com.br\/index.php\/wp-json\/wp\/v2\/tags?post=13018"}],"curies":[{"name":"wp","href":"https:\/\/api.w.org\/{rel}","templated":true}]}}