{"id":13020,"date":"2021-12-21T11:18:52","date_gmt":"2021-12-21T11:18:52","guid":{"rendered":"http:\/\/sindiquimicabr.com.br\/?p=13020"},"modified":"2021-12-21T11:19:18","modified_gmt":"2021-12-21T11:19:18","slug":"omicron-esteja-atento-ha-um-novo-sintoma-raro","status":"publish","type":"post","link":"http:\/\/sindiquimicabr.com.br\/index.php\/2021\/12\/21\/omicron-esteja-atento-ha-um-novo-sintoma-raro\/","title":{"rendered":"\u00d4micron: Esteja atento, h\u00e1 um novo sintoma (raro)"},"content":{"rendered":"<h4 class=\"news-subheadline\">Apesar de ser considerada menos severa, os casos de infec\u00e7\u00e3o associados \u00e0 estirpe \u00d4micron do coronav\u00edrus SARS-CoV-2, causador da Covid-19, continuam a aumentar no Brasil e por todo o mundo.<\/h4>\n<div class=\"news-main-image \"><picture><source srcset=\"https:\/\/media-manager.noticiasaominuto.com.br\/640\/naom_61c1865c0f1f0.jpg\" media=\"(max-width: 640px)\" \/><source srcset=\"https:\/\/media-manager.noticiasaominuto.com.br\/960\/naom_61c1865c0f1f0.jpg\" media=\"(max-width: 960px)\" \/><img decoding=\"async\" class=\"img-responsive \" src=\"https:\/\/media-manager.noticiasaominuto.com.br\/1920\/naom_61c1865c0f1f0.jpg\" alt=\"\u00d4micron: Esteja atento, h\u00e1 um novo sintoma (raro)\" \/> <\/picture><\/div>\n<div class=\"row\">\n<div class=\"col-lg-12 col-md-12 col-sm-6 col-xs-6\"><\/div>\n<\/div>\n<div class=\"row news-main-text-container\">\n<div class=\"col-lg-12 col-md-12 col-sm-12 col-xs-12\">\n<div class=\"news-main-text\">\n<p style=\"text-align: justify;\"><span class=\"news_capital_letter\">R<\/span>ecentemente, a Organiza\u00e7\u00e3o Mundial de Sa\u00fade (OMS) alertou que a nova variante do SARS-CoV-2 pode infectar facilmente pessoas que tenham contra\u00eddo o v\u00edrus no passado ou estejam totalmente vacinadas. Todavia, e paralelamente, a ag\u00eancia de sa\u00fade global afirmou que os efeitos da \u00d4micron s\u00e3o mais brandos em compara\u00e7\u00e3o com os provocados pela variante Delta, reporta um artigo publicado no jornal Times of India.<\/p>\n<p style=\"text-align: justify;\">E agora, enquanto os m\u00e9dicos aguardam os resultados de mais pesquisas sobre a nova estirpe, listam alguns dos sintomas mais comuns associados \u00e0 \u00d4micron, nomeadamente: febre l que desaparece rapidamente; fadiga; garganta &#8216;arranhada&#8217; e dores musculares.<\/p>\n<p style=\"text-align: justify;\">Sendo de destacar que contrariamente a infec\u00e7\u00f5es causadas por outras variantes do coronav\u00edrus, os pacientes afetados pela \u00d4micron n\u00e3o t\u00eam reportado perda de olfato e de paladar (fen\u00f4meno conhecido por anosmia) &#8211; considerado um dos sinais mais marcantes da estirpe original.<\/p>\n<p style=\"text-align: justify;\">Como sabemos, o novo coronav\u00edrus e as suas variantes s\u00e3o altamente imprevis\u00edveis, n\u00e3o apenas em termos de virul\u00eancia, mas tamb\u00e9m de gravidade.<\/p>\n<p style=\"text-align: justify;\">Al\u00e9m disso, os sintomas tamb\u00e9m podem variar de pessoa para pessoa. Enquanto febre, fadiga e dor de garganta podem ser indicadores comuns da \u00d4micron, de acordo com o aplicativo brit\u00e2nico de estudo da Covid-19 ZOE Covid Symptom, a perda de apetite pode estar entre os sintomas raros e fora do comum relatados pelos pacientes.<\/p>\n<p style=\"text-align: justify;\">Os cientistas analisaram dados de sintomas de casos positivos registrados no app e os compararam com dados do in\u00edcio de outubro, quando a Delta era a estirpe dominante. Verificou-se que apenas 50% das pessoas haviam experienciado os tr\u00eas sintomas cl\u00e1ssicos, nomeadamente febre, tosse, ou perda de olfato ou paladar. A perda de apetite foi um dos sintomas incomuns registrados na an\u00e1lise.<\/p>\n<p style=\"text-align: justify;\">O aplicativo ZOE Covid Symptom coleta v\u00e1rios dados e foi formulado com o intuito de construir e criar um perfil de sintomas para a Covid-19 e suas variantes.<\/p>\n<p style=\"text-align: justify;\">A melhor maneira de determinar se algu\u00e9m contraiu ou n\u00e3o o v\u00edrus \u00e9 fazendo um exame RT-PCR. Se o teste der positivo, fique em isolamento e continue monitorar os sintomas. Adicionalmente, informe as pessoas com as quais esteve recentemente em contato pr\u00f3ximo para que estas tamb\u00e9m sejam testadas.<\/p>\n<\/div>\n<\/div>\n<p>Fonte: <a href=\"https:\/\/www.noticiasaominuto.com.br\/lifestyle\/1870478\/micron-o-novo-sintoma-raro-que-tem-de-ter-em-ateno\">Noticias ao Minuto<\/a><\/p>\n<\/div>\n","protected":false},"excerpt":{"rendered":"<p>Apesar de ser considerada menos severa, os casos de infec\u00e7\u00e3o associados \u00e0 estirpe \u00d4micron do coronav\u00edrus SARS-CoV-2, causador da Covid-19, continuam a aumentar no Brasil e por todo o mundo. Recentemente, a Organiza\u00e7\u00e3o Mundial de Sa\u00fade (OMS) alertou que a nova variante do SARS-CoV-2 pode infectar facilmente pessoas que tenham contra\u00eddo o v\u00edrus no passado<a class=\"moretag\" href=\"http:\/\/sindiquimicabr.com.br\/index.php\/2021\/12\/21\/omicron-esteja-atento-ha-um-novo-sintoma-raro\/\"> [&#8230;]<\/a><\/p>\n","protected":false},"author":2,"featured_media":13024,"comment_status":"closed","ping_status":"closed","sticky":false,"template":"","format":"standard","meta":[],"categories":[2],"tags":[],"_links":{"self":[{"href":"http:\/\/sindiquimicabr.com.br\/index.php\/wp-json\/wp\/v2\/posts\/13020"}],"collection":[{"href":"http:\/\/sindiquimicabr.com.br\/index.php\/wp-json\/wp\/v2\/posts"}],"about":[{"href":"http:\/\/sindiquimicabr.com.br\/index.php\/wp-json\/wp\/v2\/types\/post"}],"author":[{"embeddable":true,"href":"http:\/\/sindiquimicabr.com.br\/index.php\/wp-json\/wp\/v2\/users\/2"}],"replies":[{"embeddable":true,"href":"http:\/\/sindiquimicabr.com.br\/index.php\/wp-json\/wp\/v2\/comments?post=13020"}],"version-history":[{"count":1,"href":"http:\/\/sindiquimicabr.com.br\/index.php\/wp-json\/wp\/v2\/posts\/13020\/revisions"}],"predecessor-version":[{"id":13025,"href":"http:\/\/sindiquimicabr.com.br\/index.php\/wp-json\/wp\/v2\/posts\/13020\/revisions\/13025"}],"wp:featuredmedia":[{"embeddable":true,"href":"http:\/\/sindiquimicabr.com.br\/index.php\/wp-json\/wp\/v2\/media\/13024"}],"wp:attachment":[{"href":"http:\/\/sindiquimicabr.com.br\/index.php\/wp-json\/wp\/v2\/media?parent=13020"}],"wp:term":[{"taxonomy":"category","embeddable":true,"href":"http:\/\/sindiquimicabr.com.br\/index.php\/wp-json\/wp\/v2\/categories?post=13020"},{"taxonomy":"post_tag","embeddable":true,"href":"http:\/\/sindiquimicabr.com.br\/index.php\/wp-json\/wp\/v2\/tags?post=13020"}],"curies":[{"name":"wp","href":"https:\/\/api.w.org\/{rel}","templated":true}]}}