{"id":13060,"date":"2021-12-22T11:52:07","date_gmt":"2021-12-22T11:52:07","guid":{"rendered":"http:\/\/sindiquimicabr.com.br\/?p=13060"},"modified":"2021-12-22T12:12:00","modified_gmt":"2021-12-22T12:12:00","slug":"sistema-que-registra-mortes-por-covid-volta-a-funcionar-11-dias-apos-ataque-hacker","status":"publish","type":"post","link":"http:\/\/sindiquimicabr.com.br\/index.php\/2021\/12\/22\/sistema-que-registra-mortes-por-covid-volta-a-funcionar-11-dias-apos-ataque-hacker\/","title":{"rendered":"Sistema que registra mortes por Covid volta a funcionar 11 dias ap\u00f3s ataque hacker"},"content":{"rendered":"<h4 class=\"news-subheadline\">A e-SUS Notifica foi inativada depois de um ataque hacker na madrugada de 10 de dezembro<\/h4>\n<div class=\"news-main-image \"><picture><source srcset=\"https:\/\/media-manager.noticiasaominuto.com.br\/640\/naom_5f99cddda373d.jpg?crop_params=eyJsYW5kc2NhcGUiOnsiY3JvcFdpZHRoIjo0MjAsImNyb3BIZWlnaHQiOjIzNiwiY3JvcFgiOjI0MCwiY3JvcFkiOjB9fQ==\" media=\"(max-width: 640px)\"><source srcset=\"https:\/\/media-manager.noticiasaominuto.com.br\/960\/naom_5f99cddda373d.jpg?crop_params=eyJsYW5kc2NhcGUiOnsiY3JvcFdpZHRoIjo0MjAsImNyb3BIZWlnaHQiOjIzNiwiY3JvcFgiOjI0MCwiY3JvcFkiOjB9fQ==\" media=\"(max-width: 960px)\"><img decoding=\"async\" class=\"img-responsive \" src=\"https:\/\/media-manager.noticiasaominuto.com.br\/1920\/naom_5f99cddda373d.jpg?crop_params=eyJsYW5kc2NhcGUiOnsiY3JvcFdpZHRoIjo0MjAsImNyb3BIZWlnaHQiOjIzNiwiY3JvcFgiOjI0MCwiY3JvcFkiOjB9fQ==\" alt=\"Sistema que registra mortes por Covid volta a funcionar 11 dias ap\u00f3s ataque hacker\"> <\/picture><\/div>\n<div class=\"row\">\n<div class=\"col-lg-12 col-md-12 col-sm-6 col-xs-6\"><\/div>\n<\/div>\n<div class=\"row news-info-container no-margin\">\n<div class=\"col-lg-6 col-md-6 col-sm-6 hidden-xs no-padding\">\n<div class=\"news-social\"><\/div>\n<\/div>\n<\/div>\n<div class=\"row news-main-text-container\">\n<div class=\"col-lg-12 col-md-12 col-sm-12 col-xs-12\">\n<div class=\"news-main-text\">\n<p style=\"text-align: justify;\"><span class=\"news_capital_letter\">B<\/span>RAS\u00cdLIA, DF (FOLHAPRESS) &#8211; Depois de 11 dias fora do ar, o Minist\u00e9rio da Sa\u00fade informou que o sistema e-SUS Notifica, que registra casos e mortes por Covid-19, voltou a funcionar nesta ter\u00e7a-feira (21). A plataforma foi inativada depois de um ataque hacker na madrugada de 10 de dezembro.<\/p>\n<p style=\"text-align: justify;\">O Conecte SUS, que re\u00fane informa\u00e7\u00f5es do hist\u00f3rico cl\u00ednico dos pacientes, como vacinas recebidas, medicamentos dispensados e exames feitos, segue fora do ar. \u00c9 por este canal, acessado por aplicativo ou em site do governo, que s\u00e3o emitidos os comprovantes de vacina\u00e7\u00e3o contra a Covid.<\/p>\n<p style=\"text-align: justify;\">O SIVEP-Gripe (Sistema de Informa\u00e7\u00e3o da Vigil\u00e2ncia Epidemiol\u00f3gica da Gripe) e o Sisreg (Sistema de Regula\u00e7\u00e3o) tamb\u00e9m foram restabelecidos, segundo a pasta.<\/p>\n<p style=\"text-align: justify;\">O minist\u00e9rio afirmou que est\u00e1 &#8220;trabalhando para retornar os sistemas Conecte SUS, SI-PNI, Localiza SUS e OpenDatasus com a maior brevidade poss\u00edvel&#8221;.<\/p>\n<p style=\"text-align: justify;\">O site do Minist\u00e9rio da Sa\u00fade saiu do ar ap\u00f3s o ataque cibern\u00e9tico e alguns sistemas pararam de funcionar, o que levou a pausa na divulga\u00e7\u00e3o de dados oficiais da pandemia, al\u00e9m do acesso ao registro de vacina\u00e7\u00e3o contra a Covid.<\/p>\n<p style=\"text-align: justify;\">Na ocasi\u00e3o, a Pol\u00edcia Federal abriu inqu\u00e9rito para apurar o caso e avalia a extens\u00e3o do ataque cibern\u00e9tico perpetrado contra diferentes setores do governo.<\/p>\n<p style=\"text-align: justify;\">O problema ocorre em meio \u00e0 intensifica\u00e7\u00e3o do controle das fronteiras ap\u00f3s a descoberta da variante \u00f4micron do coronav\u00edrus. O governo federal publicou na segunda-feira (20) portaria que obriga a apresenta\u00e7\u00e3o de comprovante de vacina\u00e7\u00e3o contra Covid para entrada de viajantes no pa\u00eds.<\/p>\n<p style=\"text-align: justify;\">A medida atende \u00e0 decis\u00e3o do STF (Superior Tribunal Federal) de que fosse exigido o passaporte de imuniza\u00e7\u00e3o para todo viajante que vier do exterior para o Brasil.<\/p>\n<p style=\"text-align: justify;\">De acordo com a portaria, quem chega ao pa\u00eds por via a\u00e9rea deve apresentar \u00e0 companhia a\u00e9rea respons\u00e1vel pelo voo, antes do embarque, o comprovante de vacina\u00e7\u00e3o impresso ou em meio eletr\u00f4nico.<\/p>\n<p style=\"text-align: justify;\">Enquanto o sistema n\u00e3o retorna, o minist\u00e9rio disponibilizou um site com orienta\u00e7\u00f5es para emiss\u00e3o tempor\u00e1ria do comprovante de vacina\u00e7\u00e3o.<\/p>\n<\/div>\n<\/div>\n<p>Fonte: <a href=\"https:\/\/www.noticiasaominuto.com.br\/brasil\/1870702\/sistema-que-registra-mortes-por-covid-volta-a-funcionar-11-dias-apos-ataque-hacker\">Noticias ao Minuto<\/a><\/p>\n<\/div>\n","protected":false},"excerpt":{"rendered":"<p>A e-SUS Notifica foi inativada depois de um ataque hacker na madrugada de 10 de dezembro BRAS\u00cdLIA, DF (FOLHAPRESS) &#8211; Depois de 11 dias fora do ar, o Minist\u00e9rio da Sa\u00fade informou que o sistema e-SUS Notifica, que registra casos e mortes por Covid-19, voltou a funcionar nesta ter\u00e7a-feira (21). A plataforma foi inativada depois<a class=\"moretag\" href=\"http:\/\/sindiquimicabr.com.br\/index.php\/2021\/12\/22\/sistema-que-registra-mortes-por-covid-volta-a-funcionar-11-dias-apos-ataque-hacker\/\"> [&#8230;]<\/a><\/p>\n","protected":false},"author":2,"featured_media":13069,"comment_status":"closed","ping_status":"closed","sticky":false,"template":"","format":"standard","meta":[],"categories":[9],"tags":[],"_links":{"self":[{"href":"http:\/\/sindiquimicabr.com.br\/index.php\/wp-json\/wp\/v2\/posts\/13060"}],"collection":[{"href":"http:\/\/sindiquimicabr.com.br\/index.php\/wp-json\/wp\/v2\/posts"}],"about":[{"href":"http:\/\/sindiquimicabr.com.br\/index.php\/wp-json\/wp\/v2\/types\/post"}],"author":[{"embeddable":true,"href":"http:\/\/sindiquimicabr.com.br\/index.php\/wp-json\/wp\/v2\/users\/2"}],"replies":[{"embeddable":true,"href":"http:\/\/sindiquimicabr.com.br\/index.php\/wp-json\/wp\/v2\/comments?post=13060"}],"version-history":[{"count":4,"href":"http:\/\/sindiquimicabr.com.br\/index.php\/wp-json\/wp\/v2\/posts\/13060\/revisions"}],"predecessor-version":[{"id":13071,"href":"http:\/\/sindiquimicabr.com.br\/index.php\/wp-json\/wp\/v2\/posts\/13060\/revisions\/13071"}],"wp:featuredmedia":[{"embeddable":true,"href":"http:\/\/sindiquimicabr.com.br\/index.php\/wp-json\/wp\/v2\/media\/13069"}],"wp:attachment":[{"href":"http:\/\/sindiquimicabr.com.br\/index.php\/wp-json\/wp\/v2\/media?parent=13060"}],"wp:term":[{"taxonomy":"category","embeddable":true,"href":"http:\/\/sindiquimicabr.com.br\/index.php\/wp-json\/wp\/v2\/categories?post=13060"},{"taxonomy":"post_tag","embeddable":true,"href":"http:\/\/sindiquimicabr.com.br\/index.php\/wp-json\/wp\/v2\/tags?post=13060"}],"curies":[{"name":"wp","href":"https:\/\/api.w.org\/{rel}","templated":true}]}}