{"id":13082,"date":"2021-12-23T11:22:38","date_gmt":"2021-12-23T11:22:38","guid":{"rendered":"http:\/\/sindiquimicabr.com.br\/?p=13082"},"modified":"2021-12-23T11:40:46","modified_gmt":"2021-12-23T11:40:46","slug":"ministerio-da-saude-corta-r-290-milhoes-do-valor-destinado-ao-sus","status":"publish","type":"post","link":"http:\/\/sindiquimicabr.com.br\/index.php\/2021\/12\/23\/ministerio-da-saude-corta-r-290-milhoes-do-valor-destinado-ao-sus\/","title":{"rendered":"Minist\u00e9rio da Sa\u00fade corta R$ 290 milh\u00f5es do valor destinado ao SUS"},"content":{"rendered":"<h4 class=\"news-subheadline\">O governo diz que a medida otimiza recursos p\u00fablicos<\/h4>\n<div class=\"news-main-image \"><picture><source srcset=\"https:\/\/media-manager.noticiasaominuto.com.br\/640\/naom_614466bc9fb1f.jpg\" media=\"(max-width: 640px)\"><source srcset=\"https:\/\/media-manager.noticiasaominuto.com.br\/960\/naom_614466bc9fb1f.jpg\" media=\"(max-width: 960px)\"><img decoding=\"async\" class=\"img-responsive \" src=\"https:\/\/media-manager.noticiasaominuto.com.br\/1920\/naom_614466bc9fb1f.jpg\" alt=\"Minist\u00e9rio da Sa\u00fade corta R$ 290 milh\u00f5es do valor destinado ao SUS\"> <\/picture><\/div>\n<div class=\"row\">\n<div class=\"col-lg-12 col-md-12 col-sm-6 col-xs-6\"><\/div>\n<\/div>\n<div class=\"row news-info-container no-margin\">\n<div class=\"col-lg-6 col-md-6 col-sm-6 hidden-xs no-padding\">\n<div class=\"news-social\">\n<div class=\"fb-like\" data-href=\"https:\/\/www.noticiasaominuto.com.br\/brasil\/1870928\/2-ministerio-da-saude-corta-r-290-milhoes-do-valor-destinado-a-procedimentos-do-sus?utm_medium=social&amp;utm_source=facebook.com&amp;utm_campaign=buffer\" data-layout=\"button\" data-action=\"like\" data-size=\"small\" data-show-faces=\"true\" data-share=\"false\"><\/div>\n<\/div>\n<\/div>\n<\/div>\n<div class=\"row news-main-text-container\">\n<div class=\"col-lg-12 col-md-12 col-sm-12 col-xs-12\">\n<div class=\"news-main-text\">\n<p style=\"text-align: justify;\"><span class=\"news_capital_letter\">S<\/span>\u00c3O PAULO, SP (FOLHAPRESS) &#8211; A ind\u00fastria de produtos para a sa\u00fade reagiu \u00e0 decis\u00e3o do governo federal de reduzir mais de R$ 290 milh\u00f5es do valor reembolsado aos hospitais por procedimentos e materiais usados no SUS (Sistema \u00danico de Sa\u00fade).<\/p>\n<p style=\"text-align: justify;\">A portaria do Minist\u00e9rio da Sa\u00fade, publicada nesta ter\u00e7a-feira (21), tem 50 dispositivos -a maioria usados em cirurgias cardiovasculares, como marcapassos e desfibriladores.<\/p>\n<p style=\"text-align: justify;\">C\u00e1lculos da Abiis (Alian\u00e7a Brasileira da Ind\u00fastria Inovadora em Sa\u00fade) indicam redu\u00e7\u00e3o superior a 80% no valor de reembolso unit\u00e1rio do stent para art\u00e9ria coron\u00e1ria, que ficou em R$ 341,17 na nova tabela. Para um modelo de desfibrilador, a queda foi de R$ 50 mil para R$ 18,5 mil, conforme a entidade.<\/p>\n<p style=\"text-align: justify;\">Bruno Bezerra, diretor-executivo da Abraidi (Associa\u00e7\u00e3o Brasileira de Importadores e Distribuidores de Produtos para Sa\u00fade), afirma que, com o reembolso menor, o fornecimento de alguns dispositivos para o SUS deve se tornar invi\u00e1vel, principalmente para hospitais que compram produtos somente com repasses do governo federal.<\/p>\n<p style=\"text-align: justify;\">Ele afirma que a medida compromete a ind\u00fastria instalada no pa\u00eds e os importadores, j\u00e1 que porcentagem expressiva dos produtos usados na sa\u00fade vem do exterior. A mudan\u00e7a se soma ao c\u00e2mbio e \u00e0s tentativas de aumento de impostos no setor, al\u00e9m da suspens\u00e3o de cirurgias eletivas para abrir leitos de atendimentos de pacientes com Covid, em 2020.<\/p>\n<p style=\"text-align: justify;\">&#8220;Para n\u00f3s, o maior impacto \u00e9 a inseguran\u00e7a jur\u00eddica que isso traz. Da noite para o dia, sem nenhuma consulta ao setor, sem an\u00e1lise p\u00fablica, o governo publica uma portaria. Sucateia o atendimento e estrangula os distribuidores, que j\u00e1 n\u00e3o t\u00eam mais condi\u00e7\u00e3o de arcar com custos de opera\u00e7\u00e3o&#8221;, diz Bezerra.<\/p>\n<p style=\"text-align: justify;\">Na portaria, o governo diz que a medida otimiza recursos p\u00fablicos, que ser\u00e3o deduzidos do limite financeiro de m\u00e9dia e alta complexidade dos estados, do Distrito Federal e de munic\u00edpios, para serem aplicados em pol\u00edticas de aten\u00e7\u00e3o especializada.<\/p>\n<\/div>\n<\/div>\n<p>Fonte: <a href=\"https:\/\/www.noticiasaominuto.com.br\/brasil\/1870928\/2-ministerio-da-saude-corta-r-290-milhoes-do-valor-destinado-a-procedimentos-do-sus\">Noticias ao Minuto<\/a><\/p>\n<\/div>\n","protected":false},"excerpt":{"rendered":"<p>O governo diz que a medida otimiza recursos p\u00fablicos S\u00c3O PAULO, SP (FOLHAPRESS) &#8211; A ind\u00fastria de produtos para a sa\u00fade reagiu \u00e0 decis\u00e3o do governo federal de reduzir mais de R$ 290 milh\u00f5es do valor reembolsado aos hospitais por procedimentos e materiais usados no SUS (Sistema \u00danico de Sa\u00fade). A portaria do Minist\u00e9rio da<a class=\"moretag\" href=\"http:\/\/sindiquimicabr.com.br\/index.php\/2021\/12\/23\/ministerio-da-saude-corta-r-290-milhoes-do-valor-destinado-ao-sus\/\"> [&#8230;]<\/a><\/p>\n","protected":false},"author":2,"featured_media":13111,"comment_status":"closed","ping_status":"closed","sticky":false,"template":"","format":"standard","meta":[],"categories":[10],"tags":[],"_links":{"self":[{"href":"http:\/\/sindiquimicabr.com.br\/index.php\/wp-json\/wp\/v2\/posts\/13082"}],"collection":[{"href":"http:\/\/sindiquimicabr.com.br\/index.php\/wp-json\/wp\/v2\/posts"}],"about":[{"href":"http:\/\/sindiquimicabr.com.br\/index.php\/wp-json\/wp\/v2\/types\/post"}],"author":[{"embeddable":true,"href":"http:\/\/sindiquimicabr.com.br\/index.php\/wp-json\/wp\/v2\/users\/2"}],"replies":[{"embeddable":true,"href":"http:\/\/sindiquimicabr.com.br\/index.php\/wp-json\/wp\/v2\/comments?post=13082"}],"version-history":[{"count":3,"href":"http:\/\/sindiquimicabr.com.br\/index.php\/wp-json\/wp\/v2\/posts\/13082\/revisions"}],"predecessor-version":[{"id":13112,"href":"http:\/\/sindiquimicabr.com.br\/index.php\/wp-json\/wp\/v2\/posts\/13082\/revisions\/13112"}],"wp:featuredmedia":[{"embeddable":true,"href":"http:\/\/sindiquimicabr.com.br\/index.php\/wp-json\/wp\/v2\/media\/13111"}],"wp:attachment":[{"href":"http:\/\/sindiquimicabr.com.br\/index.php\/wp-json\/wp\/v2\/media?parent=13082"}],"wp:term":[{"taxonomy":"category","embeddable":true,"href":"http:\/\/sindiquimicabr.com.br\/index.php\/wp-json\/wp\/v2\/categories?post=13082"},{"taxonomy":"post_tag","embeddable":true,"href":"http:\/\/sindiquimicabr.com.br\/index.php\/wp-json\/wp\/v2\/tags?post=13082"}],"curies":[{"name":"wp","href":"https:\/\/api.w.org\/{rel}","templated":true}]}}