{"id":13091,"date":"2021-12-23T11:30:04","date_gmt":"2021-12-23T11:30:04","guid":{"rendered":"http:\/\/sindiquimicabr.com.br\/?p=13091"},"modified":"2021-12-23T11:45:51","modified_gmt":"2021-12-23T11:45:51","slug":"presidente-sanciona-lei-que-destina-r-300-milhoes-para-o-auxilio-gas","status":"publish","type":"post","link":"http:\/\/sindiquimicabr.com.br\/index.php\/2021\/12\/23\/presidente-sanciona-lei-que-destina-r-300-milhoes-para-o-auxilio-gas\/","title":{"rendered":"Presidente sanciona lei que destina R$ 300 milh\u00f5es para o aux\u00edlio g\u00e1s"},"content":{"rendered":"<h4 class=\"news-subheadline\">Os recursos v\u00e3o ajudar fam\u00edlias de baixa renda na compra do g\u00e1s de cozinha com o equivalente a 40% do pre\u00e7o do botij\u00e3o<\/h4>\n<div class=\"news-main-image \"><picture><source srcset=\"https:\/\/media-manager.noticiasaominuto.com.br\/640\/naom_60ba5539ef768.jpg\" media=\"(max-width: 640px)\" \/><source srcset=\"https:\/\/media-manager.noticiasaominuto.com.br\/960\/naom_60ba5539ef768.jpg\" media=\"(max-width: 960px)\" \/><img decoding=\"async\" class=\"img-responsive \" src=\"https:\/\/media-manager.noticiasaominuto.com.br\/1920\/naom_60ba5539ef768.jpg\" alt=\"Presidente sanciona lei que destina R$ 300 milh\u00f5es para o aux\u00edlio g\u00e1s\" \/> <\/picture><\/div>\n<div class=\"row\">\n<div class=\"col-lg-12 col-md-12 col-sm-6 col-xs-6\"><\/div>\n<\/div>\n<div class=\"row news-info-container no-margin\">\n<div class=\"col-lg-6 col-md-6 col-sm-6 hidden-xs no-padding\">\n<div class=\"news-social\">\n<div class=\"fb-share-button fb_iframe_widget\" data-href=\"https:\/\/www.noticiasaominuto.com.br\/economia\/1870880\/presidente-sanciona-lei-que-destina-r-300-milhoes-para-o-auxilio-gas?utm_medium=social&amp;utm_source=facebook.com&amp;utm_campaign=buffer\" data-layout=\"button\" data-size=\"small\" data-mobile-iframe=\"true\"><\/div>\n<div class=\"fb-like fb_iframe_widget\" data-href=\"https:\/\/www.noticiasaominuto.com.br\/economia\/1870880\/presidente-sanciona-lei-que-destina-r-300-milhoes-para-o-auxilio-gas?utm_medium=social&amp;utm_source=facebook.com&amp;utm_campaign=buffer\" data-layout=\"button\" data-action=\"like\" data-size=\"small\" data-show-faces=\"true\" data-share=\"false\"><\/div>\n<\/div>\n<\/div>\n<\/div>\n<div class=\"row news-main-text-container\">\n<div class=\"col-lg-12 col-md-12 col-sm-12 col-xs-12\">\n<div class=\"news-main-text\">\n<p style=\"text-align: justify;\"><span class=\"news_capital_letter\">O<\/span> presidente Jair Bolsonaro sancionou hoje (22) o projeto de lei que abre cr\u00e9dito especial de R$ 300 milh\u00f5es para custear o aux\u00edlio g\u00e1s.<\/p>\n<p style=\"text-align: justify;\">Os recursos v\u00e3o ajudar fam\u00edlias de baixa renda na compra do g\u00e1s de cozinha com o equivalente a 40% do pre\u00e7o do botij\u00e3o. A mat\u00e9ria foi aprovada no Congresso Nacional na semana passada.<\/p>\n<p style=\"text-align: justify;\">Segundo o governo federal, a previs\u00e3o \u00e9 que o benef\u00edcio alcance mais de cinco milh\u00f5es de fam\u00edlias de baixa renda em todo o pa\u00eds.<\/p>\n<p style=\"text-align: justify;\">Ser\u00e3o beneficiadas fam\u00edlias inscritas no Cadastro \u00danico para Programas Sociais do Governo Federal (Cad\u00danico), com renda familiar mensal <em>per capita<\/em> menor ou igual a meio sal\u00e1rio m\u00ednimo, ou que morem na mesma casa de benefici\u00e1rio do Benef\u00edcio de Presta\u00e7\u00e3o Continuada (BPC).<\/p>\n<p style=\"text-align: justify;\">O aux\u00edlio ser\u00e1 concedido preferencialmente \u00e0s fam\u00edlias com mulheres v\u00edtimas de viol\u00eancia dom\u00e9stica sob o monitoramento de medidas protetivas de urg\u00eancia.<\/p>\n<p style=\"text-align: justify;\">A prefer\u00eancia de pagamento ser\u00e1 para a mulher respons\u00e1vel pela fam\u00edlia. O aux\u00edlio do programa G\u00e1s dos Brasileiros deve ser concedido a cada bimestre.<\/p>\n<p style=\"text-align: justify;\">Com informa\u00e7\u00f5es da Ag\u00eancia Brasil<\/p>\n<\/div>\n<\/div>\n<p>Fonte: <a href=\"https:\/\/www.noticiasaominuto.com.br\/economia\/1870880\/presidente-sanciona-lei-que-destina-r-300-milhoes-para-o-auxilio-gas\">Noticias ao Minuto<\/a><\/p>\n<\/div>\n","protected":false},"excerpt":{"rendered":"<p>Os recursos v\u00e3o ajudar fam\u00edlias de baixa renda na compra do g\u00e1s de cozinha com o equivalente a 40% do pre\u00e7o do botij\u00e3o O presidente Jair Bolsonaro sancionou hoje (22) o projeto de lei que abre cr\u00e9dito especial de R$ 300 milh\u00f5es para custear o aux\u00edlio g\u00e1s. Os recursos v\u00e3o ajudar fam\u00edlias de baixa renda<a class=\"moretag\" href=\"http:\/\/sindiquimicabr.com.br\/index.php\/2021\/12\/23\/presidente-sanciona-lei-que-destina-r-300-milhoes-para-o-auxilio-gas\/\"> [&#8230;]<\/a><\/p>\n","protected":false},"author":2,"featured_media":13113,"comment_status":"closed","ping_status":"closed","sticky":false,"template":"","format":"standard","meta":[],"categories":[2],"tags":[],"_links":{"self":[{"href":"http:\/\/sindiquimicabr.com.br\/index.php\/wp-json\/wp\/v2\/posts\/13091"}],"collection":[{"href":"http:\/\/sindiquimicabr.com.br\/index.php\/wp-json\/wp\/v2\/posts"}],"about":[{"href":"http:\/\/sindiquimicabr.com.br\/index.php\/wp-json\/wp\/v2\/types\/post"}],"author":[{"embeddable":true,"href":"http:\/\/sindiquimicabr.com.br\/index.php\/wp-json\/wp\/v2\/users\/2"}],"replies":[{"embeddable":true,"href":"http:\/\/sindiquimicabr.com.br\/index.php\/wp-json\/wp\/v2\/comments?post=13091"}],"version-history":[{"count":4,"href":"http:\/\/sindiquimicabr.com.br\/index.php\/wp-json\/wp\/v2\/posts\/13091\/revisions"}],"predecessor-version":[{"id":13115,"href":"http:\/\/sindiquimicabr.com.br\/index.php\/wp-json\/wp\/v2\/posts\/13091\/revisions\/13115"}],"wp:featuredmedia":[{"embeddable":true,"href":"http:\/\/sindiquimicabr.com.br\/index.php\/wp-json\/wp\/v2\/media\/13113"}],"wp:attachment":[{"href":"http:\/\/sindiquimicabr.com.br\/index.php\/wp-json\/wp\/v2\/media?parent=13091"}],"wp:term":[{"taxonomy":"category","embeddable":true,"href":"http:\/\/sindiquimicabr.com.br\/index.php\/wp-json\/wp\/v2\/categories?post=13091"},{"taxonomy":"post_tag","embeddable":true,"href":"http:\/\/sindiquimicabr.com.br\/index.php\/wp-json\/wp\/v2\/tags?post=13091"}],"curies":[{"name":"wp","href":"https:\/\/api.w.org\/{rel}","templated":true}]}}