{"id":13104,"date":"2021-12-23T11:36:54","date_gmt":"2021-12-23T11:36:54","guid":{"rendered":"http:\/\/sindiquimicabr.com.br\/?p=13104"},"modified":"2021-12-23T11:39:41","modified_gmt":"2021-12-23T11:39:41","slug":"receita-tem-debandada-de-ate-500-chefes-apos-aprovacao-de-reajuste-para-policiais","status":"publish","type":"post","link":"http:\/\/sindiquimicabr.com.br\/index.php\/2021\/12\/23\/receita-tem-debandada-de-ate-500-chefes-apos-aprovacao-de-reajuste-para-policiais\/","title":{"rendered":"Receita tem debandada de at\u00e9 500 chefes ap\u00f3s aprova\u00e7\u00e3o de reajuste para policiais"},"content":{"rendered":"<h4 class=\"news-subheadline\" style=\"text-align: justify;\">O sindicato j\u00e1 tem a confirma\u00e7\u00e3o de que 324 auditores da Receita abriram m\u00e3o de seus cargos comissionados<\/h4>\n<p style=\"text-align: justify;\"><a href=\"http:\/\/sindiquimicabr.com.br\/wp\/wp-content\/uploads\/2021\/12\/Receita-tem-debandada-de-ate-500-chefes-apos-aprovacao-de-reajuste-para-policiais.jpg\"><img decoding=\"async\" loading=\"lazy\" class=\"alignleft size-full wp-image-13108\" src=\"http:\/\/sindiquimicabr.com.br\/wp\/wp-content\/uploads\/2021\/12\/Receita-tem-debandada-de-ate-500-chefes-apos-aprovacao-de-reajuste-para-policiais.jpg\" alt=\"\" width=\"1920\" height=\"1080\" srcset=\"http:\/\/sindiquimicabr.com.br\/wp\/wp-content\/uploads\/2021\/12\/Receita-tem-debandada-de-ate-500-chefes-apos-aprovacao-de-reajuste-para-policiais.jpg 1920w, http:\/\/sindiquimicabr.com.br\/wp\/wp-content\/uploads\/2021\/12\/Receita-tem-debandada-de-ate-500-chefes-apos-aprovacao-de-reajuste-para-policiais-300x169.jpg 300w, http:\/\/sindiquimicabr.com.br\/wp\/wp-content\/uploads\/2021\/12\/Receita-tem-debandada-de-ate-500-chefes-apos-aprovacao-de-reajuste-para-policiais-1024x576.jpg 1024w, http:\/\/sindiquimicabr.com.br\/wp\/wp-content\/uploads\/2021\/12\/Receita-tem-debandada-de-ate-500-chefes-apos-aprovacao-de-reajuste-para-policiais-768x432.jpg 768w, http:\/\/sindiquimicabr.com.br\/wp\/wp-content\/uploads\/2021\/12\/Receita-tem-debandada-de-ate-500-chefes-apos-aprovacao-de-reajuste-para-policiais-1536x864.jpg 1536w\" sizes=\"(max-width: 1920px) 100vw, 1920px\" \/><\/a><\/p>\n<p style=\"text-align: justify;\"><span class=\"news_capital_letter\">B<\/span>RAS\u00cdLIA, DF (FOLHAPRESS) &#8211; Ap\u00f3s a aprova\u00e7\u00e3o do Or\u00e7amento para o ano de 2022, que privilegiou os policiais federais com reajuste, os auditores fiscais da Receita Federal deram in\u00edcio a um movimento articulado de entrega de cargos de chefia, que atinge algumas das principais unidades do pa\u00eds.<\/p>\n<p style=\"text-align: justify;\">O Sindifisco (Sindicato Nacional dos Auditores Fiscais da Receita) estima que pelo menos 500 profissionais j\u00e1 abriram m\u00e3o de seus cargos comissionados em protesto. Isso significa que eles deixam os cargos comissionados, mas seguem na carreira, uma vez que s\u00e3o profissionais concursados.<\/p>\n<p style=\"text-align: justify;\">O sindicato j\u00e1 tem a confirma\u00e7\u00e3o de que 324 auditores da Receita abriram m\u00e3o de seus cargos comissionados. O n\u00famero \u00e9 certamente maior, argumenta o sindicato, pois ainda n\u00e3o foi poss\u00edvel consolidar todos os arquivos que j\u00e1 chegaram das unidades regionais. Esses profissionais atuam em pelo menos cinco regi\u00f5es fiscais do pa\u00eds, que englobam os estados de S\u00e3o Paulo, Rio de Janeiro, Esp\u00edrito Santo, Paran\u00e1, Santa Catarina, Rio Grande do Sul, Rio Grande do Norte, Pernambuco, Alagoas e Para\u00edba.<\/p>\n<p style=\"text-align: justify;\">A categoria estima que o maior impacto da mobiliza\u00e7\u00e3o vai se dar no setor de aduanas. Apenas a 8\u00aa regi\u00e3o, do estado de S\u00e3o Paulo, por exemplo, \u00e9 respons\u00e1vel por 40% da arrecada\u00e7\u00e3o do pa\u00eds, al\u00e9m de concentrar os maiores aeroportos do pa\u00eds e o Porto de Santos, principal porta de entrada para produtos importados.<br \/>\nOs profissionais da Receita ainda afirmam que o governo do presidente Jair Bolsonaro conseguiu um grande feito, ao conseguir unir contra si advers\u00e1rios hist\u00f3ricos dentro da Receita Federal, os auditores fiscais e os analistas tribut\u00e1rios.<\/p>\n<p style=\"text-align: justify;\">As duas categorias divulgaram uma nota na noite de ter\u00e7a-feira (22), na qual afirmam que havia um acordo de 2016 que previa a institui\u00e7\u00e3o de b\u00f4nus por desempenho e produtividade. No entanto, esses b\u00f4nus, alegam, est\u00e3o congelados desde ent\u00e3o.<\/p>\n<p style=\"text-align: justify;\">&#8220;Chegamos \u00e0 vota\u00e7\u00e3o da lei or\u00e7ament\u00e1ria de 2022 humilhados pelo descaso, aviltados ao constatar que at\u00e9 recursos ordin\u00e1rios da Receita Federal, necess\u00e1rios \u00e0 continuidade das atividades da m\u00e1quina arrecadadora, s\u00e3o carreados para o reajuste de categorias de outros \u00f3rg\u00e3os, a despeito de haver, dentro do Minist\u00e9rio da Economia, um acordo pregresso a ser honrado&#8221;, afirmou a nota conjunta do Sindifisco e do Sindireceita.<\/p>\n<p style=\"text-align: justify;\">Nesta ter\u00e7a-feira (21), o Congresso Nacional aprovou o or\u00e7amento de 2022, ap\u00f3s uma grande pol\u00eamica envolvendo os repasses para o fundo eleitoral e o reajuste para policiais, que configuram uma das principais bases de apoio do presidente Jair Bolsonaro na sociedade.<\/p>\n<p style=\"text-align: justify;\">A pe\u00e7a or\u00e7ament\u00e1ria destina R$ 4,9 bilh\u00f5es para o chamado fund\u00e3o, ap\u00f3s grande articula\u00e7\u00e3o de partidos da oposi\u00e7\u00e3o e da base do presidente Bolsonaro, como o pr\u00f3prio partido do mandat\u00e1rio, o PL.<\/p>\n<p style=\"text-align: justify;\">Al\u00e9m disso, por press\u00e3o do Pal\u00e1cio do Planalto, contrariando a orienta\u00e7\u00e3o da Economia -o ministro Paulo Guedes est\u00e1 em f\u00e9rias- foi inclu\u00eddo no parecer do relator Hugo Leal (PSD-RJ) a reserva de R$ 1,7 bilh\u00e3o para reajuste para policiais federais.<\/p>\n<p style=\"text-align: justify;\">Ainda que a Economia relutasse em conceder o reajuste aos policiais, o governo trabalhava h\u00e1 meses com essa possibilidade, como mostrou o jornal Folha de S.Paulo em novembro.<\/p>\n<p style=\"text-align: justify;\">Inicialmente, foi considerada a possibilidade de um aumento salarial para todos os servidores, mas o entendimento \u00e9 que s\u00e9ria in\u00f3cuo, diante do pouco or\u00e7amento dispon\u00edvel.<\/p>\n<p style=\"text-align: justify;\">Privilegiar as carreiras policiais, que fazem parte da sua base eleitoral, foi escolha do presidente Jair Bolsonaro, mesmo sabendo que isso poderia trazer repercuss\u00f5es negativas em outras categorias.<\/p>\n<p style=\"text-align: justify;\">O c\u00e1lculo pol\u00edtico do Planalto \u00e9 que o presidente precisava fazer gesto \u00e0s categorias ao entrar no ano eleitoral. As carreiras de seguran\u00e7a estavam descontentes com o governo, por acreditarem que os militares foram muito mais privilegiados.<\/p>\n<p style=\"text-align: justify;\">Em abril, segundo relatos, come\u00e7aram a discutir a reestrutura\u00e7\u00e3o das carreiras. Guedes, a princ\u00edpio, teria se mostrado mais aberto \u00e0 uma mudan\u00e7a mais estrutural do que apenas salarial.<\/p>\n<p style=\"text-align: justify;\">Mas, nas \u00faltimas semanas, diante da falta do or\u00e7amento apertado, a Economia passou a se posicionar de forma mais contundente contra. Assim, quando a pasta n\u00e3o indicou de onde sairiam os recursos no or\u00e7amento para o relator, causou mal-estar com colegas de Esplanada, em especial Minist\u00e9rio da Justi\u00e7a, que encabe\u00e7ou a proposta.<\/p>\n<p style=\"text-align: justify;\">Ainda que fosse um pedido seu, Bolsonaro fez uma nova reuni\u00e3o para ouvir as \u00e1reas pol\u00edticas e t\u00e9cnicas da Economia e da Justi\u00e7a, com a presen\u00e7a de ministros. Ao final, pediu que Guedes atendesse ao reajuste.<\/p>\n<p style=\"text-align: justify;\">A vota\u00e7\u00e3o s\u00f3 destravou no Congresso, inclusive, ap\u00f3s o ministro Anderson Torres (Justi\u00e7a) acionar Bolsonaro. De recesso no Guaruj\u00e1 (SP), o presidente ligou para o relator e pediu que inclu\u00edsse o aumento para as carreiras de seguran\u00e7a no or\u00e7amento.<\/p>\n<p style=\"text-align: justify;\">Uma vez aprovada a folga or\u00e7ament\u00e1ria, o governo agora se debru\u00e7a sobre planilhas para ver qual reajuste ser\u00e1 poss\u00edvel para cada categoria.<\/p>\n<p style=\"text-align: justify;\">Como a Folha de S.Paulo mostrou, est\u00e1 em estudo igualar o sal\u00e1rio de delegados da PF, no topo de carreira, ao de ministros do STF (Supremo Tribunal Federal), que ganham o teto do funcionalismo, quase R$ 40 mil.<\/p>\n<p style=\"text-align: justify;\">Fonte: <a href=\"https:\/\/www.noticiasaominuto.com.br\/economia\/1870899\/receita-tem-debandada-de-ate-500-chefes-apos-aprovacao-de-reajuste-para-policiais\" target=\"_blank\" rel=\"noopener\">Not\u00edcias ao Minuto<\/a><\/p>\n","protected":false},"excerpt":{"rendered":"<p>O sindicato j\u00e1 tem a confirma\u00e7\u00e3o de que 324 auditores da Receita abriram m\u00e3o de seus cargos comissionados BRAS\u00cdLIA, DF (FOLHAPRESS) &#8211; Ap\u00f3s a aprova\u00e7\u00e3o do Or\u00e7amento para o ano de 2022, que privilegiou os policiais federais com reajuste, os auditores fiscais da Receita Federal deram in\u00edcio a um movimento articulado de entrega de cargos<a class=\"moretag\" href=\"http:\/\/sindiquimicabr.com.br\/index.php\/2021\/12\/23\/receita-tem-debandada-de-ate-500-chefes-apos-aprovacao-de-reajuste-para-policiais\/\"> [&#8230;]<\/a><\/p>\n","protected":false},"author":2,"featured_media":13108,"comment_status":"closed","ping_status":"closed","sticky":false,"template":"","format":"standard","meta":[],"categories":[2],"tags":[],"_links":{"self":[{"href":"http:\/\/sindiquimicabr.com.br\/index.php\/wp-json\/wp\/v2\/posts\/13104"}],"collection":[{"href":"http:\/\/sindiquimicabr.com.br\/index.php\/wp-json\/wp\/v2\/posts"}],"about":[{"href":"http:\/\/sindiquimicabr.com.br\/index.php\/wp-json\/wp\/v2\/types\/post"}],"author":[{"embeddable":true,"href":"http:\/\/sindiquimicabr.com.br\/index.php\/wp-json\/wp\/v2\/users\/2"}],"replies":[{"embeddable":true,"href":"http:\/\/sindiquimicabr.com.br\/index.php\/wp-json\/wp\/v2\/comments?post=13104"}],"version-history":[{"count":2,"href":"http:\/\/sindiquimicabr.com.br\/index.php\/wp-json\/wp\/v2\/posts\/13104\/revisions"}],"predecessor-version":[{"id":13110,"href":"http:\/\/sindiquimicabr.com.br\/index.php\/wp-json\/wp\/v2\/posts\/13104\/revisions\/13110"}],"wp:featuredmedia":[{"embeddable":true,"href":"http:\/\/sindiquimicabr.com.br\/index.php\/wp-json\/wp\/v2\/media\/13108"}],"wp:attachment":[{"href":"http:\/\/sindiquimicabr.com.br\/index.php\/wp-json\/wp\/v2\/media?parent=13104"}],"wp:term":[{"taxonomy":"category","embeddable":true,"href":"http:\/\/sindiquimicabr.com.br\/index.php\/wp-json\/wp\/v2\/categories?post=13104"},{"taxonomy":"post_tag","embeddable":true,"href":"http:\/\/sindiquimicabr.com.br\/index.php\/wp-json\/wp\/v2\/tags?post=13104"}],"curies":[{"name":"wp","href":"https:\/\/api.w.org\/{rel}","templated":true}]}}