{"id":13125,"date":"2021-12-27T11:22:40","date_gmt":"2021-12-27T11:22:40","guid":{"rendered":"http:\/\/sindiquimicabr.com.br\/?p=13125"},"modified":"2021-12-27T11:22:42","modified_gmt":"2021-12-27T11:22:42","slug":"secretaria-da-covid-contraria-bolsonaro-e-diz-que-vacina-para-crianca-e-segura","status":"publish","type":"post","link":"http:\/\/sindiquimicabr.com.br\/index.php\/2021\/12\/27\/secretaria-da-covid-contraria-bolsonaro-e-diz-que-vacina-para-crianca-e-segura\/","title":{"rendered":"Secret\u00e1ria da Covid contraria Bolsonaro e diz que vacina para crian\u00e7a \u00e9 segura"},"content":{"rendered":"<h4 class=\"news-subheadline\">Em entrevista a jornalistas no Pal\u00e1cio da Alvorada, na \u00faltima sexta-feira (24), Bolsonaro lan\u00e7ou diversas suspeitas quanto \u00e0 seguran\u00e7a da vacina aprovada pela Anvisa<\/h4>\n<div class=\"news-main-image \"><picture><source srcset=\"https:\/\/media-manager.noticiasaominuto.com.br\/640\/naom_61c97f6dd0050.jpg\" media=\"(max-width: 640px)\" \/><source srcset=\"https:\/\/media-manager.noticiasaominuto.com.br\/960\/naom_61c97f6dd0050.jpg\" media=\"(max-width: 960px)\" \/><img decoding=\"async\" class=\"img-responsive \" src=\"https:\/\/media-manager.noticiasaominuto.com.br\/1920\/naom_61c97f6dd0050.jpg\" alt=\"Secret\u00e1ria da Covid contraria Bolsonaro e diz que vacina para crian\u00e7a \u00e9 segura\" \/> <\/picture><\/div>\n<div class=\"row\">\n<div class=\"col-lg-12 col-md-12 col-sm-6 col-xs-6\">\n<p class=\"news-main-image-copyright text-left\">\n<\/div>\n<\/div>\n<div class=\"row news-main-text-container\">\n<div class=\"col-lg-12 col-md-12 col-sm-12 col-xs-12\">\n<div class=\"news-main-text\">\n<p style=\"text-align: justify;\"><span class=\"news_capital_letter\">B<\/span>RAS\u00cdLIA, DF (FOLHAPRESS) &#8211; A secret\u00e1ria extraordin\u00e1ria de enfrentamento \u00e0 Covid-19, Rosana Leite de Melo, afirmou em nota t\u00e9cnica enviada ao STF (Supremo Tribunal Federal) que a vacina contra Covid-19 desenvolvida para crian\u00e7as \u00e9 segura, que o imunizante \u00e9 uma ferramenta de prote\u00e7\u00e3o e que a vacina\u00e7\u00e3o vai atenuar interrup\u00e7\u00f5es de aulas na pandemia.<\/p>\n<p style=\"text-align: justify;\">A posi\u00e7\u00e3o de Melo, que integra a equipe do ministro da Sa\u00fade, Marcelo Queiroga, contraria questionamentos sobre a seguran\u00e7a da vacina feitos pelo ministro e principalmente pelo presidente Jair Bolsonaro (PL).<\/p>\n<p style=\"text-align: justify;\">&#8220;Antes de recomendar a vacina\u00e7\u00e3o [contra a] Covid-19 para crian\u00e7as, os cientistas realizaram testes cl\u00ednicos com milhares de crian\u00e7as e nenhuma preocupa\u00e7\u00e3o s\u00e9ria de seguran\u00e7a foi identificada&#8221;, afirmou a secret\u00e1ria, em nota t\u00e9cnica conclu\u00edda no \u00faltimo dia 19.<\/p>\n<p style=\"text-align: justify;\">No documento, Melo detalhou a an\u00e1lise t\u00e9cnica feita &#8220;de forma rigorosa&#8221; pela Anvisa (Ag\u00eancia Nacional de Vigil\u00e2ncia Sanit\u00e1ria) e a aprova\u00e7\u00e3o da vacina para crian\u00e7as de 5 a 11 anos.<\/p>\n<p style=\"text-align: justify;\">&#8220;As vacinas [contra a] Covid-19 est\u00e3o sendo monitoradas quanto \u00e0 seguran\u00e7a com o programa de monitoramento de seguran\u00e7a mais abrangente e intenso da hist\u00f3ria do Brasil&#8221;, disse a secret\u00e1ria do Minist\u00e9rio da Sa\u00fade.<\/p>\n<p style=\"text-align: justify;\">A nota t\u00e9cnica foi elaborada para subsidiar posi\u00e7\u00e3o da AGU (Advocacia-Geral da Uni\u00e3o) em a\u00e7\u00e3o movida no STF, pelo PT, que cobra um cronograma de vacina\u00e7\u00e3o de crian\u00e7as contra a Covid-19. O ministro Ricardo Lewandowski concordou com o pedido da AGU e ampliou para 5 de janeiro o prazo para a defini\u00e7\u00e3o desse cronograma.<\/p>\n<p style=\"text-align: justify;\">Lewandowski tamb\u00e9m determinou que o governo Bolsonaro explique a decis\u00e3o de recomendar a imuniza\u00e7\u00e3o de crian\u00e7as mediante prescri\u00e7\u00e3o m\u00e9dica.<\/p>\n<p style=\"text-align: justify;\">O presidente e seu ministro de Sa\u00fade v\u00eam agindo para postergar e dificultar a vacina\u00e7\u00e3o de crian\u00e7as. Uma consulta p\u00fablica foi aberta para ouvir opini\u00f5es, apesar de j\u00e1 existir aval da Anvisa para a vacina\u00e7\u00e3o.<\/p>\n<p style=\"text-align: justify;\">A pr\u00f3pria secret\u00e1ria de enfrentamento \u00e0 Covid-19 foi a respons\u00e1vel por tornar p\u00fablica a consulta, que prossegue at\u00e9 o dia 2.<\/p>\n<p style=\"text-align: justify;\">Em entrevista a jornalistas no Pal\u00e1cio da Alvorada, na \u00faltima sexta-feira (24), Bolsonaro lan\u00e7ou diversas suspeitas quanto \u00e0 seguran\u00e7a da vacina aprovada pela Anvisa. O imunizante \u00e9 da Pfizer.<\/p>\n<p style=\"text-align: justify;\">&#8220;Eu tenho uma filha de 11 anos. \u00c9 uma vacina nova. N\u00e3o est\u00e1 havendo morte de crian\u00e7as que justifique algo emergencial. E tem outros interesses, entra a desconfian\u00e7a nisso tudo. Lobby da vacina&#8221;, afirmou o presidente.<\/p>\n<p style=\"text-align: justify;\">&#8220;Essa desconfian\u00e7a, interroga\u00e7\u00e3o enorme que existe a\u00ed&#8230; Efeitos colaterais: existem, n\u00e3o existem, quais s\u00e3o? Miocardite, entre outros&#8221;, completou Bolsonaro, que disse ter conversado com Queiroga no mesmo dia sobre a consulta p\u00fablica aberta.<\/p>\n<p style=\"text-align: justify;\">&#8220;Se vai fazer bem ou n\u00e3o, o pai decide. E ele [Queiroga] quer botar tamb\u00e9m a quest\u00e3o da prescri\u00e7\u00e3o m\u00e9dica&#8221;, disse Bolsonaro.<\/p>\n<p style=\"text-align: justify;\">O ministro da Sa\u00fade vem seguindo a mesma linha do presidente e disse que um encaminhamento sobre a vacina\u00e7\u00e3o s\u00f3 ocorrer\u00e1 a partir de 5 de janeiro. &#8220;A pressa \u00e9 inimiga da perfei\u00e7\u00e3o. Principal \u00e9 a seguran\u00e7a&#8221;, afirmou Queiroga no \u00faltimo dia 20.<\/p>\n<p style=\"text-align: justify;\">A nota t\u00e9cnica encaminhada ao STF afirma que, &#8220;durante os ensaios cl\u00ednicos, nenhum caso de miocardite ocorreu em crian\u00e7as de 5 a 11 anos que receberam a vacina Covid-19&#8221;.<\/p>\n<p style=\"text-align: justify;\">A secret\u00e1ria de enfrentamento \u00e0 Covid-19 afirmou que crian\u00e7as t\u00eam a mesma probabilidade de serem infectadas, em compara\u00e7\u00e3o com adultos, e &#8220;podem adoecer gravemente com evolu\u00e7\u00e3o para hospitaliza\u00e7\u00e3o, al\u00e9m de complica\u00e7\u00f5es a longo prazo&#8221;.<\/p>\n<p style=\"text-align: justify;\">O documento que subsidiou a AGU cita um quadro inflamat\u00f3rio tardio e grave associado \u00e0 Covid-19, desenvolvido por crian\u00e7as, que j\u00e1 causou 82 mortes at\u00e9 outubro. Na pandemia, ao todo, 308 crian\u00e7as morreram por Covid-19. Quase 6.200 desenvolveram s\u00edndromes respirat\u00f3rias agudas graves, como consta na nota t\u00e9cnica.<\/p>\n<p style=\"text-align: justify;\">&#8220;A vacina\u00e7\u00e3o para Covid-19 \u00e9 uma ferramenta cr\u00edtica para melhor proteger todos contra complica\u00e7\u00f5es relacionadas&#8221;, afirmou a secret\u00e1ria.<\/p>\n<p style=\"text-align: justify;\">&#8220;A elevada cobertura vacinal contribuir\u00e1 para redu\u00e7\u00e3o da transmiss\u00e3o neste grupo [crian\u00e7as de 5 a 11 anos] e, por conseguinte, reduzir\u00e1 a transmiss\u00e3o de crian\u00e7as e adolescentes para adultos, idosos e imunocomprometidos.<\/p>\n<p style=\"text-align: justify;\">Al\u00e9m disso, atenuar as interrup\u00e7\u00f5es na educa\u00e7\u00e3o das crian\u00e7as mantendo a seguran\u00e7a e bem-estar s\u00e3o benef\u00edcios indiscut\u00edveis a serem considerados&#8221;, disse.<\/p>\n<p style=\"text-align: justify;\">Segundo a nota t\u00e9cnica, 25 pa\u00edses pediram ou autorizaram a vacina\u00e7\u00e3o de crian\u00e7as com menos de 12 anos. Treze pa\u00edses deram in\u00edcio \u00e0 imuniza\u00e7\u00e3o. &#8220;A maioria n\u00e3o recomendou para todos dessa faixa et\u00e1ria, fazendo restri\u00e7\u00f5es quanto a comorbidades, consentimento dos respons\u00e1veis e orienta\u00e7\u00e3o do m\u00e9dico pedi\u00e1trico.&#8221;<\/p>\n<\/div>\n<p>Fonte: <a href=\"https:\/\/www.noticiasaominuto.com.br\/brasil\/1871632\/secretaria-da-covid-contraria-bolsonaro-e-diz-que-vacina-para-crianca-e-segura\">Noticias ao Minuto<\/a><\/p>\n<\/div>\n<\/div>\n","protected":false},"excerpt":{"rendered":"<p>Em entrevista a jornalistas no Pal\u00e1cio da Alvorada, na \u00faltima sexta-feira (24), Bolsonaro lan\u00e7ou diversas suspeitas quanto \u00e0 seguran\u00e7a da vacina aprovada pela Anvisa BRAS\u00cdLIA, DF (FOLHAPRESS) &#8211; A secret\u00e1ria extraordin\u00e1ria de enfrentamento \u00e0 Covid-19, Rosana Leite de Melo, afirmou em nota t\u00e9cnica enviada ao STF (Supremo Tribunal Federal) que a vacina contra Covid-19 desenvolvida<a class=\"moretag\" href=\"http:\/\/sindiquimicabr.com.br\/index.php\/2021\/12\/27\/secretaria-da-covid-contraria-bolsonaro-e-diz-que-vacina-para-crianca-e-segura\/\"> [&#8230;]<\/a><\/p>\n","protected":false},"author":2,"featured_media":13126,"comment_status":"closed","ping_status":"closed","sticky":false,"template":"","format":"standard","meta":[],"categories":[9],"tags":[],"_links":{"self":[{"href":"http:\/\/sindiquimicabr.com.br\/index.php\/wp-json\/wp\/v2\/posts\/13125"}],"collection":[{"href":"http:\/\/sindiquimicabr.com.br\/index.php\/wp-json\/wp\/v2\/posts"}],"about":[{"href":"http:\/\/sindiquimicabr.com.br\/index.php\/wp-json\/wp\/v2\/types\/post"}],"author":[{"embeddable":true,"href":"http:\/\/sindiquimicabr.com.br\/index.php\/wp-json\/wp\/v2\/users\/2"}],"replies":[{"embeddable":true,"href":"http:\/\/sindiquimicabr.com.br\/index.php\/wp-json\/wp\/v2\/comments?post=13125"}],"version-history":[{"count":1,"href":"http:\/\/sindiquimicabr.com.br\/index.php\/wp-json\/wp\/v2\/posts\/13125\/revisions"}],"predecessor-version":[{"id":13127,"href":"http:\/\/sindiquimicabr.com.br\/index.php\/wp-json\/wp\/v2\/posts\/13125\/revisions\/13127"}],"wp:featuredmedia":[{"embeddable":true,"href":"http:\/\/sindiquimicabr.com.br\/index.php\/wp-json\/wp\/v2\/media\/13126"}],"wp:attachment":[{"href":"http:\/\/sindiquimicabr.com.br\/index.php\/wp-json\/wp\/v2\/media?parent=13125"}],"wp:term":[{"taxonomy":"category","embeddable":true,"href":"http:\/\/sindiquimicabr.com.br\/index.php\/wp-json\/wp\/v2\/categories?post=13125"},{"taxonomy":"post_tag","embeddable":true,"href":"http:\/\/sindiquimicabr.com.br\/index.php\/wp-json\/wp\/v2\/tags?post=13125"}],"curies":[{"name":"wp","href":"https:\/\/api.w.org\/{rel}","templated":true}]}}