{"id":13161,"date":"2021-12-28T11:26:57","date_gmt":"2021-12-28T11:26:57","guid":{"rendered":"http:\/\/sindiquimicabr.com.br\/?p=13161"},"modified":"2021-12-28T11:29:53","modified_gmt":"2021-12-28T11:29:53","slug":"governo-diz-que-vacinacao-de-criancas-contra-covid-deve-comecar-em-janeiro","status":"publish","type":"post","link":"http:\/\/sindiquimicabr.com.br\/index.php\/2021\/12\/28\/governo-diz-que-vacinacao-de-criancas-contra-covid-deve-comecar-em-janeiro\/","title":{"rendered":"Governo diz que vacina\u00e7\u00e3o de crian\u00e7as contra Covid deve come\u00e7ar em janeiro"},"content":{"rendered":"<h4 class=\"news-subheadline\">A previs\u00e3o do minist\u00e9rio \u00e9 que as doses cheguem a partir de 10 de janeiro<\/h4>\n<div class=\"news-main-image \"><picture><source srcset=\"https:\/\/media-manager.noticiasaominuto.com.br\/640\/naom_618e45f5cc58e.jpg\" media=\"(max-width: 640px)\" \/><source srcset=\"https:\/\/media-manager.noticiasaominuto.com.br\/960\/naom_618e45f5cc58e.jpg\" media=\"(max-width: 960px)\" \/><img decoding=\"async\" class=\"img-responsive \" src=\"https:\/\/media-manager.noticiasaominuto.com.br\/1920\/naom_618e45f5cc58e.jpg\" alt=\"Governo diz que vacina\u00e7\u00e3o de crian\u00e7as contra Covid deve come\u00e7ar em janeiro\" \/> <\/picture><\/div>\n<div class=\"row\">\n<div class=\"col-lg-12 col-md-12 col-sm-6 col-xs-6\"><\/div>\n<\/div>\n<div class=\"row news-info-container no-margin\">\n<div class=\"col-lg-6 col-md-6 col-sm-6 hidden-xs no-padding\">\n<div class=\"news-social\"><\/div>\n<\/div>\n<\/div>\n<div class=\"row news-main-text-container\">\n<div class=\"col-lg-12 col-md-12 col-sm-12 col-xs-12\">\n<div class=\"news-main-text\">\n<p style=\"text-align: justify;\"><span class=\"news_capital_letter\">B<\/span>RAS\u00cdLIA, DF (FOLHAPRESS) &#8211; O Minist\u00e9rio da Sa\u00fade divulgou nota nesta segunda-feira (27) na qual afirma que a imuniza\u00e7\u00e3o de crian\u00e7as de 5 a 11 anos de idade contra a Covid-19 deve come\u00e7ar em janeiro. No texto, a pasta ainda afirma ser favor\u00e1vel \u00e0 vacina\u00e7\u00e3o desse p\u00fablico.<\/p>\n<p style=\"text-align: justify;\">&#8220;No dia 5 de janeiro, ap\u00f3s ouvir a sociedade, a pasta formalizar\u00e1 sua decis\u00e3o e, mantida a recomenda\u00e7\u00e3o, a imuniza\u00e7\u00e3o desta faixa et\u00e1ria deve iniciar ainda em janeiro&#8221;, diz o comunicado.<br \/>\nA previs\u00e3o do minist\u00e9rio \u00e9 que as doses cheguem a partir de 10 de janeiro.<\/p>\n<p style=\"text-align: justify;\">A manifesta\u00e7\u00e3o ocorre um dia depois de a secret\u00e1ria extraordin\u00e1ria de enfrentamento \u00e0 Covid-19, Rosana Leite de Melo, afirmar em nota t\u00e9cnica enviada ao STF (Supremo Tribunal Federal) que a vacina contra Covid-19 desenvolvida para crian\u00e7as \u00e9 segura, que o imunizante \u00e9 uma ferramenta de prote\u00e7\u00e3o e que a vacina\u00e7\u00e3o vai atenuar interrup\u00e7\u00f5es de aulas na pandemia.<\/p>\n<p style=\"text-align: justify;\">A posi\u00e7\u00e3o contraria questionamentos sobre a seguran\u00e7a da vacina feitos pelo ministro Marcelo Queiroga e principalmente pelo presidente Jair Bolsonaro (PL).<\/p>\n<p style=\"text-align: justify;\">A Anvisa (Ag\u00eancia Nacional de Vigil\u00e2ncia Sanit\u00e1ria) autorizou o uso da vacina da Pfizer para imunizar crian\u00e7as a partir de cinco anos contra a Covid-19 em 16 de dezembro. Com isso, a bula do produto no Brasil passar\u00e1 a indicar essa nova faixa et\u00e1ria.<\/p>\n<p style=\"text-align: justify;\">At\u00e9 ent\u00e3o, o modelo da fabricante tinha o uso permitido no pa\u00eds apenas em pessoas com mais de 12 anos.<\/p>\n<p style=\"text-align: justify;\">A decis\u00e3o, no entanto, n\u00e3o foi bem recebida pelo governo. Na quinta (23), Queiroga afirmou que o minist\u00e9rio recomendaria a autoriza\u00e7\u00e3o da vacina\u00e7\u00e3o com o imunizante da Pfizer, desde que houvesse prescri\u00e7\u00e3o m\u00e9dica para a aplica\u00e7\u00e3o.<\/p>\n<p style=\"text-align: justify;\">No mesmo dia, a pasta liberou um documento de consulta p\u00fablica online para a popula\u00e7\u00e3o opinar sobre a vacina\u00e7\u00e3o infantil. A consulta ficar\u00e1 dispon\u00edvel no site oficial da pasta at\u00e9 2 de janeiro, &#8220;para que sejam apresentadas contribui\u00e7\u00f5es, devidamente fundamentadas&#8221;.<\/p>\n<p style=\"text-align: justify;\">Depois disso, conforme prazo estipulado pelo ministro da Sa\u00fade, o minist\u00e9rio ter\u00e1 mais tr\u00eas dias para decidir sobre a ades\u00e3o de crian\u00e7as desta faixa et\u00e1ria no PNI (Programa Nacional de Imuniza\u00e7\u00e3o).<\/p>\n<p style=\"text-align: justify;\">No STF, h\u00e1 uma a\u00e7\u00e3o movida pelo PT que cobra do governo um cronograma de imuniza\u00e7\u00e3o de crian\u00e7as. O relator Ricardo Lewandowski determinou que o governo apresente o plano de vacina\u00e7\u00e3o para a faixa et\u00e1ria no dia 5 de janeiro.<\/p>\n<p style=\"text-align: justify;\">Lewandowski tamb\u00e9m determinou que o governo Bolsonaro explique a decis\u00e3o de recomendar a imuniza\u00e7\u00e3o de crian\u00e7as mediante prescri\u00e7\u00e3o m\u00e9dica.<\/p>\n<p style=\"text-align: justify;\">Outro cr\u00edtico da medida \u00e9 o pr\u00f3prio Bolsonaro. Nas \u00faltimas semanas, ele tem lan\u00e7ado suspeitas quanto \u00e0 seguran\u00e7a do imunizante. Nesta segunda, o chefe do Executivo.<\/p>\n<p style=\"text-align: justify;\">De acordo com dados do Sistema de Vigil\u00e2ncia Epidemiol\u00f3gica da Gripe (SIVEP-Gripe), desde o come\u00e7o da pandemia at\u00e9 6 de dezembro deste ano, foram registradas 301 mortes de crian\u00e7as entre 5 e 11 anos por Covid.<\/p>\n<p style=\"text-align: justify;\">Em 2020, 2.978 crian\u00e7as tiveram s\u00edndrome respirat\u00f3ria aguda grave em decorr\u00eancia do coronav\u00edrus \u2013156 delas morreram. Neste ano, foram registrados 3.185 casos nessa faixa et\u00e1ria, com 145 mortes.<\/p>\n<\/div>\n<\/div>\n<p>Fonte: <a href=\"https:\/\/www.noticiasaominuto.com.br\/brasil\/1871880\/governo-diz-que-vacinacao-de-criancas-contra-covid-deve-comecar-em-janeiro\">Noticias ao Minuto<\/a><\/p>\n<\/div>\n","protected":false},"excerpt":{"rendered":"<p>A previs\u00e3o do minist\u00e9rio \u00e9 que as doses cheguem a partir de 10 de janeiro BRAS\u00cdLIA, DF (FOLHAPRESS) &#8211; O Minist\u00e9rio da Sa\u00fade divulgou nota nesta segunda-feira (27) na qual afirma que a imuniza\u00e7\u00e3o de crian\u00e7as de 5 a 11 anos de idade contra a Covid-19 deve come\u00e7ar em janeiro. No texto, a pasta ainda<a class=\"moretag\" href=\"http:\/\/sindiquimicabr.com.br\/index.php\/2021\/12\/28\/governo-diz-que-vacinacao-de-criancas-contra-covid-deve-comecar-em-janeiro\/\"> [&#8230;]<\/a><\/p>\n","protected":false},"author":2,"featured_media":13166,"comment_status":"closed","ping_status":"closed","sticky":false,"template":"","format":"standard","meta":[],"categories":[9],"tags":[],"_links":{"self":[{"href":"http:\/\/sindiquimicabr.com.br\/index.php\/wp-json\/wp\/v2\/posts\/13161"}],"collection":[{"href":"http:\/\/sindiquimicabr.com.br\/index.php\/wp-json\/wp\/v2\/posts"}],"about":[{"href":"http:\/\/sindiquimicabr.com.br\/index.php\/wp-json\/wp\/v2\/types\/post"}],"author":[{"embeddable":true,"href":"http:\/\/sindiquimicabr.com.br\/index.php\/wp-json\/wp\/v2\/users\/2"}],"replies":[{"embeddable":true,"href":"http:\/\/sindiquimicabr.com.br\/index.php\/wp-json\/wp\/v2\/comments?post=13161"}],"version-history":[{"count":2,"href":"http:\/\/sindiquimicabr.com.br\/index.php\/wp-json\/wp\/v2\/posts\/13161\/revisions"}],"predecessor-version":[{"id":13165,"href":"http:\/\/sindiquimicabr.com.br\/index.php\/wp-json\/wp\/v2\/posts\/13161\/revisions\/13165"}],"wp:featuredmedia":[{"embeddable":true,"href":"http:\/\/sindiquimicabr.com.br\/index.php\/wp-json\/wp\/v2\/media\/13166"}],"wp:attachment":[{"href":"http:\/\/sindiquimicabr.com.br\/index.php\/wp-json\/wp\/v2\/media?parent=13161"}],"wp:term":[{"taxonomy":"category","embeddable":true,"href":"http:\/\/sindiquimicabr.com.br\/index.php\/wp-json\/wp\/v2\/categories?post=13161"},{"taxonomy":"post_tag","embeddable":true,"href":"http:\/\/sindiquimicabr.com.br\/index.php\/wp-json\/wp\/v2\/tags?post=13161"}],"curies":[{"name":"wp","href":"https:\/\/api.w.org\/{rel}","templated":true}]}}