{"id":13185,"date":"2021-12-29T14:12:38","date_gmt":"2021-12-29T14:12:38","guid":{"rendered":"http:\/\/sindiquimicabr.com.br\/?p=13185"},"modified":"2021-12-29T14:14:12","modified_gmt":"2021-12-29T14:14:12","slug":"covid-19-brasil-atinge-marca-de-320-milhoes-de-vacinas-aplicadas","status":"publish","type":"post","link":"http:\/\/sindiquimicabr.com.br\/index.php\/2021\/12\/29\/covid-19-brasil-atinge-marca-de-320-milhoes-de-vacinas-aplicadas\/","title":{"rendered":"Covid-19: Brasil atinge marca de 320 milh\u00f5es de vacinas aplicadas"},"content":{"rendered":"<h4 class=\"news-subheadline\">A ampla imuniza\u00e7\u00e3o da popula\u00e7\u00e3o gerou redu\u00e7\u00e3o na quantidade dos casos de pessoas infectadas, de mortes e a ocupa\u00e7\u00e3o de leitos de UTI<\/h4>\n<div class=\"news-main-image \"><picture><source srcset=\"https:\/\/media-manager.noticiasaominuto.com.br\/640\/naom_61993f373ce42.jpg\" media=\"(max-width: 640px)\" \/><source srcset=\"https:\/\/media-manager.noticiasaominuto.com.br\/960\/naom_61993f373ce42.jpg\" media=\"(max-width: 960px)\" \/><img decoding=\"async\" class=\"img-responsive \" src=\"https:\/\/media-manager.noticiasaominuto.com.br\/1920\/naom_61993f373ce42.jpg\" alt=\"Covid-19: Brasil atinge marca de 320 milh\u00f5es de vacinas aplicadas\" \/> <\/picture><\/div>\n<div class=\"row\">\n<div class=\"col-lg-12 col-md-12 col-sm-6 col-xs-6\"><\/div>\n<\/div>\n<div class=\"row news-info-container no-margin\">\n<div class=\"col-lg-6 col-md-6 col-sm-6 col-xs-12 no-padding\">\n<p class=\"news-info-tag\">\n<\/div>\n<div class=\"col-lg-6 col-md-6 col-sm-6 hidden-xs no-padding\">\n<div class=\"news-social\"><\/div>\n<\/div>\n<\/div>\n<div class=\"row news-main-text-container\">\n<div class=\"col-lg-12 col-md-12 col-sm-12 col-xs-12\">\n<div class=\"news-main-text\">\n<p style=\"text-align: justify;\"><span class=\"news_capital_letter\">O<\/span> Minist\u00e9rio da Sa\u00fade informou hoje (28) que o Brasil atingiu a marca de 320 milh\u00f5es de vacinas aplicadas contra a covid-19. Segundo a pasta, a ampla imuniza\u00e7\u00e3o da popula\u00e7\u00e3o gerou redu\u00e7\u00e3o na quantidade dos casos de pessoas infectadas, de mortes e a ocupa\u00e7\u00e3o de leitos de UTI.<\/p>\n<p style=\"text-align: justify;\">Conforme os dados, 143 milh\u00f5es de brasileiros est\u00e3o com ciclo vacinal completo, 161 milh\u00f5es est\u00e3o imunizados com a primeira dose da vacina e 16 milh\u00f5es receberam pelo menos uma dose de refor\u00e7o.<\/p>\n<p style=\"text-align: justify;\">\u201cCom o avan\u00e7o da vacina\u00e7\u00e3o foi poss\u00edvel reduzir em mais de 90% o n\u00famero de \u00f3bitos e o n\u00famero de casos de covid-19, quando comparado ao pico da pandemia, em abril de 2021. Temos hoje, no Brasil, o menor n\u00famero de \u00f3bitos por covid-19 desde abril de 2020\u201d, destaca o ministro da Sa\u00fade, Marcelo Queiroga.<\/p>\n<p style=\"text-align: justify;\">Com a redu\u00e7\u00e3o dos casos de covid-19, o governo federal definiu, no dia 20 deste m\u00eas, as regras para doa\u00e7\u00e3o de vacinas para outros pa\u00edses, por meio do cons\u00f3rcio Covax.<\/p>\n<p style=\"text-align: justify;\">A produ\u00e7\u00e3o nacional dos imunizantes da AstraZeneca \u00e9 feita pela Funda\u00e7\u00e3o Oswaldo Cruz (Fiocruz), a partir da chegada do Ingrediente Farmac\u00eautico Ativo (IFA), que tamb\u00e9m passou a ser feito no Brasil. As vacinas da Pfizer, com tecnologia de RNA mensageiro, tamb\u00e9m ser\u00e3o feitas em territ\u00f3rio nacional por meio do laborat\u00f3rio Eurofarma.<\/p>\n<p style=\"text-align: justify;\">\u201cO Brasil deixar\u00e1 de ser um pa\u00eds importador de vacinas e ser\u00e1 um pa\u00eds que produzir\u00e1 vacinas\u201d, completou o ministro.<\/p>\n<p style=\"text-align: justify;\">Com informa\u00e7\u00f5es da Ag\u00eancia Brasil<\/p>\n<\/div>\n<\/div>\n<p>Fonte: <a href=\"https:\/\/www.noticiasaominuto.com.br\/ultima-hora\/1872102\/covid-19-brasil-atinge-marca-de-320-milhoes-de-vacinas-aplicadas\">Noticias ao Minuto<\/a><\/p>\n<\/div>\n","protected":false},"excerpt":{"rendered":"<p>A ampla imuniza\u00e7\u00e3o da popula\u00e7\u00e3o gerou redu\u00e7\u00e3o na quantidade dos casos de pessoas infectadas, de mortes e a ocupa\u00e7\u00e3o de leitos de UTI O Minist\u00e9rio da Sa\u00fade informou hoje (28) que o Brasil atingiu a marca de 320 milh\u00f5es de vacinas aplicadas contra a covid-19. Segundo a pasta, a ampla imuniza\u00e7\u00e3o da popula\u00e7\u00e3o gerou redu\u00e7\u00e3o<a class=\"moretag\" href=\"http:\/\/sindiquimicabr.com.br\/index.php\/2021\/12\/29\/covid-19-brasil-atinge-marca-de-320-milhoes-de-vacinas-aplicadas\/\"> [&#8230;]<\/a><\/p>\n","protected":false},"author":2,"featured_media":13186,"comment_status":"closed","ping_status":"closed","sticky":false,"template":"","format":"standard","meta":[],"categories":[10],"tags":[],"_links":{"self":[{"href":"http:\/\/sindiquimicabr.com.br\/index.php\/wp-json\/wp\/v2\/posts\/13185"}],"collection":[{"href":"http:\/\/sindiquimicabr.com.br\/index.php\/wp-json\/wp\/v2\/posts"}],"about":[{"href":"http:\/\/sindiquimicabr.com.br\/index.php\/wp-json\/wp\/v2\/types\/post"}],"author":[{"embeddable":true,"href":"http:\/\/sindiquimicabr.com.br\/index.php\/wp-json\/wp\/v2\/users\/2"}],"replies":[{"embeddable":true,"href":"http:\/\/sindiquimicabr.com.br\/index.php\/wp-json\/wp\/v2\/comments?post=13185"}],"version-history":[{"count":3,"href":"http:\/\/sindiquimicabr.com.br\/index.php\/wp-json\/wp\/v2\/posts\/13185\/revisions"}],"predecessor-version":[{"id":13190,"href":"http:\/\/sindiquimicabr.com.br\/index.php\/wp-json\/wp\/v2\/posts\/13185\/revisions\/13190"}],"wp:featuredmedia":[{"embeddable":true,"href":"http:\/\/sindiquimicabr.com.br\/index.php\/wp-json\/wp\/v2\/media\/13186"}],"wp:attachment":[{"href":"http:\/\/sindiquimicabr.com.br\/index.php\/wp-json\/wp\/v2\/media?parent=13185"}],"wp:term":[{"taxonomy":"category","embeddable":true,"href":"http:\/\/sindiquimicabr.com.br\/index.php\/wp-json\/wp\/v2\/categories?post=13185"},{"taxonomy":"post_tag","embeddable":true,"href":"http:\/\/sindiquimicabr.com.br\/index.php\/wp-json\/wp\/v2\/tags?post=13185"}],"curies":[{"name":"wp","href":"https:\/\/api.w.org\/{rel}","templated":true}]}}