{"id":13191,"date":"2021-12-29T14:18:29","date_gmt":"2021-12-29T14:18:29","guid":{"rendered":"http:\/\/sindiquimicabr.com.br\/?p=13191"},"modified":"2021-12-29T14:19:24","modified_gmt":"2021-12-29T14:19:24","slug":"mundo-bate-recorde-de-casos-de-covid-19-com-avanco-da-omicron","status":"publish","type":"post","link":"http:\/\/sindiquimicabr.com.br\/index.php\/2021\/12\/29\/mundo-bate-recorde-de-casos-de-covid-19-com-avanco-da-omicron\/","title":{"rendered":"Mundo bate recorde de casos de Covid-19 com avan\u00e7o da \u00f4micron"},"content":{"rendered":"<h4 class=\"news-subheadline\">Os dados s\u00e3o da plataforma Our World in Data, ligada \u00e0 Universidade de Oxford, no Reino Unido<\/h4>\n<div class=\"news-main-image \"><picture><source srcset=\"https:\/\/media-manager.noticiasaominuto.com.br\/640\/naom_61b4c95a89688.jpg\" media=\"(max-width: 640px)\" \/><source srcset=\"https:\/\/media-manager.noticiasaominuto.com.br\/960\/naom_61b4c95a89688.jpg\" media=\"(max-width: 960px)\" \/><img decoding=\"async\" class=\"img-responsive \" src=\"https:\/\/media-manager.noticiasaominuto.com.br\/1920\/naom_61b4c95a89688.jpg\" alt=\"Mundo bate recorde de casos de Covid-19 com avan\u00e7o da \u00f4micron\" \/> <\/picture><\/div>\n<div class=\"row\">\n<div class=\"col-lg-12 col-md-12 col-sm-6 col-xs-6\">\n<p class=\"news-main-image-copyright text-left\">\n<\/div>\n<\/div>\n<div class=\"row news-main-text-container\">\n<div class=\"col-lg-12 col-md-12 col-sm-12 col-xs-12\">\n<div class=\"news-main-text\">\n<p style=\"text-align: justify;\"><span class=\"news_capital_letter\">S<\/span>\u00c3O PAULO, SP (FOLHAPRESS) &#8211; Com o avan\u00e7o da variante \u00f4micron do coronav\u00edrus, potencialmente mais transmiss\u00edvel que as outras cepas em circula\u00e7\u00e3o, o planeta voltou a bater recorde de casos de contamina\u00e7\u00e3o por Covid-19 nesta segunda-feira (27).<\/p>\n<p style=\"text-align: justify;\">Os dados s\u00e3o da plataforma Our World in Data, ligada \u00e0 Universidade de Oxford, no Reino Unido, que contabilizou na segunda uma m\u00e9dia di\u00e1ria de 854.603 casos, considerando os sete dias anteriores -a chamada m\u00e9dia m\u00f3vel.<\/p>\n<p style=\"text-align: justify;\">Antes da atual onda, o recorde havia sido registrado em 25 de abril deste ano, com m\u00e9dia de 827.255 casos. \u00c0 \u00e9poca, a vacina\u00e7\u00e3o contra a Covid estava em seus passos iniciais em muitos pa\u00edses.<\/p>\n<p style=\"text-align: justify;\">A m\u00e9dia m\u00f3vel registrada nesta segunda-feira foi impulsionada pela confirma\u00e7\u00e3o de 1,45 milh\u00e3o de casos em um \u00fanico dia, recorde absoluto at\u00e9 agora, acima dos 905,8 mil registrados em abril. O n\u00famero, por\u00e9m, pode refletir um represamento de diagn\u00f3sticos no Natal, uma vez que os registros caem aos fins de semana e feriados -motivo pelo qual a m\u00e9dia m\u00f3vel \u00e9 mais indicada para analisar tend\u00eancias.<\/p>\n<p style=\"text-align: justify;\">Em contrapartida, com o avan\u00e7o da vacina\u00e7\u00e3o, o n\u00famero de mortes permanece muito abaixo do registrado em ondas anteriores da doen\u00e7a. Nesta segunda, a m\u00e9dia m\u00f3vel de mortes registradas em todo o mundo foi de cerca de 6.440 \u00f3bitos, n\u00famero compar\u00e1vel a outubro de 2020, quando n\u00e3o havia imunizantes dispon\u00edveis.<\/p>\n<p style=\"text-align: justify;\">Mesmo assim, a Organiza\u00e7\u00e3o Mundial da Sa\u00fade afirmou nesta ter\u00e7a (28) que prev\u00ea que a \u00f4micron provoque um aumento nas hospitaliza\u00e7\u00f5es, sobretudo entre pessoas n\u00e3o vacinadas.<\/p>\n<p style=\"text-align: justify;\">A explos\u00e3o recente de contamina\u00e7\u00f5es da doen\u00e7a se d\u00e1 de forma diferente pelo mundo e tem sido impulsionada por pa\u00edses do hemisf\u00e9rio Norte, que come\u00e7am a enfrentar o frio do inverno, esta\u00e7\u00e3o em que doen\u00e7as respirat\u00f3rias em geral se propagam mais facilmente -porque as pessoas passam mais tempo em ambientes fechados, com menor circula\u00e7\u00e3o de ar.<\/p>\n<p style=\"text-align: justify;\">S\u00f3 os Estados Unidos, por exemplo, t\u00eam enfrentado uma m\u00e9dia de mais de 237 mil casos por dia. A Europa tamb\u00e9m vem batendo recordes, com m\u00e9dia de 448,9 mil casos s\u00f3 nesta segunda-feira (bem acima do pico anterior na onda mais grave at\u00e9 ent\u00e3o, em novembro de 2020, com m\u00e9dia m\u00f3vel de 293,7 mil casos).<\/p>\n<p style=\"text-align: justify;\">O Brasil, por outro lado, est\u00e1 em um momento de redu\u00e7\u00e3o no n\u00famero de diagn\u00f3sticos, com m\u00e9dia m\u00f3vel de 4.311 contamina\u00e7\u00f5es, de acordo com o levantamento do cons\u00f3rcio de ve\u00edculos de imprensa.<\/p>\n<p style=\"text-align: justify;\">Mas esse n\u00famero pode esconder a real situa\u00e7\u00e3o do pa\u00eds, visto que desde que os sistemas do Minist\u00e9rio da Sa\u00fade sofreram um ataque hacker, em 10 de dezembro, estados t\u00eam tido dificuldades em enviar informa\u00e7\u00f5es da doen\u00e7a ao governo federal. \u00c9 a situa\u00e7\u00e3o de S\u00e3o Paulo, por exemplo: o estado mais populoso e que tradicionalmente concentra a maior parte dos casos no Brasil n\u00e3o atualiza o n\u00famero de contamina\u00e7\u00f5es e mortes desde o dia 11.<\/p>\n<p style=\"text-align: justify;\">Outro fator que a compara\u00e7\u00e3o esconde \u00e9 a testagem, j\u00e1 que em boa parte das na\u00e7\u00f5es europeias e nos EUA \u00e9 poss\u00edvel fazer exames para detectar a doen\u00e7a de maneira muito mais f\u00e1cil do que no Brasil -at\u00e9 recebendo testes em casa-, o que permite identificar um volume muito maior de contamina\u00e7\u00f5es.<\/p>\n<p style=\"text-align: justify;\">Quando se observa o avan\u00e7o da doen\u00e7a em pa\u00edses espec\u00edficos, como o Reino Unido, \u00e9 poss\u00edvel notar o impacto de uma variante mais transmiss\u00edvel. Os brit\u00e2nicos registraram na segunda-feira m\u00e9dia di\u00e1ria de 108,3 mil casos, quase o dobro do recorde anterior, em janeiro (59,7 mil). Segundo a Our World in Data, 58% das contamina\u00e7\u00f5es no pa\u00eds s\u00e3o provocadas pela \u00f4micron; h\u00e1 duas semanas, essa cifra era de 9,5%.<\/p>\n<p style=\"text-align: justify;\">Assim, na\u00e7\u00f5es que avan\u00e7aram na imuniza\u00e7\u00e3o com duas doses de sua popula\u00e7\u00e3o t\u00eam corrido para dar um refor\u00e7o da vacina -o que, segundo indicam as pesquisas at\u00e9 aqui, aumenta a prote\u00e7\u00e3o contra a nova cepa do v\u00edrus. Nesta segunda, o governo franc\u00eas anunciou que vai reduzir de quatro para tr\u00eas meses o intervalo entre a segunda e a terceira dose, mesmo adotado no Reino Unido; no Brasil, esse prazo \u00e9 de quatro meses.<\/p>\n<p style=\"text-align: justify;\">Ao mesmo tempo, governos t\u00eam ampliado as restri\u00e7\u00f5es para conter o v\u00edrus. A Fran\u00e7a limitou o tamanho permitido de aglomera\u00e7\u00f5es, proibiu p\u00fablico em p\u00e9 em shows, restringiu o servi\u00e7o em bares e restaurantes a consumidores sentados e voltou a incentivar o trabalho remoto e o uso de m\u00e1scaras em ambientes externos. O pa\u00eds tamb\u00e9m vem batendo recordes consecutivos de contamina\u00e7\u00e3o: nesta segunda, foram 179,8 mil novos casos, elevando a m\u00e9dia di\u00e1ria para 87,5 mil.<\/p>\n<p style=\"text-align: justify;\">A Holanda anunciou um novo lockdown at\u00e9 14 de janeiro, com fechamento de servi\u00e7os n\u00e3o essenciais. Portugal, uma das na\u00e7\u00f5es mais vacinadas do mundo, mandou fechar bares e casas noturnas at\u00e9 9 de janeiro, per\u00edodo em que o trabalho remoto tamb\u00e9m ser\u00e1 obrigat\u00f3rio, e limitou reuni\u00f5es p\u00fablicas a no m\u00e1ximo dez pessoas. A Alemanha tamb\u00e9m anunciou limita\u00e7\u00e3o a reuni\u00f5es a dez pessoas e fechamento de casas noturnas, al\u00e9m de suspender o p\u00fablico de partidas de futebol.<\/p>\n<p style=\"text-align: justify;\">A China, que trabalha com a estrat\u00e9gia conhecida como &#8220;Covid zero&#8221;, de n\u00e3o tolerar surtos no pa\u00eds, ampliou nesta ter\u00e7a o lockdown imposto \u00e0 cidade de Xian, no noroeste do pa\u00eds, ap\u00f3s confirmar 200 novos casos.<\/p>\n<\/div>\n<\/div>\n<\/div>\n<p>Fonte: Noticias ao Minuto<\/p>\n","protected":false},"excerpt":{"rendered":"<p>Os dados s\u00e3o da plataforma Our World in Data, ligada \u00e0 Universidade de Oxford, no Reino Unido S\u00c3O PAULO, SP (FOLHAPRESS) &#8211; Com o avan\u00e7o da variante \u00f4micron do coronav\u00edrus, potencialmente mais transmiss\u00edvel que as outras cepas em circula\u00e7\u00e3o, o planeta voltou a bater recorde de casos de contamina\u00e7\u00e3o por Covid-19 nesta segunda-feira (27). Os<a class=\"moretag\" href=\"http:\/\/sindiquimicabr.com.br\/index.php\/2021\/12\/29\/mundo-bate-recorde-de-casos-de-covid-19-com-avanco-da-omicron\/\"> [&#8230;]<\/a><\/p>\n","protected":false},"author":2,"featured_media":13192,"comment_status":"closed","ping_status":"closed","sticky":false,"template":"","format":"standard","meta":[],"categories":[9],"tags":[],"_links":{"self":[{"href":"http:\/\/sindiquimicabr.com.br\/index.php\/wp-json\/wp\/v2\/posts\/13191"}],"collection":[{"href":"http:\/\/sindiquimicabr.com.br\/index.php\/wp-json\/wp\/v2\/posts"}],"about":[{"href":"http:\/\/sindiquimicabr.com.br\/index.php\/wp-json\/wp\/v2\/types\/post"}],"author":[{"embeddable":true,"href":"http:\/\/sindiquimicabr.com.br\/index.php\/wp-json\/wp\/v2\/users\/2"}],"replies":[{"embeddable":true,"href":"http:\/\/sindiquimicabr.com.br\/index.php\/wp-json\/wp\/v2\/comments?post=13191"}],"version-history":[{"count":1,"href":"http:\/\/sindiquimicabr.com.br\/index.php\/wp-json\/wp\/v2\/posts\/13191\/revisions"}],"predecessor-version":[{"id":13193,"href":"http:\/\/sindiquimicabr.com.br\/index.php\/wp-json\/wp\/v2\/posts\/13191\/revisions\/13193"}],"wp:featuredmedia":[{"embeddable":true,"href":"http:\/\/sindiquimicabr.com.br\/index.php\/wp-json\/wp\/v2\/media\/13192"}],"wp:attachment":[{"href":"http:\/\/sindiquimicabr.com.br\/index.php\/wp-json\/wp\/v2\/media?parent=13191"}],"wp:term":[{"taxonomy":"category","embeddable":true,"href":"http:\/\/sindiquimicabr.com.br\/index.php\/wp-json\/wp\/v2\/categories?post=13191"},{"taxonomy":"post_tag","embeddable":true,"href":"http:\/\/sindiquimicabr.com.br\/index.php\/wp-json\/wp\/v2\/tags?post=13191"}],"curies":[{"name":"wp","href":"https:\/\/api.w.org\/{rel}","templated":true}]}}