{"id":13209,"date":"2021-12-30T14:14:03","date_gmt":"2021-12-30T14:14:03","guid":{"rendered":"http:\/\/sindiquimicabr.com.br\/?p=13209"},"modified":"2021-12-30T14:19:24","modified_gmt":"2021-12-30T14:19:24","slug":"reajuste-de-energia-pode-ficar-em-9-com-credito-de-r-15-bi-a-eletricas","status":"publish","type":"post","link":"http:\/\/sindiquimicabr.com.br\/index.php\/2021\/12\/30\/reajuste-de-energia-pode-ficar-em-9-com-credito-de-r-15-bi-a-eletricas\/","title":{"rendered":"Reajuste de energia pode ficar em 9% com cr\u00e9dito de R$ 15 bi a el\u00e9tricas"},"content":{"rendered":"<h4 class=\"news-subheadline\">O reajuste m\u00e9dio nas tarifas, inicialmente estimado em 21%, pode cair para 9,14%, a depender do valor da opera\u00e7\u00e3o financeira<\/h4>\n<div class=\"news-main-image \"><picture><source srcset=\"https:\/\/media-manager.noticiasaominuto.com.br\/640\/naom_5cee1d311732c.jpg\" media=\"(max-width: 640px)\" \/><source srcset=\"https:\/\/media-manager.noticiasaominuto.com.br\/960\/naom_5cee1d311732c.jpg\" media=\"(max-width: 960px)\" \/><img decoding=\"async\" class=\"img-responsive \" src=\"https:\/\/media-manager.noticiasaominuto.com.br\/1920\/naom_5cee1d311732c.jpg\" alt=\"Reajuste de energia pode ficar em 9% com cr\u00e9dito de R$ 15 bi a el\u00e9tricas\" \/> <\/picture><\/div>\n<div class=\"row\">\n<div class=\"col-lg-12 col-md-12 col-sm-6 col-xs-6\"><\/div>\n<\/div>\n<div class=\"row news-info-container no-margin\">\n<div class=\"col-lg-6 col-md-6 col-sm-6 hidden-xs no-padding\">\n<div class=\"news-social\">\n<div class=\"fb-share-button\" data-href=\"https:\/\/www.noticiasaominuto.com.br\/economia\/1872307\/reajuste-de-energia-pode-ficar-em-9-com-credito-de-r-15-bi-a-eletricas?utm_medium=social&amp;utm_source=facebook.com&amp;utm_campaign=buffer\" data-layout=\"button\" data-size=\"small\" data-mobile-iframe=\"true\"><\/div>\n<div class=\"fb-like\" data-href=\"https:\/\/www.noticiasaominuto.com.br\/economia\/1872307\/reajuste-de-energia-pode-ficar-em-9-com-credito-de-r-15-bi-a-eletricas?utm_medium=social&amp;utm_source=facebook.com&amp;utm_campaign=buffer\" data-layout=\"button\" data-action=\"like\" data-size=\"small\" data-show-faces=\"true\" data-share=\"false\"><\/div>\n<\/div>\n<\/div>\n<\/div>\n<div class=\"row news-main-text-container\">\n<div class=\"col-lg-12 col-md-12 col-sm-12 col-xs-12\">\n<div class=\"news-main-text\">\n<p style=\"text-align: justify;\"><span class=\"news_capital_letter\">O<\/span>s consumidores ter\u00e3o de continuar a conviver com aumento das contas de luz em 2022, mas o socorro financeiro bilion\u00e1rio ao setor el\u00e9trico estruturado pelo governo deve evitar um &#8220;tarifa\u00e7o&#8221; no ano em que o presidente Jair Bolsonaro pretende disputar a reelei\u00e7\u00e3o. O reajuste m\u00e9dio nas tarifas, inicialmente estimado em 21%, pode cair para 9,14%, a depender do valor da opera\u00e7\u00e3o financeira. A proje\u00e7\u00e3o considera um financiamento da ordem de R$ 15 bilh\u00f5es, como vem sendo aventado nos \u00faltimos meses.<\/p>\n<div class=\"pub-container inside-news\" style=\"text-align: justify;\">\n<p class=\"pub-space\">A estimativa consta em documento oficial da Ag\u00eancia Nacional de Energia El\u00e9trica (Aneel) encaminhado ao Minist\u00e9rio de Minas e Energia (MME), ao qual o <strong>Estad\u00e3o\/Broadcast<\/strong> teve acesso. Apesar de evitar uma explos\u00e3o nas contas de luz em 2022, a fatura chegar\u00e1 no futuro, j\u00e1 que o empr\u00e9stimo ser\u00e1 dilu\u00eddo nas tarifas ao longo dos pr\u00f3ximos anos e ter\u00e1 incid\u00eancia de juros elevados.<\/p>\n<\/div>\n<p style=\"text-align: justify;\">O novo socorro financeiro foi permitido por meio de medida provis\u00f3ria publicada em 13 de dezembro, e ser\u00e1 usado para bancar medidas emergenciais que reduziram o risco de um novo apag\u00e3o no Pa\u00eds. Embora os tr\u00e2mites tenham avan\u00e7ado nas \u00faltimas semanas, ainda ser\u00e1 necess\u00e1rio um decreto presidencial. Depois, a Aneel ter\u00e1 que regulament\u00e1-lo. Como isso envolve prazo para receber contribui\u00e7\u00f5es de agentes do setor el\u00e9trico e da sociedade, a previs\u00e3o de que o financiamento seja concedido em janeiro \u00e9 considerada muito otimista.<\/p>\n<p style=\"text-align: justify;\">O documento apresentado ao MME tra\u00e7a seis cen\u00e1rios, que envolvem empr\u00e9stimos da ordem de R$ 10 bilh\u00f5es a R$ 15 bilh\u00f5es. Os reajustes m\u00e9dios previstos variam de 9,14% a 11,58% &#8211; quanto maior o volume financiado, menor o reajuste projetado. Em defesa da necessidade de aportes no setor el\u00e9trico para equacionar a situa\u00e7\u00e3o, o documento aponta que, para al\u00e9m dos custos da crise h\u00eddrica, as tarifas tamb\u00e9m ser\u00e3o pressionadas pelos \u00edndices inflacion\u00e1rios, pela cota\u00e7\u00e3o do d\u00f3lar e pelas despesas de medidas para recupera\u00e7\u00e3o dos reservat\u00f3rios.<\/p>\n<p style=\"text-align: justify;\">&#8220;\u00c0 vista das informa\u00e7\u00f5es e an\u00e1lises, \u00e9 incontest\u00e1vel que as circunst\u00e2ncias atuais s\u00e3o excepcionais, para tanto confluindo a supera\u00e7\u00e3o de uma pandemia e do per\u00edodo de setembro\/2020 a setembro\/2021 com a pior aflu\u00eancia (falta de chuvas, que afetou o n\u00edvel dos reservat\u00f3rios das usinas) verificada nos 91 anos de hist\u00f3rico. Some-se a isso os elevados \u00edndices de infla\u00e7\u00e3o e dos patamares tarif\u00e1rios que comprometem a capacidade de pagamento, em momento de retomada das atividades econ\u00f4micas&#8221;, diz o texto.<\/p>\n<p style=\"text-align: justify;\"><strong>ELETROBRAS<\/strong><\/p>\n<p style=\"text-align: justify;\">A Aneel levanta ainda a possibilidade jur\u00eddica de aporte de recursos do Tesouro para abater as tarifas, mas a hip\u00f3tese \u00e9 remota em raz\u00e3o da conjuntura fiscal e or\u00e7ament\u00e1ria do Pa\u00eds. O documento menciona tamb\u00e9m a lei que permite a privatiza\u00e7\u00e3o da Eletrobras e que prev\u00ea a possibilidade de uma segunda emiss\u00e3o de a\u00e7\u00f5es da estatal. A ag\u00eancia defende o direcionamento dos recursos envolvidos na opera\u00e7\u00e3o \u00e0 modicidade tarif\u00e1ria, principalmente na amortiza\u00e7\u00e3o do empr\u00e9stimo.<\/p>\n<p style=\"text-align: justify;\">Al\u00e9m da opera\u00e7\u00e3o de cr\u00e9dito, outras a\u00e7\u00f5es ser\u00e3o aplicadas pela ag\u00eancia reguladora para atenuar os reajustes. Na lista de medidas para o pr\u00f3ximo ano, est\u00e3o a redu\u00e7\u00e3o do servi\u00e7o da d\u00edvida da Itaipu Binacional em R$ 600 milh\u00f5es; a compensa\u00e7\u00e3o de cr\u00e9ditos tribut\u00e1rios de PIS\/Cofins cobrados indevidamente nos \u00faltimos anos, que deve somar R$ 7 bilh\u00f5es; e a antecipa\u00e7\u00e3o de aporte de R$ 5 bilh\u00f5es decorrente do pagamento de outorga pela Eletrobras em troca de novos contatos para a energia de suas usinas.<\/p>\n<p style=\"text-align: justify;\">O repasse est\u00e1 diretamente relacionado ao sucesso da desestatiza\u00e7\u00e3o e tamb\u00e9m ao prazo de realiza\u00e7\u00e3o da opera\u00e7\u00e3o, que precisaria ocorrer at\u00e9 o primeiro semestre. O cronograma est\u00e1 alinhado \u00e0 expectativa do governo de realizar a dilui\u00e7\u00e3o do capital da estatal nos primeiros meses do pr\u00f3ximo ano. As informa\u00e7\u00f5es s\u00e3o do jornal O Estado de S. Paulo.<\/p>\n<\/div>\n<p>Fonte: <a href=\"https:\/\/www.noticiasaominuto.com.br\/economia\/1872307\/reajuste-de-energia-pode-ficar-em-9-com-credito-de-r-15-bi-a-eletricas\">Noticias ao Minuto<\/a><\/p>\n<\/div>\n<\/div>\n","protected":false},"excerpt":{"rendered":"<p>O reajuste m\u00e9dio nas tarifas, inicialmente estimado em 21%, pode cair para 9,14%, a depender do valor da opera\u00e7\u00e3o financeira Os consumidores ter\u00e3o de continuar a conviver com aumento das contas de luz em 2022, mas o socorro financeiro bilion\u00e1rio ao setor el\u00e9trico estruturado pelo governo deve evitar um &#8220;tarifa\u00e7o&#8221; no ano em que o<a class=\"moretag\" href=\"http:\/\/sindiquimicabr.com.br\/index.php\/2021\/12\/30\/reajuste-de-energia-pode-ficar-em-9-com-credito-de-r-15-bi-a-eletricas\/\"> [&#8230;]<\/a><\/p>\n","protected":false},"author":2,"featured_media":13211,"comment_status":"closed","ping_status":"closed","sticky":false,"template":"","format":"standard","meta":[],"categories":[9],"tags":[],"_links":{"self":[{"href":"http:\/\/sindiquimicabr.com.br\/index.php\/wp-json\/wp\/v2\/posts\/13209"}],"collection":[{"href":"http:\/\/sindiquimicabr.com.br\/index.php\/wp-json\/wp\/v2\/posts"}],"about":[{"href":"http:\/\/sindiquimicabr.com.br\/index.php\/wp-json\/wp\/v2\/types\/post"}],"author":[{"embeddable":true,"href":"http:\/\/sindiquimicabr.com.br\/index.php\/wp-json\/wp\/v2\/users\/2"}],"replies":[{"embeddable":true,"href":"http:\/\/sindiquimicabr.com.br\/index.php\/wp-json\/wp\/v2\/comments?post=13209"}],"version-history":[{"count":3,"href":"http:\/\/sindiquimicabr.com.br\/index.php\/wp-json\/wp\/v2\/posts\/13209\/revisions"}],"predecessor-version":[{"id":13216,"href":"http:\/\/sindiquimicabr.com.br\/index.php\/wp-json\/wp\/v2\/posts\/13209\/revisions\/13216"}],"wp:featuredmedia":[{"embeddable":true,"href":"http:\/\/sindiquimicabr.com.br\/index.php\/wp-json\/wp\/v2\/media\/13211"}],"wp:attachment":[{"href":"http:\/\/sindiquimicabr.com.br\/index.php\/wp-json\/wp\/v2\/media?parent=13209"}],"wp:term":[{"taxonomy":"category","embeddable":true,"href":"http:\/\/sindiquimicabr.com.br\/index.php\/wp-json\/wp\/v2\/categories?post=13209"},{"taxonomy":"post_tag","embeddable":true,"href":"http:\/\/sindiquimicabr.com.br\/index.php\/wp-json\/wp\/v2\/tags?post=13209"}],"curies":[{"name":"wp","href":"https:\/\/api.w.org\/{rel}","templated":true}]}}