{"id":13226,"date":"2021-12-30T14:31:11","date_gmt":"2021-12-30T14:31:11","guid":{"rendered":"http:\/\/sindiquimicabr.com.br\/?p=13226"},"modified":"2021-12-30T14:31:43","modified_gmt":"2021-12-30T14:31:43","slug":"marco-aurelio-critica-nomeacao-de-general-ao-tse-e-diz-que-isso-nao-ocorreu-nem-no-regime-militar","status":"publish","type":"post","link":"http:\/\/sindiquimicabr.com.br\/index.php\/2021\/12\/30\/marco-aurelio-critica-nomeacao-de-general-ao-tse-e-diz-que-isso-nao-ocorreu-nem-no-regime-militar\/","title":{"rendered":"Marco Aur\u00e9lio critica nomea\u00e7\u00e3o de general ao TSE e diz que isso n\u00e3o ocorreu nem no regime militar"},"content":{"rendered":"<h4 class=\"news-subheadline\">Marco Aur\u00e9lio Mello criticou a nomea\u00e7\u00e3o do general da reserva Fernando Azevedo e Silva para diretoria-geral da corte eleitoral<\/h4>\n<div class=\"news-main-image \"><picture><source srcset=\"https:\/\/media-manager.noticiasaominuto.com.br\/640\/naom_605a1edfb1192.jpg\" media=\"(max-width: 640px)\" \/><source srcset=\"https:\/\/media-manager.noticiasaominuto.com.br\/960\/naom_605a1edfb1192.jpg\" media=\"(max-width: 960px)\" \/><img decoding=\"async\" class=\"img-responsive \" src=\"https:\/\/media-manager.noticiasaominuto.com.br\/1920\/naom_605a1edfb1192.jpg\" alt=\"Marco Aur\u00e9lio critica nomea\u00e7\u00e3o de general ao TSE e diz que isso n\u00e3o ocorreu nem no regime militar\" \/> <\/picture><\/div>\n<div class=\"row\">\n<div class=\"col-lg-12 col-md-12 col-sm-6 col-xs-6\">\n<p class=\"news-main-image-copyright text-left\">\n<\/div>\n<\/div>\n<div class=\"row news-info-container no-margin\">\n<div class=\"col-lg-6 col-md-6 col-sm-6 hidden-xs no-padding\">\n<div class=\"news-social\" style=\"text-align: justify;\">\n<div class=\"fb-like\" data-href=\"https:\/\/www.noticiasaominuto.com.br\/politica\/1872300\/marco-aurelio-critica-nomeacao-de-general-para-o-tse-e-diz-que-isso-nao-ocorreu-nem-no-regime-militar?utm_medium=social&amp;utm_source=facebook.com&amp;utm_campaign=buffer\" data-layout=\"button\" data-action=\"like\" data-size=\"small\" data-show-faces=\"true\" data-share=\"false\"><\/div>\n<\/div>\n<\/div>\n<\/div>\n<div class=\"row news-main-text-container\">\n<div class=\"col-lg-12 col-md-12 col-sm-12 col-xs-12\">\n<div class=\"news-main-text\">\n<p style=\"text-align: justify;\"><span class=\"news_capital_letter\">S<\/span>\u00c3O PAULO, SP (FOLHAPRESS) &#8211; Ex-presidente do TSE (Tribunal Superior Eleitoral), Marco Aur\u00e9lio Mello afirma que n\u00e3o compreendeu a nomea\u00e7\u00e3o do general da reserva Fernando Azevedo e Silva para diretoria-geral da corte eleitoral, que v\u00ea criticamente.<\/p>\n<p style=\"text-align: justify;\">&#8220;Nem na \u00e9poca de exce\u00e7\u00e3o, no regime militar vivenciado pelo Brasil, isso ocorreu&#8221;, diz o ex-ministro do STF \u00e0 coluna Painel, da Folha de S.Paulo. Ele afirma que a escolha pelo ex-ministro da Defesa de Jair Bolsonaro (PL) pode gerar um mau exemplo para o restante do sistema de Justi\u00e7a.<\/p>\n<p style=\"text-align: justify;\">&#8220;Sob a minha \u00f3tica, talvez equivocada, \u00e9 negativo. O exemplo frutificar\u00e1, j\u00e1 que vem de cima? Os [Tribunais] Regionais buscar\u00e3o assessoria militar?&#8221;, diz Mello.<\/p>\n<p style=\"text-align: justify;\">Outros ex-integrantes do TSE e do STF dizem n\u00e3o ver problemas na escolha de um militar para o posto.<\/p>\n<p style=\"text-align: justify;\">&#8220;O general Azevedo \u00e9 um brasileiro e um servidor p\u00fablico exemplar. Entende-se, por isso, que n\u00e3o tenha permanecido no governo de Jair Bolsonaro. Ele j\u00e1 serviu ao Supremo, com toda a sua qualidade, e n\u00e3o me ocorre melhor nome para, neste momento, assumir essa dire\u00e7\u00e3o executiva da Justi\u00e7a Eleitoral&#8221;, diz Francisco Rezek.<\/p>\n<p style=\"text-align: justify;\">&#8220;Se o nomeado se comporta \u00e0 luz das fun\u00e7\u00f5es do cargo, pouco importa que seja civil ou militar, o que importa \u00e9 que o cargo \u00e9 civil por si mesmo. Ent\u00e3o, quando general \u00e9 nomeado para cargo civil, enquanto estiver l\u00e1, deixa de ser general&#8221;, diz Ayres Britto, que presidiu o TSE de 2008 a 2010.<\/p>\n<p style=\"text-align: justify;\">Sep\u00falveda Pertence e N\u00e9ri da Silveira argumentam no mesmo sentido. &#8220;A gente n\u00e3o tem que ter restri\u00e7\u00e3o ou favorecimento a determinada categoria de servidores. Temos que olhar para as qualidades pessoais&#8221;, diz Silveira.<\/p>\n<p style=\"text-align: justify;\">&#8220;\u00c9 um cargo em comiss\u00e3o, da\u00ed poder ser ocupado por civis ou mesmo por militares. N\u00e3o tenho conhecimento do nomeado, tive um contato na \u00e9poca que ele foi assessor da presid\u00eancia do Supremo, apenas espero que n\u00e3o comprometa esse esfor\u00e7o gigantesco que tem feito o TSE, especialmente o seu presidente, ministro Lu\u00eds Roberto Barroso, para que o pleito seja seguro e tranquilo&#8221;, diz Pertence.<\/p>\n<p style=\"text-align: justify;\">&#8220;N\u00e3o vejo problema. \u00c9 militar da reserva, \u00e9 um cidad\u00e3o&#8221;, complementa.<\/p>\n<p style=\"text-align: justify;\">\u200bAl\u00e9m de comandar a pasta da Defesa na gest\u00e3o de Bolsonaro, Azevedo atuou como assessor especial do Supremo, a convite do ex-presidente da corte Dias Toffoli. A passagem dele pelo tribunal propiciou a aproxima\u00e7\u00e3o com ministros.<\/p>\n<p style=\"text-align: justify;\">Enquanto esteve no Executivo, o militar da reserva do Ex\u00e9rcito trabalhou para manter as For\u00e7as Armadas com um vi\u00e9s mais institucional.<\/p>\n<p style=\"text-align: justify;\">Sempre que o presidente insinuava acionar o Ex\u00e9rcito para resolver seus embates pol\u00edticos, dizem ministros do STF, era o general quem entrava em cena. Procurava os magistrados para afirmar que os militares respeitam a Constitui\u00e7\u00e3o Federal e n\u00e3o concordam com a ideia de novo golpe contra a democracia.<\/p>\n<p style=\"text-align: justify;\">Essa postura foi considerada como um dos motivos para sua demiss\u00e3o. Foi substitu\u00eddo pelo general do Ex\u00e9rcito Walter Braga Netto, tamb\u00e9m da reserva, alinhado \u00e0s vis\u00f5es de Bolsonaro.<\/p>\n<\/div>\n<\/div>\n<p>Fonte: <a href=\"https:\/\/www.noticiasaominuto.com.br\/politica\/1872300\/marco-aurelio-critica-nomeacao-de-general-para-o-tse-e-diz-que-isso-nao-ocorreu-nem-no-regime-militar\">Noticias ao Minuto<\/a><\/p>\n<\/div>\n","protected":false},"excerpt":{"rendered":"<p>Marco Aur\u00e9lio Mello criticou a nomea\u00e7\u00e3o do general da reserva Fernando Azevedo e Silva para diretoria-geral da corte eleitoral S\u00c3O PAULO, SP (FOLHAPRESS) &#8211; Ex-presidente do TSE (Tribunal Superior Eleitoral), Marco Aur\u00e9lio Mello afirma que n\u00e3o compreendeu a nomea\u00e7\u00e3o do general da reserva Fernando Azevedo e Silva para diretoria-geral da corte eleitoral, que v\u00ea criticamente.<a class=\"moretag\" href=\"http:\/\/sindiquimicabr.com.br\/index.php\/2021\/12\/30\/marco-aurelio-critica-nomeacao-de-general-ao-tse-e-diz-que-isso-nao-ocorreu-nem-no-regime-militar\/\"> [&#8230;]<\/a><\/p>\n","protected":false},"author":2,"featured_media":13228,"comment_status":"closed","ping_status":"closed","sticky":false,"template":"","format":"standard","meta":[],"categories":[9],"tags":[],"_links":{"self":[{"href":"http:\/\/sindiquimicabr.com.br\/index.php\/wp-json\/wp\/v2\/posts\/13226"}],"collection":[{"href":"http:\/\/sindiquimicabr.com.br\/index.php\/wp-json\/wp\/v2\/posts"}],"about":[{"href":"http:\/\/sindiquimicabr.com.br\/index.php\/wp-json\/wp\/v2\/types\/post"}],"author":[{"embeddable":true,"href":"http:\/\/sindiquimicabr.com.br\/index.php\/wp-json\/wp\/v2\/users\/2"}],"replies":[{"embeddable":true,"href":"http:\/\/sindiquimicabr.com.br\/index.php\/wp-json\/wp\/v2\/comments?post=13226"}],"version-history":[{"count":1,"href":"http:\/\/sindiquimicabr.com.br\/index.php\/wp-json\/wp\/v2\/posts\/13226\/revisions"}],"predecessor-version":[{"id":13227,"href":"http:\/\/sindiquimicabr.com.br\/index.php\/wp-json\/wp\/v2\/posts\/13226\/revisions\/13227"}],"wp:featuredmedia":[{"embeddable":true,"href":"http:\/\/sindiquimicabr.com.br\/index.php\/wp-json\/wp\/v2\/media\/13228"}],"wp:attachment":[{"href":"http:\/\/sindiquimicabr.com.br\/index.php\/wp-json\/wp\/v2\/media?parent=13226"}],"wp:term":[{"taxonomy":"category","embeddable":true,"href":"http:\/\/sindiquimicabr.com.br\/index.php\/wp-json\/wp\/v2\/categories?post=13226"},{"taxonomy":"post_tag","embeddable":true,"href":"http:\/\/sindiquimicabr.com.br\/index.php\/wp-json\/wp\/v2\/tags?post=13226"}],"curies":[{"name":"wp","href":"https:\/\/api.w.org\/{rel}","templated":true}]}}