{"id":13229,"date":"2021-12-30T14:49:30","date_gmt":"2021-12-30T14:49:30","guid":{"rendered":"http:\/\/sindiquimicabr.com.br\/?p=13229"},"modified":"2021-12-30T14:51:23","modified_gmt":"2021-12-30T14:51:23","slug":"guardiao-do-orcamento-secreto-lira-consolida-apoio-a-bolsonaro-na-camara","status":"publish","type":"post","link":"http:\/\/sindiquimicabr.com.br\/index.php\/2021\/12\/30\/guardiao-do-orcamento-secreto-lira-consolida-apoio-a-bolsonaro-na-camara\/","title":{"rendered":"&#8216;Guardi\u00e3o&#8217; do or\u00e7amento secreto, Lira consolida apoio a Bolsonaro na C\u00e2mara"},"content":{"rendered":"<h4 class=\"news-subheadline\">Ao longo de seu primeiro ano \u00e0 frente da C\u00e2mara, o ex-vereador de Macei\u00f3 acumulou vit\u00f3rias com placares folgados na C\u00e2mara<\/h4>\n<div class=\"news-main-image \"><picture><source srcset=\"https:\/\/media-manager.noticiasaominuto.com.br\/640\/naom_603549bde1057.jpg\" media=\"(max-width: 640px)\" \/><source srcset=\"https:\/\/media-manager.noticiasaominuto.com.br\/960\/naom_603549bde1057.jpg\" media=\"(max-width: 960px)\" \/><img decoding=\"async\" class=\"img-responsive \" src=\"https:\/\/media-manager.noticiasaominuto.com.br\/1920\/naom_603549bde1057.jpg\" alt=\"'Guardi\u00e3o' do or\u00e7amento secreto, Lira consolida apoio a Bolsonaro na C\u00e2mara\" \/> <\/picture><\/div>\n<div class=\"row\">\n<div class=\"col-lg-12 col-md-12 col-sm-6 col-xs-6\"><\/div>\n<\/div>\n<div class=\"row news-info-container no-margin\">\n<div class=\"col-lg-6 col-md-6 col-sm-6 col-xs-12 no-padding\">\n<p class=\"news-info-tag\">\n<\/div>\n<div class=\"col-lg-6 col-md-6 col-sm-6 hidden-xs no-padding\">\n<div class=\"news-social\">\n<div class=\"fb-like fb_iframe_widget\" style=\"text-align: justify;\" data-href=\"https:\/\/www.noticiasaominuto.com.br\/politica\/1872398\/guardiao-do-orcamento-secreto-lira-consolida-apoio-a-bolsonaro-na-camara?utm_medium=social&amp;utm_source=facebook.com&amp;utm_campaign=buffer\" data-layout=\"button\" data-action=\"like\" data-size=\"small\" data-show-faces=\"true\" data-share=\"false\"><\/div>\n<\/div>\n<\/div>\n<\/div>\n<div class=\"row news-main-text-container\">\n<div class=\"col-lg-12 col-md-12 col-sm-12 col-xs-12\">\n<div class=\"news-main-text\">\n<p style=\"text-align: justify;\"><span class=\"news_capital_letter\">&#8220;N<\/span>\u00e3o se preocupe com a sociedade civil. Se preocupe em ter voto&#8221;, disse o presidente da C\u00e2mara, Arthur Lira (Progressistas-AL), diante de dez deputados federais, na resid\u00eancia oficial. &#8220;Tem voto ou n\u00e3o tem voto?&#8221;, insistiu Lira, olhando para o relator do projeto de lei de reforma do Imposto de Renda, Celso Sabino (PSL-PA), que ele mesmo havia designado. Voto, \u00e0quela altura &#8211; meados de setembro &#8211; n\u00e3o tinha. Mas a libera\u00e7\u00e3o das emendas de relator-geral do Or\u00e7amento foi o \u00f3leo que faltava na engrenagem e o projeto foi aprovado.<\/p>\n<p style=\"text-align: justify;\">A frase do presidente da C\u00e2mara, narrada sob a condi\u00e7\u00e3o de anonimato por um deputado presente ao encontro, ilustra o seu modo de &#8220;governar&#8221;. O poder de Lira aumentou quando o presidente Jair Bolsonaro entregou a ele uma tarefa que deveria ser do Executivo &#8211; a de manipular o destino de R$ 11 bilh\u00f5es em emendas de relator-geral -, para ampliar a sua base aliada e se salvar do impeachment.<\/p>\n<p style=\"text-align: justify;\">Era a cria\u00e7\u00e3o do esquema do or\u00e7amento secreto, um duto de recursos p\u00fablicos para garantir apoio do Congresso ao Pal\u00e1cio do Planalto. N\u00e3o por acaso, o pol\u00edtico alagoano \u00e9 chamado de primeiro-ministro pelos colegas. Antes das principais vota\u00e7\u00f5es, Lira sempre telefona para os deputados, com o objetivo de perguntar como eles v\u00e3o votar. Amea\u00e7as de cortes de emendas e retiradas de relatorias s\u00e3o comuns. &#8220;Est\u00e1 comigo ou n\u00e3o?&#8221;, costuma indagar ele.<\/p>\n<p style=\"text-align: justify;\"><strong>BALAN\u00c7O<\/strong><\/p>\n<p style=\"text-align: justify;\">Ao longo de seu primeiro ano \u00e0 frente da C\u00e2mara, o ex-vereador de Macei\u00f3 acumulou vit\u00f3rias com placares folgados, a come\u00e7ar pela pr\u00f3pria elei\u00e7\u00e3o ao posto de presidente. Como l\u00edder do Centr\u00e3o, Lira j\u00e1 era um candidato forte para suceder a Rodrigo Maia (sem partido-RJ), mas se tornou imbat\u00edvel ao se aliar a Bolsonaro e ver bilh\u00f5es do or\u00e7amento secreto distribu\u00eddos a deputados dispostos a apoi\u00e1-lo.<\/p>\n<p style=\"text-align: justify;\">Mesmo assim, colheu derrotas. Ficou at\u00f4nito com o resultado da vota\u00e7\u00e3o que rejeitou a proposta concebida para ampliar a influ\u00eancia do Congresso no Conselho Nacional do Minist\u00e9rio P\u00fablico, batizada por opositores como &#8220;PEC da Vingan\u00e7a&#8221;. Antes, em fevereiro, n\u00e3o conseguira aprovar a &#8220;PEC da Blindagem&#8221;.<\/p>\n<p style=\"text-align: justify;\">Na ocasi\u00e3o, tentou se valer do esp\u00edrito de corpo diante da pris\u00e3o do deputado bolsonarista Daniel Silveira (PSL-RJ). O mesmo Lira que travou processos do Conselho de \u00c9tica que poderiam levar \u00e0 cassa\u00e7\u00e3o do parlamentar criticou a dificuldade do Minist\u00e9rio P\u00fablico em punir procuradores e promotores envolvidos em irregularidades.<\/p>\n<p style=\"text-align: justify;\">Descrito at\u00e9 por amigos como um &#8220;trator&#8221;, com estilo vingativo e acostumado a &#8220;dar o troco&#8221;, o presidente da C\u00e2mara transitou entre contradi\u00e7\u00f5es desse tipo no primeiro ano de mandato. Articulou acordos com governistas e com a oposi\u00e7\u00e3o, mas &#8220;atropelou&#8221; o regimento da Casa quando foi conveniente, pulando debates em comiss\u00f5es especiais.<\/p>\n<p style=\"text-align: justify;\">&#8220;O presidente Arthur \u00e9 um democrata. Sabe defender seus ideais e conviver com o contraponto. \u0091Ganhar e perder \u00e9 do jogo\u0092, ele disse na ocasi\u00e3o de uma derrota, em vota\u00e7\u00e3o que afetava os profissionais da educa\u00e7\u00e3o&#8221;, afirmou Celso Sabino, seu aliado.<\/p>\n<p style=\"text-align: justify;\">Lira n\u00e3o tem uma agenda clara \u00e0 frente da C\u00e2mara. Ao receber uma encomenda do governo, costura apoios caso a caso, usando sobretudo repasses do or\u00e7amento secreto. &#8220;Mudan\u00e7as no regimento e o or\u00e7amento secreto n\u00e3o s\u00e3o bons instrumentos para a democracia&#8221;, avaliou o deputado Marcelo Freixo (PSB-RJ).<\/p>\n<p style=\"text-align: justify;\">Em mar\u00e7o, Lira chegou a lembrar Bolsonaro dos pedidos de impeachment que dependiam apenas de uma canetada sua para avan\u00e7ar. Hoje, j\u00e1 s\u00e3o 143. Disse que &#8220;os rem\u00e9dios pol\u00edticos no Parlamento s\u00e3o conhecidos e s\u00e3o todos amargos. Alguns, fatais&#8221;. No dia seguinte, o Congresso aprovou o or\u00e7amento com R$ 30 bilh\u00f5es em emendas de relator-geral, cancelando at\u00e9 despesas obrigat\u00f3rias. O valor caiu, depois, para pouco mais da metade desse montante.<\/p>\n<p style=\"text-align: justify;\"><strong>JUSTI\u00c7A<\/strong><\/p>\n<p style=\"text-align: justify;\">Mesmo com tanto poder, Lira enfrenta processos. A acusa\u00e7\u00e3o de ser o destinat\u00e1rio de R$ 106 mil em propina tramita contra ele na 1\u00aa Turma do Supremo Tribunal Federal. Delatado na Lava Jato, teve den\u00fancias rejeitadas pela 2\u00aa Turma do STF.<\/p>\n<p style=\"text-align: justify;\">Em Alagoas, obteve decis\u00e3o favor\u00e1vel, com arquivamento da den\u00fancia de envolvimento em esquema que desviou R$ 254 milh\u00f5es da Assembleia Legislativa entre 2001 e 2007. Lira tamb\u00e9m foi acusado pela ex-mulher de viol\u00eancia dom\u00e9stica. Ele sempre negou ter cometido qualquer crime. Procurado pelo Estad\u00e3o, n\u00e3o se manifestou.<\/p>\n<p style=\"text-align: justify;\">As informa\u00e7\u00f5es s\u00e3o do jornal O Estado de S. Paulo.<\/p>\n<\/div>\n<\/div>\n<p>Fonte: <a href=\"https:\/\/www.noticiasaominuto.com.br\/politica\/1872398\/guardiao-do-orcamento-secreto-lira-consolida-apoio-a-bolsonaro-na-camara\">Noticias ao Minuto<\/a><\/p>\n<\/div>\n","protected":false},"excerpt":{"rendered":"<p>Ao longo de seu primeiro ano \u00e0 frente da C\u00e2mara, o ex-vereador de Macei\u00f3 acumulou vit\u00f3rias com placares folgados na C\u00e2mara &#8220;N\u00e3o se preocupe com a sociedade civil. Se preocupe em ter voto&#8221;, disse o presidente da C\u00e2mara, Arthur Lira (Progressistas-AL), diante de dez deputados federais, na resid\u00eancia oficial. &#8220;Tem voto ou n\u00e3o tem voto?&#8221;,<a class=\"moretag\" href=\"http:\/\/sindiquimicabr.com.br\/index.php\/2021\/12\/30\/guardiao-do-orcamento-secreto-lira-consolida-apoio-a-bolsonaro-na-camara\/\"> [&#8230;]<\/a><\/p>\n","protected":false},"author":2,"featured_media":13230,"comment_status":"closed","ping_status":"closed","sticky":false,"template":"","format":"standard","meta":[],"categories":[2],"tags":[],"_links":{"self":[{"href":"http:\/\/sindiquimicabr.com.br\/index.php\/wp-json\/wp\/v2\/posts\/13229"}],"collection":[{"href":"http:\/\/sindiquimicabr.com.br\/index.php\/wp-json\/wp\/v2\/posts"}],"about":[{"href":"http:\/\/sindiquimicabr.com.br\/index.php\/wp-json\/wp\/v2\/types\/post"}],"author":[{"embeddable":true,"href":"http:\/\/sindiquimicabr.com.br\/index.php\/wp-json\/wp\/v2\/users\/2"}],"replies":[{"embeddable":true,"href":"http:\/\/sindiquimicabr.com.br\/index.php\/wp-json\/wp\/v2\/comments?post=13229"}],"version-history":[{"count":3,"href":"http:\/\/sindiquimicabr.com.br\/index.php\/wp-json\/wp\/v2\/posts\/13229\/revisions"}],"predecessor-version":[{"id":13234,"href":"http:\/\/sindiquimicabr.com.br\/index.php\/wp-json\/wp\/v2\/posts\/13229\/revisions\/13234"}],"wp:featuredmedia":[{"embeddable":true,"href":"http:\/\/sindiquimicabr.com.br\/index.php\/wp-json\/wp\/v2\/media\/13230"}],"wp:attachment":[{"href":"http:\/\/sindiquimicabr.com.br\/index.php\/wp-json\/wp\/v2\/media?parent=13229"}],"wp:term":[{"taxonomy":"category","embeddable":true,"href":"http:\/\/sindiquimicabr.com.br\/index.php\/wp-json\/wp\/v2\/categories?post=13229"},{"taxonomy":"post_tag","embeddable":true,"href":"http:\/\/sindiquimicabr.com.br\/index.php\/wp-json\/wp\/v2\/tags?post=13229"}],"curies":[{"name":"wp","href":"https:\/\/api.w.org\/{rel}","templated":true}]}}