{"id":14028,"date":"2022-02-10T12:05:58","date_gmt":"2022-02-10T12:05:58","guid":{"rendered":"http:\/\/sindiquimicabr.com.br\/?p=14028"},"modified":"2022-02-10T12:21:50","modified_gmt":"2022-02-10T12:21:50","slug":"malu-weber-assume-posicao-na-lideranca-global-de-comunicacao-da-bayer","status":"publish","type":"post","link":"http:\/\/sindiquimicabr.com.br\/index.php\/2022\/02\/10\/malu-weber-assume-posicao-na-lideranca-global-de-comunicacao-da-bayer\/","title":{"rendered":"Malu Weber assume posi\u00e7\u00e3o na lideran\u00e7a global de Comunica\u00e7\u00e3o da Bayer"},"content":{"rendered":"<p style=\"text-align: justify;\"><a href=\"http:\/\/sindiquimicabr.com.br\/wp\/wp-content\/uploads\/2022\/02\/Malu-Weber-assume-posicao-na-lideranca-global-de-Comunicacao-da-Bayer.jpg\"><img decoding=\"async\" loading=\"lazy\" class=\"size-full wp-image-14031 alignnone\" src=\"http:\/\/sindiquimicabr.com.br\/wp\/wp-content\/uploads\/2022\/02\/Malu-Weber-assume-posicao-na-lideranca-global-de-Comunicacao-da-Bayer.jpg\" alt=\"\" width=\"750\" height=\"501\" srcset=\"http:\/\/sindiquimicabr.com.br\/wp\/wp-content\/uploads\/2022\/02\/Malu-Weber-assume-posicao-na-lideranca-global-de-Comunicacao-da-Bayer.jpg 750w, http:\/\/sindiquimicabr.com.br\/wp\/wp-content\/uploads\/2022\/02\/Malu-Weber-assume-posicao-na-lideranca-global-de-Comunicacao-da-Bayer-300x200.jpg 300w, http:\/\/sindiquimicabr.com.br\/wp\/wp-content\/uploads\/2022\/02\/Malu-Weber-assume-posicao-na-lideranca-global-de-Comunicacao-da-Bayer-272x182.jpg 272w\" sizes=\"(max-width: 750px) 100vw, 750px\" \/><\/a><\/p>\n<p style=\"text-align: justify;\">Pela primeira vez, uma executiva brasileira assumir\u00e1 uma cadeira no Conselho Global de Comunica\u00e7\u00e3o da Bayer, multinacional alem\u00e3 l\u00edder nos setores de sa\u00fade e nutri\u00e7\u00e3o. Malu Weber, diretora executiva de comunica\u00e7\u00e3o corporativa da Bayer Brasil, representar\u00e1 o Pa\u00eds na alta lideran\u00e7a, a partir de mar\u00e7o, contribuindo de forma ativa nas estrat\u00e9gias globais de comunica\u00e7\u00e3o com a perspectiva do Brasil, terceiro maior mercado para a Bayer no mundo. Al\u00e9m do Brasil, a nova estrutura da equipe de lideran\u00e7a de comunica\u00e7\u00e3o global tamb\u00e9m inclui as l\u00edderes de comunica\u00e7\u00e3o dos Estados Unidos e da China e a l\u00edder de mercados internacionais. Com a nova configura\u00e7\u00e3o, 50% das posi\u00e7\u00f5es do time ser\u00e3o ocupadas por mulheres.<\/p>\n<p style=\"text-align: justify;\">\u201cEstou bastante entusiasmado com esse movimento que estamos fazendo, ao amplificarmos a diversidade e as vozes dos pa\u00edses de nossa comunidade global\u201d, afirma Michael Preuss, Head de Comunica\u00e7\u00e3o Global da Bayer. \u201cAdicionar diferentes perspectivas, de diferentes locais do mundo e de relev\u00e2ncia para n\u00f3s, como o Brasil, com experi\u00eancias t\u00e3o \u00fanicas e diversas, vai trazer muito valor para nossas discuss\u00f5es e contribuir\u00e1 para a jornada de evolu\u00e7\u00e3o das nossas atividades de comunica\u00e7\u00e3o\u201d, complementa Preuss.<\/p>\n<p style=\"text-align: justify;\">\u201cEstou honrada com este convite. \u00c9 um movimento claro da companhia em ampliar a escuta e a diversidade de opini\u00f5es, adicionando os \u201cdiferentes sotaques\u201d do mundo Bayer \u00e0 \u00fanica voz da companhia\u201d, comenta Malu Weber. \u201c\u00c9 maravilhoso poder fazer parte da alta lideran\u00e7a de comunica\u00e7\u00e3o, levando o sotaque brasileiro e aprendendo com todos os demais sotaques nas discuss\u00f5es globais. \u00c9 uma demonstra\u00e7\u00e3o pr\u00e1tica da cultura de colabora\u00e7\u00e3o que estamos fortalecendo e estimulando na companhia\u201d.<\/p>\n<p style=\"text-align: justify;\">Malu ingressou na Bayer em agosto de 2020, no auge da pandemia da Covid-19, e chegou com a responsabilidade de reposicionar a marca no Brasil no momento de profunda transforma\u00e7\u00e3o dos neg\u00f3cios. \u201cTivemos muitas iniciativas no Pa\u00eds conectadas \u00e0 ci\u00eancia, \u00e0 inova\u00e7\u00e3o aberta, \u00e0 inclus\u00e3o e \u00e0 sustentabilidade, evoluindo nossa forma de comunicar e de dialogar institucionalmente e nos setores do agro e da sa\u00fade, tanto com nossos colaboradores, quanto com a sociedade. Estamos focados em ser uma empresa cada vez mais pr\u00f3xima, humana, integrada e colaborativa \u2014 e a comunica\u00e7\u00e3o tamb\u00e9m precisa refletir esse movimento\u201d, conclui a executiva.<\/p>\n<p style=\"text-align: justify;\">Fonte: <a href=\"https:\/\/revistalivemarketing.com.br\/malu-weber-assume-posicao-na-lideranca-global-de-comunicacao-da-bayer\/\" target=\"_blank\" rel=\"noopener\">Revista Live MKT<\/a><\/p>\n","protected":false},"excerpt":{"rendered":"<p>Pela primeira vez, uma executiva brasileira assumir\u00e1 uma cadeira no Conselho Global de Comunica\u00e7\u00e3o da Bayer, multinacional alem\u00e3 l\u00edder nos setores de sa\u00fade e nutri\u00e7\u00e3o. Malu Weber, diretora executiva de comunica\u00e7\u00e3o corporativa da Bayer Brasil, representar\u00e1 o Pa\u00eds na alta lideran\u00e7a, a partir de mar\u00e7o, contribuindo de forma ativa nas estrat\u00e9gias globais de comunica\u00e7\u00e3o com<a class=\"moretag\" href=\"http:\/\/sindiquimicabr.com.br\/index.php\/2022\/02\/10\/malu-weber-assume-posicao-na-lideranca-global-de-comunicacao-da-bayer\/\"> [&#8230;]<\/a><\/p>\n","protected":false},"author":2,"featured_media":14031,"comment_status":"closed","ping_status":"closed","sticky":false,"template":"","format":"standard","meta":[],"categories":[2],"tags":[],"_links":{"self":[{"href":"http:\/\/sindiquimicabr.com.br\/index.php\/wp-json\/wp\/v2\/posts\/14028"}],"collection":[{"href":"http:\/\/sindiquimicabr.com.br\/index.php\/wp-json\/wp\/v2\/posts"}],"about":[{"href":"http:\/\/sindiquimicabr.com.br\/index.php\/wp-json\/wp\/v2\/types\/post"}],"author":[{"embeddable":true,"href":"http:\/\/sindiquimicabr.com.br\/index.php\/wp-json\/wp\/v2\/users\/2"}],"replies":[{"embeddable":true,"href":"http:\/\/sindiquimicabr.com.br\/index.php\/wp-json\/wp\/v2\/comments?post=14028"}],"version-history":[{"count":2,"href":"http:\/\/sindiquimicabr.com.br\/index.php\/wp-json\/wp\/v2\/posts\/14028\/revisions"}],"predecessor-version":[{"id":14032,"href":"http:\/\/sindiquimicabr.com.br\/index.php\/wp-json\/wp\/v2\/posts\/14028\/revisions\/14032"}],"wp:featuredmedia":[{"embeddable":true,"href":"http:\/\/sindiquimicabr.com.br\/index.php\/wp-json\/wp\/v2\/media\/14031"}],"wp:attachment":[{"href":"http:\/\/sindiquimicabr.com.br\/index.php\/wp-json\/wp\/v2\/media?parent=14028"}],"wp:term":[{"taxonomy":"category","embeddable":true,"href":"http:\/\/sindiquimicabr.com.br\/index.php\/wp-json\/wp\/v2\/categories?post=14028"},{"taxonomy":"post_tag","embeddable":true,"href":"http:\/\/sindiquimicabr.com.br\/index.php\/wp-json\/wp\/v2\/tags?post=14028"}],"curies":[{"name":"wp","href":"https:\/\/api.w.org\/{rel}","templated":true}]}}