{"id":1431,"date":"2016-06-28T11:54:23","date_gmt":"2016-06-28T11:54:23","guid":{"rendered":"http:\/\/sindiquimicabr.com.br\/?p=1431"},"modified":"2016-07-04T12:15:24","modified_gmt":"2016-07-04T12:15:24","slug":"idade-entre-homem-e-mulher-pode-cair-para-tres-anos-na-aposentadoria","status":"publish","type":"post","link":"http:\/\/sindiquimicabr.com.br\/index.php\/2016\/06\/28\/idade-entre-homem-e-mulher-pode-cair-para-tres-anos-na-aposentadoria\/","title":{"rendered":"Idade entre homem e mulher pode cair para tr\u00eas anos na aposentadoria"},"content":{"rendered":"<h4 class=\"headline\">Hoje, para se aposentar, a mulher precisa atingir 30 anos de contribui\u00e7\u00e3o para Previd\u00eancia, enquanto homens devem ter no m\u00ednimo 35 anos<\/h4>\n<p><a href=\"http:\/\/sindiquimicabr.com.br\/wp\/wp-content\/uploads\/2016\/06\/Idade-entre-homem-e-mulher-pode-cair-para-tr\u00eas-anos-na-aposentadoria.jpg\"><img decoding=\"async\" loading=\"lazy\" class=\"alignnone size-full wp-image-1432\" src=\"http:\/\/sindiquimicabr.com.br\/wp\/wp-content\/uploads\/2016\/06\/Idade-entre-homem-e-mulher-pode-cair-para-tr\u00eas-anos-na-aposentadoria.jpg\" alt=\"Idade entre homem e mulher pode cair para tr\u00eas anos na aposentadoria\" width=\"1370\" height=\"587\" srcset=\"http:\/\/sindiquimicabr.com.br\/wp\/wp-content\/uploads\/2016\/06\/Idade-entre-homem-e-mulher-pode-cair-para-tr\u00eas-anos-na-aposentadoria.jpg 1370w, http:\/\/sindiquimicabr.com.br\/wp\/wp-content\/uploads\/2016\/06\/Idade-entre-homem-e-mulher-pode-cair-para-tr\u00eas-anos-na-aposentadoria-300x129.jpg 300w, http:\/\/sindiquimicabr.com.br\/wp\/wp-content\/uploads\/2016\/06\/Idade-entre-homem-e-mulher-pode-cair-para-tr\u00eas-anos-na-aposentadoria-768x329.jpg 768w, http:\/\/sindiquimicabr.com.br\/wp\/wp-content\/uploads\/2016\/06\/Idade-entre-homem-e-mulher-pode-cair-para-tr\u00eas-anos-na-aposentadoria-1024x439.jpg 1024w\" sizes=\"(max-width: 1370px) 100vw, 1370px\" \/><\/a><\/p>\n<p><span class=\"mainText\">Al\u00e9m de pregar a fixa\u00e7\u00e3o de um piso de 65 anos, o governo interino de Michel Temer pretende propor \u00e0s centrais sindicais uma redu\u00e7\u00e3o na diferen\u00e7a para aposentadoria entre homens e mulheres.<\/span><\/p>\n<p>Em reuni\u00e3o do grupo de trabalho para elabora\u00e7\u00e3o de uma proposta de reforma previdenci\u00e1ria, marcada para esta ter\u00e7a-feira (28), o Pal\u00e1cio do Planalto quer defender uma diminui\u00e7\u00e3o na diferen\u00e7a de cinco para tr\u00eas anos.<\/p>\n<p>Hoje, para se aposentar, a mulher precisa atingir 30 anos de contribui\u00e7\u00e3o para Previd\u00eancia, enquanto homens devem ter no m\u00ednimo 35 anos.<\/p>\n<p>As centrais sindicais j\u00e1 reconhecem que podem apoiar a redu\u00e7\u00e3o da diferen\u00e7a para tr\u00eas anos, mas exigem que ela s\u00f3 seja v\u00e1lida para os novos contribuintes, o que \u00e9 descartado por assessores e auxiliares presidenciais.<\/p>\n<p>A equipe econ\u00f4mica queria inicialmente a igualdade entre os g\u00eaneros,mas recuou diante do risco de deflagrar uma crise com a bancada feminina no Congresso Nacional, que \u00e9 contr\u00e1ria \u00e0 proposta.<\/p>\n<p>Assim, passou a defender uma alternativa que, nas palavras de um assessor presidencial, seria &#8220;menos traum\u00e1tica&#8221;.<\/p>\n<p>Na reuni\u00e3o desta ter\u00e7a-feira (28), o Pal\u00e1cio do Planalto apresentar\u00e1 para as centrais sindicais ideias para a reforma previdenci\u00e1ria. Para n\u00e3o enfrentar um desgaste de partida, evitar\u00e1 levar uma esp\u00e9cie de documento pronto e deixar\u00e1 claro que os pontos ainda ser\u00e3o discutidos.<\/p>\n<p>O governo federal anunciou que pretende enviar uma proposta pronta ao Congresso Nacional em julho, mas ela deve come\u00e7ar a tramitar de fato s\u00f3 depois das elei\u00e7\u00f5es municipais, em outubro.<\/p>\n<p>O Pal\u00e1cio do Planalto defender\u00e1 ainda no encontro a fixa\u00e7\u00e3o de uma idade m\u00ednima de 65 anos. No governo federal, h\u00e1 quem defenda que o piso seja estendido para 70 anos daqui a 20 anos, o que \u00e9 avaliado como &#8220;improv\u00e1vel&#8221; pela equipe econ\u00f4mica.<\/p>\n<p>Os t\u00e9cnicos lembram que em nenhum pa\u00eds do mundo foi adotada uma idade superior a 67 anos e que, para ser adotado um piso de 70 anos, a expectativa de vida precisaria ser ampliada para cerca de 100 anos, sendo que atualmente \u00e9 de 75 anos. Com informa\u00e7\u00f5es da Folhapress.<\/p>\n<p>Fonte: <a href=\"https:\/\/www.noticiasaominuto.com.br\/economia\/244722\/idade-entre-homem-e-mulher-pode-cair-para-tres-anos-na-aposentadoria\" target=\"_blank\">Not\u00edcias ao Minuto<\/a><\/p>\n","protected":false},"excerpt":{"rendered":"<p>Hoje, para se aposentar, a mulher precisa atingir 30 anos de contribui\u00e7\u00e3o para Previd\u00eancia, enquanto homens devem ter no m\u00ednimo 35 anos Al\u00e9m de pregar a fixa\u00e7\u00e3o de um piso de 65 anos, o governo interino de Michel Temer pretende propor \u00e0s centrais sindicais uma redu\u00e7\u00e3o na diferen\u00e7a para aposentadoria entre homens e mulheres. Em<a class=\"moretag\" href=\"http:\/\/sindiquimicabr.com.br\/index.php\/2016\/06\/28\/idade-entre-homem-e-mulher-pode-cair-para-tres-anos-na-aposentadoria\/\"> [&#8230;]<\/a><\/p>\n","protected":false},"author":2,"featured_media":1432,"comment_status":"closed","ping_status":"closed","sticky":false,"template":"","format":"standard","meta":[],"categories":[9],"tags":[],"_links":{"self":[{"href":"http:\/\/sindiquimicabr.com.br\/index.php\/wp-json\/wp\/v2\/posts\/1431"}],"collection":[{"href":"http:\/\/sindiquimicabr.com.br\/index.php\/wp-json\/wp\/v2\/posts"}],"about":[{"href":"http:\/\/sindiquimicabr.com.br\/index.php\/wp-json\/wp\/v2\/types\/post"}],"author":[{"embeddable":true,"href":"http:\/\/sindiquimicabr.com.br\/index.php\/wp-json\/wp\/v2\/users\/2"}],"replies":[{"embeddable":true,"href":"http:\/\/sindiquimicabr.com.br\/index.php\/wp-json\/wp\/v2\/comments?post=1431"}],"version-history":[{"count":1,"href":"http:\/\/sindiquimicabr.com.br\/index.php\/wp-json\/wp\/v2\/posts\/1431\/revisions"}],"predecessor-version":[{"id":1433,"href":"http:\/\/sindiquimicabr.com.br\/index.php\/wp-json\/wp\/v2\/posts\/1431\/revisions\/1433"}],"wp:featuredmedia":[{"embeddable":true,"href":"http:\/\/sindiquimicabr.com.br\/index.php\/wp-json\/wp\/v2\/media\/1432"}],"wp:attachment":[{"href":"http:\/\/sindiquimicabr.com.br\/index.php\/wp-json\/wp\/v2\/media?parent=1431"}],"wp:term":[{"taxonomy":"category","embeddable":true,"href":"http:\/\/sindiquimicabr.com.br\/index.php\/wp-json\/wp\/v2\/categories?post=1431"},{"taxonomy":"post_tag","embeddable":true,"href":"http:\/\/sindiquimicabr.com.br\/index.php\/wp-json\/wp\/v2\/tags?post=1431"}],"curies":[{"name":"wp","href":"https:\/\/api.w.org\/{rel}","templated":true}]}}