{"id":14494,"date":"2022-03-10T14:48:09","date_gmt":"2022-03-10T14:48:09","guid":{"rendered":"http:\/\/sindiquimicabr.com.br\/?p=14494"},"modified":"2022-03-10T14:51:01","modified_gmt":"2022-03-10T14:51:01","slug":"mascara-segue-obrigatoria-em-aviao-e-area-de-embarque-mesmo-em-estados-que-dispensam-uso","status":"publish","type":"post","link":"http:\/\/sindiquimicabr.com.br\/index.php\/2022\/03\/10\/mascara-segue-obrigatoria-em-aviao-e-area-de-embarque-mesmo-em-estados-que-dispensam-uso\/","title":{"rendered":"M\u00e1scara segue obrigat\u00f3ria em avi\u00e3o e \u00e1rea de embarque, mesmo em estados que dispensam uso"},"content":{"rendered":"<h4 class=\"news-subheadline\">A cidade do Rio de Janeiro, na segunda (7), tornou-se a primeira capital no pa\u00eds a desobrigar o uso de m\u00e1scaras em locais fechados<\/h4>\n<div class=\"news-main-image \"><picture><source srcset=\"https:\/\/media-manager.noticiasaominuto.com.br\/640\/naom_5f226ad9e4a32.jpg\" media=\"(max-width: 640px)\"><source srcset=\"https:\/\/media-manager.noticiasaominuto.com.br\/960\/naom_5f226ad9e4a32.jpg\" media=\"(max-width: 960px)\"><img decoding=\"async\" class=\"img-responsive \" src=\"https:\/\/media-manager.noticiasaominuto.com.br\/1920\/naom_5f226ad9e4a32.jpg\" alt=\"M\u00e1scara segue obrigat\u00f3ria em avi\u00e3o e \u00e1rea de embarque, mesmo em estados que dispensam uso\"> <\/picture><\/div>\n<div class=\"row\">\n<div class=\"col-lg-12 col-md-12 col-sm-6 col-xs-6\">\n<p class=\"news-main-image-copyright text-left\">\n<\/div>\n<\/div>\n<div class=\"row news-info-container no-margin\">\n<div class=\"col-lg-6 col-md-6 col-sm-6 hidden-xs no-padding\">\n<div class=\"news-social\"><\/div>\n<\/div>\n<\/div>\n<div class=\"row news-main-text-container\">\n<div class=\"col-lg-12 col-md-12 col-sm-12 col-xs-12\">\n<div class=\"news-main-text\">\n<p style=\"text-align: justify;\"><span class=\"news_capital_letter\">B<\/span>RAS\u00cdLIA, DF (FOLHAPRESS) &#8211; A Anvisa (Ag\u00eancia Nacional de Vigil\u00e2ncia Sanit\u00e1ria) disse que os decretos municipais ou estaduais dispensando o uso de m\u00e1scaras n\u00e3o afetam as regras estabelecidas pela ag\u00eancia em aeroportos.<\/p>\n<p style=\"text-align: justify;\">Dessa forma, o uso de m\u00e1scara continua obrigat\u00f3ria em \u00e1reas de acesso controlado de aeroportos, como \u00e1rea de embarque, e tamb\u00e9m em aeronaves. A regra vale para viajantes e trabalhadores.<\/p>\n<p style=\"text-align: justify;\">A ag\u00eancia reguladora argumenta que nessa \u00e1rea h\u00e1 a concentra\u00e7\u00e3o de pessoas de diferentes origens, com distintos perfis epidemiol\u00f3gicos, \u00edndices de transmiss\u00e3o e coberturas vacinais.<\/p>\n<p style=\"text-align: justify;\">&#8220;\u00c9 uma medida para diminuir o risco de transmiss\u00e3o da Covid-19, especialmente porque s\u00e3o ambientes onde n\u00e3o \u00e9 poss\u00edvel a manuten\u00e7\u00e3o do distanciamento f\u00edsico&#8221;, esclareceu em nota.<\/p>\n<p style=\"text-align: justify;\">J\u00e1 onde o acesso n\u00e3o \u00e9 controlado, como no sagu\u00e3o do aeroporto e nos estacionamentos, o uso de m\u00e1scaras faciais deve seguir as recomenda\u00e7\u00f5es das autoridades locais.<\/p>\n<p style=\"text-align: justify;\">Os estados e munic\u00edpios t\u00eam come\u00e7ado a flexibilizar o uso de m\u00e1scara no pa\u00eds. O Rio de Janeiro j\u00e1 colocou fim no uso de m\u00e1scara at\u00e9 mesmo em ambientes fechados. Bares e restaurantes tamb\u00e9m se preparam para uma movimenta\u00e7\u00e3o nacional pelo fim das m\u00e1scaras.<\/p>\n<p style=\"text-align: justify;\">A cidade do Rio de Janeiro, na segunda (7), tornou-se a primeira capital no pa\u00eds a desobrigar o uso de m\u00e1scaras em locais fechados. No estado, Duque de Caxias tamb\u00e9m liberou o uso em \u00e1reas abertas e fechadas.<\/p>\n<p style=\"text-align: justify;\">Em Santa Catarina, Chapec\u00f3 e Rio do Sul derrubaram a obrigatoriedade.<\/p>\n<p style=\"text-align: justify;\">A partir desta quarta-feira (9), o uso de m\u00e1scara n\u00e3o \u00e9 mais obrigat\u00f3rio em espa\u00e7os abertos no estado de S\u00e3o Paulo, inclusive nas escolas da rede p\u00fablica e privada.<\/p>\n<\/div>\n<\/div>\n<p>Fonte: <a href=\"https:\/\/www.noticiasaominuto.com.br\/brasil\/1891346\/mascara-segue-obrigatoria-em-aviao-e-area-de-embarque-mesmo-em-estados-que-dispensam-uso\">Noticias ao Minuto<\/a><\/p>\n<\/div>\n","protected":false},"excerpt":{"rendered":"<p>A cidade do Rio de Janeiro, na segunda (7), tornou-se a primeira capital no pa\u00eds a desobrigar o uso de m\u00e1scaras em locais fechados BRAS\u00cdLIA, DF (FOLHAPRESS) &#8211; A Anvisa (Ag\u00eancia Nacional de Vigil\u00e2ncia Sanit\u00e1ria) disse que os decretos municipais ou estaduais dispensando o uso de m\u00e1scaras n\u00e3o afetam as regras estabelecidas pela ag\u00eancia em<a class=\"moretag\" href=\"http:\/\/sindiquimicabr.com.br\/index.php\/2022\/03\/10\/mascara-segue-obrigatoria-em-aviao-e-area-de-embarque-mesmo-em-estados-que-dispensam-uso\/\"> [&#8230;]<\/a><\/p>\n","protected":false},"author":2,"featured_media":14497,"comment_status":"closed","ping_status":"closed","sticky":false,"template":"","format":"standard","meta":[],"categories":[9],"tags":[],"_links":{"self":[{"href":"http:\/\/sindiquimicabr.com.br\/index.php\/wp-json\/wp\/v2\/posts\/14494"}],"collection":[{"href":"http:\/\/sindiquimicabr.com.br\/index.php\/wp-json\/wp\/v2\/posts"}],"about":[{"href":"http:\/\/sindiquimicabr.com.br\/index.php\/wp-json\/wp\/v2\/types\/post"}],"author":[{"embeddable":true,"href":"http:\/\/sindiquimicabr.com.br\/index.php\/wp-json\/wp\/v2\/users\/2"}],"replies":[{"embeddable":true,"href":"http:\/\/sindiquimicabr.com.br\/index.php\/wp-json\/wp\/v2\/comments?post=14494"}],"version-history":[{"count":2,"href":"http:\/\/sindiquimicabr.com.br\/index.php\/wp-json\/wp\/v2\/posts\/14494\/revisions"}],"predecessor-version":[{"id":14496,"href":"http:\/\/sindiquimicabr.com.br\/index.php\/wp-json\/wp\/v2\/posts\/14494\/revisions\/14496"}],"wp:featuredmedia":[{"embeddable":true,"href":"http:\/\/sindiquimicabr.com.br\/index.php\/wp-json\/wp\/v2\/media\/14497"}],"wp:attachment":[{"href":"http:\/\/sindiquimicabr.com.br\/index.php\/wp-json\/wp\/v2\/media?parent=14494"}],"wp:term":[{"taxonomy":"category","embeddable":true,"href":"http:\/\/sindiquimicabr.com.br\/index.php\/wp-json\/wp\/v2\/categories?post=14494"},{"taxonomy":"post_tag","embeddable":true,"href":"http:\/\/sindiquimicabr.com.br\/index.php\/wp-json\/wp\/v2\/tags?post=14494"}],"curies":[{"name":"wp","href":"https:\/\/api.w.org\/{rel}","templated":true}]}}