{"id":14987,"date":"2022-04-05T11:09:40","date_gmt":"2022-04-05T11:09:40","guid":{"rendered":"http:\/\/sindiquimicabr.com.br\/?p=14987"},"modified":"2022-04-05T11:17:44","modified_gmt":"2022-04-05T11:17:44","slug":"governo-confirma-que-pires-desistiu-de-assumir-petrobras","status":"publish","type":"post","link":"http:\/\/sindiquimicabr.com.br\/index.php\/2022\/04\/05\/governo-confirma-que-pires-desistiu-de-assumir-petrobras\/","title":{"rendered":"Governo confirma que Pires desistiu de assumir Petrobras"},"content":{"rendered":"<h4 class=\"news-subheadline\">O economista enviou carta ao ministro de Minas e Energia, Bento Albuquerque, em que se diz &#8220;obrigado a declinar de t\u00e3o honroso convite&#8221;<\/h4>\n<div class=\"news-main-image \"><picture><source srcset=\"https:\/\/media-manager.noticiasaominuto.com.br\/640\/naom_60e81112c458d.jpg\" media=\"(max-width: 640px)\" \/><source srcset=\"https:\/\/media-manager.noticiasaominuto.com.br\/960\/naom_60e81112c458d.jpg\" media=\"(max-width: 960px)\" \/><img decoding=\"async\" class=\"img-responsive \" src=\"https:\/\/media-manager.noticiasaominuto.com.br\/1920\/naom_60e81112c458d.jpg\" alt=\"Governo confirma que Pires desistiu de assumir Petrobras\" \/> <\/picture><\/div>\n<div class=\"row\">\n<div class=\"col-lg-12 col-md-12 col-sm-6 col-xs-6\"><\/div>\n<\/div>\n<div class=\"row news-info-container no-margin\">\n<div class=\"col-lg-6 col-md-6 col-sm-6 hidden-xs no-padding\">\n<div class=\"news-social\"><\/div>\n<\/div>\n<\/div>\n<div class=\"row news-main-text-container\">\n<div class=\"col-lg-12 col-md-12 col-sm-12 col-xs-12\">\n<div class=\"news-main-text\">O governo federal confirmou na noite desta segunda-feira, 4, que o economista Adriano Pires declinou do convite para assumir o comando da Petrobras por &#8220;motivos pessoais&#8221;.<\/p>\n<p style=\"text-align: justify;\">Como mostrou mais cedo o <b>Broadcast\/Estad\u00e3o<\/b>, o Pal\u00e1cio do Planalto recebeu informa\u00e7\u00f5es de que o nome do indicado n\u00e3o passaria no &#8220;teste&#8221; de governan\u00e7a da estatal por raz\u00f5es de conflitos de interesse. Pires \u00e9 s\u00f3cio-fundador do Centro Brasileiro de Infraestrutura (CBIE) e tem contratos de longo prazo com petroleiras e empresas de g\u00e1s.<\/p>\n<p style=\"text-align: justify;\">O economista enviou carta ao ministro de Minas e Energia, Bento Albuquerque, em que se diz &#8220;obrigado a declinar de t\u00e3o honroso convite&#8221;. &#8220;Ficou claro para mim que n\u00e3o poderia conciliar meu trabalho de consultor com o exerc\u00edcio da Presid\u00eancia da Petrobras&#8221;, afirma o economista na carta. &#8220;Iniciei imediatamente os procedimentos para me desligar do CBIE, consultoria que fundei h\u00e1 mais de 20 anos e hoje dirijo em sociedade com meu filho. Ao longo do processo, por\u00e9m, percebi que infelizmente n\u00e3o tenho condi\u00e7\u00f5es de faz\u00ea-lo em t\u00e3o pouco tempo.&#8221;<\/p>\n<p style=\"text-align: justify;\">Albuquerque respondeu com outra carta na qual diz compreender as raz\u00f5es que levaram o indicado a declinar do convite. &#8220;Certos de podermos continuar contando com as suas oportunas contribui\u00e7\u00f5es, desejamos continuado sucesso em sua vida pessoal e profissional&#8221;, segue o ministro.<\/p>\n<p style=\"text-align: justify;\">Com a desist\u00eancia de Pires e de Rodolfo Landim para a presid\u00eancia do Conselho da Petrobras, o governo deve indicar outros nomes para as fun\u00e7\u00f5es.<\/p>\n<p style=\"text-align: justify;\"><b>Leia abaixo a \u00edntegra da carta de Pires a Albuquerque <\/b><\/p>\n<p style=\"text-align: justify;\"><i>Exmo Sr Bento Albuquerque<\/i><\/p>\n<p style=\"text-align: justify;\"><i>Ministro de Estado de Minas e Energia<\/i><\/p>\n<p style=\"text-align: justify;\"><i>Foi com muito orgulho, Senhor Ministro, que recebi seu convite para assumir a Presid\u00eancia da Petrobras. Com mais de 30 anos de vida dedicados ao setor de \u00d3leo e G\u00e1s, comecei a trabalhar as condi\u00e7\u00f5es para cumprir a miss\u00e3o que me foi dada. Vi nessa miss\u00e3o a certeza de poder ajudar a Companhia e o Pa\u00eds a enfrentar a atual conjuntura de turbul\u00eancia e incerteza no cen\u00e1rio mundial.<\/i><\/p>\n<p style=\"text-align: justify;\"><i>Senti-me confiante porque constatei o alinhamento de vis\u00f5es em rela\u00e7\u00e3o ao papel da Companhia neste momento.<\/i><\/p>\n<p style=\"text-align: justify;\"><i>Ficou claro para mim que n\u00e3o poderia conciliar meu trabalho de consultor com o exerc\u00edcio da Presid\u00eancia da Petrobras. Iniciei imediatamente os procedimentos para me desligar do Centro Brasileiro de Infraestrutura (CBIE), consultoria que fundei h\u00e1 mais de 20 anos e hoje dirijo em sociedade com meu filho. Ao longo do processo, por\u00e9m, percebi que infelizmente n\u00e3o tenho condi\u00e7\u00f5es de faz\u00ea-lo em t\u00e3o pouco tempo.<\/i><\/p>\n<p style=\"text-align: justify;\"><i>\u00c9 por isso, Senhor Ministro, que sou obrigado a declinar de t\u00e3o honroso convite. Agrade\u00e7o imensamente a V.Exa e ao Senhor Presidente, Jair Messias Bolsonaro, pela confian\u00e7a depositada em mim, para t\u00e3o importante miss\u00e3o, e pela defer\u00eancia e respeito com que fui tratado por V.Excias e por esse Governo.<\/i><\/p>\n<p style=\"text-align: justify;\"><i>Ao longo de minha carreira, sempre lutei pelo desenvolvimento do mercado brasileiro de \u00d3leo e G\u00e1s. Venho defendendo publicamente a import\u00e2ncia de regras de mercado e do aumento da competi\u00e7\u00e3o, em prol do consumidor e da sociedade, do crescimento do Pa\u00eds e do incentivo aos investimentos.<\/i><\/p>\n<p style=\"text-align: justify;\"><i>Para concluir, reafirmo aqui o compromisso de continuar nessa luta, que \u00e9 em favor do Brasil e votos de continuado sucesso na gest\u00e3o do nosso Presidente Bolsonaro em favor do povo brasileiro.<\/i><\/p>\n<p style=\"text-align: justify;\"><i>Com elevado apre\u00e7o,<\/i><\/p>\n<p style=\"text-align: justify;\"><i>Adriano Pires<\/i><\/p>\n<p style=\"text-align: justify;\"><b>Leia abaixo a \u00edntegra da carta de Albuquerque a Pires<\/b><\/p>\n<p style=\"text-align: justify;\"><i>Caro Dr. Adriano Pires,<\/i><\/p>\n<p style=\"text-align: justify;\"><i>1. Seu elevado conhecimento do Setor Energ\u00e9tico internacional e brasileiro, aliado \u00e0 sua s\u00f3lida forma\u00e7\u00e3o acad\u00eamica e profissional, levaram-nos a convid\u00e1-lo a contribuir com a Petrobras e com o Pa\u00eds.<\/i><\/p>\n<p style=\"text-align: justify;\"><i>2. No entanto, em decorr\u00eancia de suas considera\u00e7\u00f5es consignadas na carta encaminhada a esta Pasta, compreendemos as raz\u00f5es que o motivaram a declinar da indica\u00e7\u00e3o \u00e0 Presid\u00eancia da Petrobras.<\/i><\/p>\n<p style=\"text-align: justify;\"><i>3. Certo de podermos continuar contando com as suas oportunas contribui\u00e7\u00f5es, desejamos continuado sucesso em sua vida pessoal e profissional.<\/i><\/p>\n<p style=\"text-align: justify;\"><i>Um abra\u00e7o,<\/i><\/p>\n<p style=\"text-align: justify;\"><i>Bento Albuquerque<\/i><\/p>\n<p style=\"text-align: justify;\"><i>Ministro de Estado de Minas e Energia<\/i><\/p>\n<\/div>\n<\/div>\n<p>Fonte: Noticias ao Minuto<\/p>\n<\/div>\n","protected":false},"excerpt":{"rendered":"<p>O economista enviou carta ao ministro de Minas e Energia, Bento Albuquerque, em que se diz &#8220;obrigado a declinar de t\u00e3o honroso convite&#8221; O governo federal confirmou na noite desta segunda-feira, 4, que o economista Adriano Pires declinou do convite para assumir o comando da Petrobras por &#8220;motivos pessoais&#8221;. Como mostrou mais cedo o Broadcast\/Estad\u00e3o,<a class=\"moretag\" href=\"http:\/\/sindiquimicabr.com.br\/index.php\/2022\/04\/05\/governo-confirma-que-pires-desistiu-de-assumir-petrobras\/\"> [&#8230;]<\/a><\/p>\n","protected":false},"author":2,"featured_media":14988,"comment_status":"closed","ping_status":"closed","sticky":false,"template":"","format":"standard","meta":[],"categories":[10],"tags":[],"_links":{"self":[{"href":"http:\/\/sindiquimicabr.com.br\/index.php\/wp-json\/wp\/v2\/posts\/14987"}],"collection":[{"href":"http:\/\/sindiquimicabr.com.br\/index.php\/wp-json\/wp\/v2\/posts"}],"about":[{"href":"http:\/\/sindiquimicabr.com.br\/index.php\/wp-json\/wp\/v2\/types\/post"}],"author":[{"embeddable":true,"href":"http:\/\/sindiquimicabr.com.br\/index.php\/wp-json\/wp\/v2\/users\/2"}],"replies":[{"embeddable":true,"href":"http:\/\/sindiquimicabr.com.br\/index.php\/wp-json\/wp\/v2\/comments?post=14987"}],"version-history":[{"count":1,"href":"http:\/\/sindiquimicabr.com.br\/index.php\/wp-json\/wp\/v2\/posts\/14987\/revisions"}],"predecessor-version":[{"id":14989,"href":"http:\/\/sindiquimicabr.com.br\/index.php\/wp-json\/wp\/v2\/posts\/14987\/revisions\/14989"}],"wp:featuredmedia":[{"embeddable":true,"href":"http:\/\/sindiquimicabr.com.br\/index.php\/wp-json\/wp\/v2\/media\/14988"}],"wp:attachment":[{"href":"http:\/\/sindiquimicabr.com.br\/index.php\/wp-json\/wp\/v2\/media?parent=14987"}],"wp:term":[{"taxonomy":"category","embeddable":true,"href":"http:\/\/sindiquimicabr.com.br\/index.php\/wp-json\/wp\/v2\/categories?post=14987"},{"taxonomy":"post_tag","embeddable":true,"href":"http:\/\/sindiquimicabr.com.br\/index.php\/wp-json\/wp\/v2\/tags?post=14987"}],"curies":[{"name":"wp","href":"https:\/\/api.w.org\/{rel}","templated":true}]}}