{"id":15039,"date":"2022-04-07T11:13:16","date_gmt":"2022-04-07T11:13:16","guid":{"rendered":"http:\/\/sindiquimicabr.com.br\/?p=15039"},"modified":"2022-04-07T11:46:20","modified_gmt":"2022-04-07T11:46:20","slug":"senado-aprova-indicacao-de-dois-novos-diretores-do-banco-central","status":"publish","type":"post","link":"http:\/\/sindiquimicabr.com.br\/index.php\/2022\/04\/07\/senado-aprova-indicacao-de-dois-novos-diretores-do-banco-central\/","title":{"rendered":"Senado aprova indica\u00e7\u00e3o de dois novos diretores do Banco Central"},"content":{"rendered":"<h4 class=\"news-subheadline\" style=\"text-align: justify;\">O futuro diretor de Pol\u00edtica Econ\u00f4mica, Diogo Abry Guillen, teve a nomea\u00e7\u00e3o aprovada por 31 votos favor\u00e1veis, 6 contr\u00e1rios e uma absten\u00e7\u00e3o. As informa\u00e7\u00f5es s\u00e3o da Ag\u00eancia Brasil.<\/h4>\n<p style=\"text-align: justify;\"><a href=\"http:\/\/sindiquimicabr.com.br\/wp\/wp-content\/uploads\/2022\/04\/Senado-aprova-indicacao-de-dois-novos-diretores-do-Banco-Central.jpg\"><img decoding=\"async\" loading=\"lazy\" class=\"alignleft size-full wp-image-15042\" src=\"http:\/\/sindiquimicabr.com.br\/wp\/wp-content\/uploads\/2022\/04\/Senado-aprova-indicacao-de-dois-novos-diretores-do-Banco-Central.jpg\" alt=\"\" width=\"1920\" height=\"1080\" srcset=\"http:\/\/sindiquimicabr.com.br\/wp\/wp-content\/uploads\/2022\/04\/Senado-aprova-indicacao-de-dois-novos-diretores-do-Banco-Central.jpg 1920w, http:\/\/sindiquimicabr.com.br\/wp\/wp-content\/uploads\/2022\/04\/Senado-aprova-indicacao-de-dois-novos-diretores-do-Banco-Central-300x169.jpg 300w, http:\/\/sindiquimicabr.com.br\/wp\/wp-content\/uploads\/2022\/04\/Senado-aprova-indicacao-de-dois-novos-diretores-do-Banco-Central-1024x576.jpg 1024w, http:\/\/sindiquimicabr.com.br\/wp\/wp-content\/uploads\/2022\/04\/Senado-aprova-indicacao-de-dois-novos-diretores-do-Banco-Central-768x432.jpg 768w, http:\/\/sindiquimicabr.com.br\/wp\/wp-content\/uploads\/2022\/04\/Senado-aprova-indicacao-de-dois-novos-diretores-do-Banco-Central-1536x864.jpg 1536w\" sizes=\"(max-width: 1920px) 100vw, 1920px\" \/><\/a><\/p>\n<p style=\"text-align: justify;\"><span class=\"news_capital_letter\">S<\/span>\u00c3O PAULO, SP (FOLHAPRESS) &#8211; O plen\u00e1rio do Senado aprovou nesta quarta-feira (6) duas indica\u00e7\u00f5es para a diretoria colegiada do Banco Central (BC). O novo diretor de Organiza\u00e7\u00e3o do Sistema Financeiro e Resolu\u00e7\u00e3o, Renato Dias de Brito Gomes, teve o nome aprovado por 48 votos favor\u00e1veis e 6 contr\u00e1rios. O futuro diretor de Pol\u00edtica Econ\u00f4mica, Diogo Abry Guillen, teve a nomea\u00e7\u00e3o aprovada por 31 votos favor\u00e1veis, 6 contr\u00e1rios e uma absten\u00e7\u00e3o. As informa\u00e7\u00f5es s\u00e3o da Ag\u00eancia Brasil.<\/p>\n<p style=\"text-align: justify;\">Os dois diretores tinham sido indicados em dezembro pelo presidente Jair Bolsonaro e ter\u00e3o mandato at\u00e9 o fim de 2025, com possibilidade de renova\u00e7\u00e3o por mais quatro anos. Ao todo, a Diretoria do BC tem nove integrantes: o presidente Roberto Campos Neto e oito diretores. Cada membro tem um voto na reuni\u00e3o do Comit\u00ea de Pol\u00edtica Monet\u00e1ria (Copom), que decide a taxa Selic, juros b\u00e1sicos da economia.<\/p>\n<p style=\"text-align: justify;\">Com 41 anos, Gomes formou-se em economia pela Pontif\u00edcia Universidade Cat\u00f3lica do Rio de Janeiro (PUC-Rio), fez mestrado na mesma institui\u00e7\u00e3o e tem doutorado na Northwestern University, nos Estados Unidos. Atual economista-chefe da Ita\u00fa Asset Management, Guillen tem 39 anos, tamb\u00e9m tem gradua\u00e7\u00e3o e mestrado pela PUC-Rio e concluiu o doutorado na Universidade de Princeton, nos Estados Unidos.<\/p>\n<p style=\"text-align: justify;\">A Diretoria de Pol\u00edtica Econ\u00f4mica \u00e9 uma das mais importantes do Banco Central, sendo respons\u00e1vel por monitorar as condi\u00e7\u00f5es da economia e auxiliar o \u00f3rg\u00e3o a definir a taxa Selic. Desde o in\u00edcio do ano, a diretoria vinha sendo comandada interinamente pela diretora de Assuntos Internacionais e Gest\u00e3o de Riscos Corporativos do BC, Fernanda Guardado.<br \/>\nCVM<\/p>\n<p style=\"text-align: justify;\">Por 40 votos a favor, 12 contra e 2 absten\u00e7\u00f5es, os senadores tamb\u00e9m aprovaram a indica\u00e7\u00e3o do novo presidente da Comiss\u00e3o de Valores Mobili\u00e1rios (CVM), Jo\u00e3o Pedro Barroso. Ele substituir\u00e1 Marcelo Santos Barbosa, cujo mandato terminar\u00e1 em 14 de julho.<\/p>\n<p style=\"text-align: justify;\">Professor universit\u00e1rio e doutor em direito comercial, Barroso trabalhou em escrit\u00f3rios de advocacia, com atua\u00e7\u00f5es em processos na CVM, no Banco Central e no Conselho de Recursos do Sistema Financeiro Nacional (CRSFN).<\/p>\n<p style=\"text-align: justify;\">Tanto os diretores do BC como o presidente da CVM tinham sido aprovados, no in\u00edcio da tarde, pela Comiss\u00e3o de Assuntos Econ\u00f4micos do Senado. As sabatinas e as vota\u00e7\u00f5es estavam travadas desde o in\u00edcio do ano legislativo, em fevereiro.<\/p>\n<p style=\"text-align: justify;\">CADE<\/p>\n<p style=\"text-align: justify;\">O Senado tamb\u00e9m aprovou, na noite desta quarta-feira, a indica\u00e7\u00e3o de Juliana Oliveira Domingues para o cargo de procuradora-chefe da Procuradoria Federal Especializada junto ao Conselho Administrativo de Defesa Econ\u00f4mica (Cade). A aprova\u00e7\u00e3o foi por 43 votos favor\u00e1veis, tr\u00eas contr\u00e1rios e duas absten\u00e7\u00f5es.<\/p>\n<p style=\"text-align: justify;\">A aprova\u00e7\u00e3o ser\u00e1 comunicada \u00e0 Presid\u00eancia da Rep\u00fablica.<\/p>\n<p style=\"text-align: justify;\">Fonte: <a href=\"https:\/\/www.noticiasaominuto.com.br\/economia\/1899430\/senado-aprova-indicacao-de-dois-novos-diretores-do-banco-central\" target=\"_blank\" rel=\"noopener\">Not\u00edcias ao Minuto<\/a><\/p>\n","protected":false},"excerpt":{"rendered":"<p>O futuro diretor de Pol\u00edtica Econ\u00f4mica, Diogo Abry Guillen, teve a nomea\u00e7\u00e3o aprovada por 31 votos favor\u00e1veis, 6 contr\u00e1rios e uma absten\u00e7\u00e3o. As informa\u00e7\u00f5es s\u00e3o da Ag\u00eancia Brasil. S\u00c3O PAULO, SP (FOLHAPRESS) &#8211; O plen\u00e1rio do Senado aprovou nesta quarta-feira (6) duas indica\u00e7\u00f5es para a diretoria colegiada do Banco Central (BC). O novo diretor de<a class=\"moretag\" href=\"http:\/\/sindiquimicabr.com.br\/index.php\/2022\/04\/07\/senado-aprova-indicacao-de-dois-novos-diretores-do-banco-central\/\"> [&#8230;]<\/a><\/p>\n","protected":false},"author":2,"featured_media":15042,"comment_status":"closed","ping_status":"closed","sticky":false,"template":"","format":"standard","meta":[],"categories":[10],"tags":[],"_links":{"self":[{"href":"http:\/\/sindiquimicabr.com.br\/index.php\/wp-json\/wp\/v2\/posts\/15039"}],"collection":[{"href":"http:\/\/sindiquimicabr.com.br\/index.php\/wp-json\/wp\/v2\/posts"}],"about":[{"href":"http:\/\/sindiquimicabr.com.br\/index.php\/wp-json\/wp\/v2\/types\/post"}],"author":[{"embeddable":true,"href":"http:\/\/sindiquimicabr.com.br\/index.php\/wp-json\/wp\/v2\/users\/2"}],"replies":[{"embeddable":true,"href":"http:\/\/sindiquimicabr.com.br\/index.php\/wp-json\/wp\/v2\/comments?post=15039"}],"version-history":[{"count":2,"href":"http:\/\/sindiquimicabr.com.br\/index.php\/wp-json\/wp\/v2\/posts\/15039\/revisions"}],"predecessor-version":[{"id":15063,"href":"http:\/\/sindiquimicabr.com.br\/index.php\/wp-json\/wp\/v2\/posts\/15039\/revisions\/15063"}],"wp:featuredmedia":[{"embeddable":true,"href":"http:\/\/sindiquimicabr.com.br\/index.php\/wp-json\/wp\/v2\/media\/15042"}],"wp:attachment":[{"href":"http:\/\/sindiquimicabr.com.br\/index.php\/wp-json\/wp\/v2\/media?parent=15039"}],"wp:term":[{"taxonomy":"category","embeddable":true,"href":"http:\/\/sindiquimicabr.com.br\/index.php\/wp-json\/wp\/v2\/categories?post=15039"},{"taxonomy":"post_tag","embeddable":true,"href":"http:\/\/sindiquimicabr.com.br\/index.php\/wp-json\/wp\/v2\/tags?post=15039"}],"curies":[{"name":"wp","href":"https:\/\/api.w.org\/{rel}","templated":true}]}}