{"id":15128,"date":"2022-04-12T11:24:56","date_gmt":"2022-04-12T11:24:56","guid":{"rendered":"http:\/\/sindiquimicabr.com.br\/?p=15128"},"modified":"2022-04-12T11:27:13","modified_gmt":"2022-04-12T11:27:13","slug":"pf-investiga-grupo-suspeito-de-fraudar-auxilio-emergencial","status":"publish","type":"post","link":"http:\/\/sindiquimicabr.com.br\/index.php\/2022\/04\/12\/pf-investiga-grupo-suspeito-de-fraudar-auxilio-emergencial\/","title":{"rendered":"PF investiga grupo suspeito de fraudar aux\u00edlio emergencial"},"content":{"rendered":"<h4 class=\"news-subheadline\">O recebimento dos valores, pagos pelo governo a parte da popula\u00e7\u00e3o em raz\u00e3o da pandemia de covid-19, foi conseguido por meio de fraudes.<\/h4>\n<div class=\"news-main-image \"><picture><source srcset=\"https:\/\/media-manager.noticiasaominuto.com.br\/640\/naom_606ef722d7844.jpg\" media=\"(max-width: 640px)\" \/><source srcset=\"https:\/\/media-manager.noticiasaominuto.com.br\/960\/naom_606ef722d7844.jpg\" media=\"(max-width: 960px)\" \/><img decoding=\"async\" class=\"img-responsive \" src=\"https:\/\/media-manager.noticiasaominuto.com.br\/1920\/naom_606ef722d7844.jpg\" alt=\"PF investiga grupo suspeito de fraudar aux\u00edlio emergencial\" \/> <\/picture><\/div>\n<div class=\"row\">\n<div class=\"col-lg-12 col-md-12 col-sm-6 col-xs-6\"><\/div>\n<\/div>\n<div class=\"row news-main-text-container\">\n<div class=\"col-lg-12 col-md-12 col-sm-12 col-xs-12\">\n<div class=\"news-main-text\">\n<p style=\"text-align: justify;\"><span class=\"news_capital_letter\">A<\/span> Pol\u00edcia Federal (PF) cumpre\u00a0<span id=\"OBJ_PREFIX_DWT176_com_zimbra_date\" role=\"link\">hoje<\/span>\u00a0(12) mandados de busca e apreens\u00e3o contra suspeitos de integrar uma organiza\u00e7\u00e3o criminosa que recebeu ilegalmente R$ 6 milh\u00f5es em benef\u00edcios do aux\u00edlio emergencial. O recebimento dos valores, pagos pelo governo a parte da popula\u00e7\u00e3o em raz\u00e3o da pandemia de covid-19, foi conseguido por meio de fraudes.<\/p>\n<p style=\"text-align: justify;\">A Opera\u00e7\u00e3o Cont\u00e1gios tamb\u00e9m cumpre determina\u00e7\u00e3o judicial da 6\u00aa Vara Federal Criminal do Rio<span id=\"OBJ_PREFIX_DWT177_com_zimbra_date\" role=\"link\">\u00a0de Janeiro<\/span>, de sequestro dos bens dos investigados.<\/p>\n<p style=\"text-align: justify;\">A a\u00e7\u00e3o \u00e9 parte da Estrat\u00e9gia Integrada de Atua\u00e7\u00e3o contra as Fraudes ao Aux\u00edlio Emergencial (Eiafae), da qual participam a PF, o Minist\u00e9rio P\u00fablico Federal (MPF), a Receita Federal, o Tribunal de Contas da Uni\u00e3o (TCU), a Caixa, a Controladoria-Geral da Uni\u00e3o (CGU) e o Minist\u00e9rio da Cidadania.<\/p>\n<p style=\"text-align: justify;\">Segundo a PF, os objetivos da Estrat\u00e9gia s\u00e3o identificar fraudes massivas, desarticular organiza\u00e7\u00f5es criminosas e recuperar aos cofres p\u00fablicos os valores pagos indevidamente.<\/p>\n<\/div>\n<\/div>\n<p>Fonte: <a href=\"https:\/\/www.noticiasaominuto.com.br\/ultima-hora\/1900747\/pf-investiga-grupo-suspeito-de-fraudar-auxilio-emergencial\">Noticias ao Minuto<\/a><\/p>\n<\/div>\n","protected":false},"excerpt":{"rendered":"<p>O recebimento dos valores, pagos pelo governo a parte da popula\u00e7\u00e3o em raz\u00e3o da pandemia de covid-19, foi conseguido por meio de fraudes. A Pol\u00edcia Federal (PF) cumpre\u00a0hoje\u00a0(12) mandados de busca e apreens\u00e3o contra suspeitos de integrar uma organiza\u00e7\u00e3o criminosa que recebeu ilegalmente R$ 6 milh\u00f5es em benef\u00edcios do aux\u00edlio emergencial. O recebimento dos valores,<a class=\"moretag\" href=\"http:\/\/sindiquimicabr.com.br\/index.php\/2022\/04\/12\/pf-investiga-grupo-suspeito-de-fraudar-auxilio-emergencial\/\"> [&#8230;]<\/a><\/p>\n","protected":false},"author":2,"featured_media":15130,"comment_status":"closed","ping_status":"closed","sticky":false,"template":"","format":"standard","meta":[],"categories":[10],"tags":[],"_links":{"self":[{"href":"http:\/\/sindiquimicabr.com.br\/index.php\/wp-json\/wp\/v2\/posts\/15128"}],"collection":[{"href":"http:\/\/sindiquimicabr.com.br\/index.php\/wp-json\/wp\/v2\/posts"}],"about":[{"href":"http:\/\/sindiquimicabr.com.br\/index.php\/wp-json\/wp\/v2\/types\/post"}],"author":[{"embeddable":true,"href":"http:\/\/sindiquimicabr.com.br\/index.php\/wp-json\/wp\/v2\/users\/2"}],"replies":[{"embeddable":true,"href":"http:\/\/sindiquimicabr.com.br\/index.php\/wp-json\/wp\/v2\/comments?post=15128"}],"version-history":[{"count":2,"href":"http:\/\/sindiquimicabr.com.br\/index.php\/wp-json\/wp\/v2\/posts\/15128\/revisions"}],"predecessor-version":[{"id":15131,"href":"http:\/\/sindiquimicabr.com.br\/index.php\/wp-json\/wp\/v2\/posts\/15128\/revisions\/15131"}],"wp:featuredmedia":[{"embeddable":true,"href":"http:\/\/sindiquimicabr.com.br\/index.php\/wp-json\/wp\/v2\/media\/15130"}],"wp:attachment":[{"href":"http:\/\/sindiquimicabr.com.br\/index.php\/wp-json\/wp\/v2\/media?parent=15128"}],"wp:term":[{"taxonomy":"category","embeddable":true,"href":"http:\/\/sindiquimicabr.com.br\/index.php\/wp-json\/wp\/v2\/categories?post=15128"},{"taxonomy":"post_tag","embeddable":true,"href":"http:\/\/sindiquimicabr.com.br\/index.php\/wp-json\/wp\/v2\/tags?post=15128"}],"curies":[{"name":"wp","href":"https:\/\/api.w.org\/{rel}","templated":true}]}}