{"id":15143,"date":"2022-04-13T11:02:27","date_gmt":"2022-04-13T11:02:27","guid":{"rendered":"http:\/\/sindiquimicabr.com.br\/?p=15143"},"modified":"2022-04-13T11:03:20","modified_gmt":"2022-04-13T11:03:20","slug":"aneel-propoe-alta-em-bandeira-tarifaria-mas-nao-preve-cobranca-adicional-em-2022","status":"publish","type":"post","link":"http:\/\/sindiquimicabr.com.br\/index.php\/2022\/04\/13\/aneel-propoe-alta-em-bandeira-tarifaria-mas-nao-preve-cobranca-adicional-em-2022\/","title":{"rendered":"Aneel prop\u00f5e alta em bandeira tarif\u00e1ria, mas n\u00e3o prev\u00ea cobran\u00e7a adicional em 2022"},"content":{"rendered":"<h4 class=\"news-subheadline\">A expectativa do setor, por\u00e9m, \u00e9 que as bandeiras n\u00e3o sejam necess\u00e1rias at\u00e9 o fim do ano, j\u00e1 que as fortes chuvas de ver\u00e3o ajudaram a recuperar os reservat\u00f3rios das hidrel\u00e9tricas.<\/h4>\n<div class=\"news-main-image \"><picture><source srcset=\"https:\/\/media-manager.noticiasaominuto.com.br\/640\/naom_5cee1d311732c.jpg\" media=\"(max-width: 640px)\"><source srcset=\"https:\/\/media-manager.noticiasaominuto.com.br\/960\/naom_5cee1d311732c.jpg\" media=\"(max-width: 960px)\"><img decoding=\"async\" class=\"img-responsive \" src=\"https:\/\/media-manager.noticiasaominuto.com.br\/1920\/naom_5cee1d311732c.jpg\" alt=\"Aneel prop\u00f5e alta em bandeira tarif\u00e1ria, mas n\u00e3o prev\u00ea cobran\u00e7a adicional em 2022\"> <\/picture><\/div>\n<div class=\"row\">\n<div class=\"col-lg-12 col-md-12 col-sm-6 col-xs-6\"><\/div>\n<\/div>\n<div class=\"row news-info-container no-margin\">\n<div class=\"col-lg-6 col-md-6 col-sm-6 hidden-xs no-padding\">\n<div class=\"news-social\"><\/div>\n<\/div>\n<\/div>\n<div class=\"row news-main-text-container\">\n<div class=\"col-lg-12 col-md-12 col-sm-12 col-xs-12\">\n<div class=\"news-main-text\">\n<p style=\"text-align: justify;\"><span class=\"news_capital_letter\">(<\/span>FOLHAPRESS) &#8211; A Aneel (Ag\u00eancia Nacional de Energia El\u00e9trica) abriu consulta p\u00fablica para definir reajustes nas bandeiras tarif\u00e1rias cobradas do consumidor de energia para bancar usinas t\u00e9rmicas. A proposta reduz o valor da bandeira mais cara, mas eleva o das bandeiras intermedi\u00e1rias.<\/p>\n<p style=\"text-align: justify;\">A expectativa do setor, por\u00e9m, \u00e9 que as bandeiras n\u00e3o sejam necess\u00e1rias at\u00e9 o fim do ano, j\u00e1 que as fortes chuvas de ver\u00e3o ajudaram a recuperar os reservat\u00f3rios das hidrel\u00e9tricas.<\/p>\n<p style=\"text-align: justify;\">O governo j\u00e1 anunciou para o pr\u00f3ximo dia 16 a ado\u00e7\u00e3o da bandeira verde, que n\u00e3o tem custo extra.<\/p>\n<p style=\"text-align: justify;\">At\u00e9 l\u00e1, o consumidor continua pagando a bandeira de escassez h\u00eddrica, que inclui R$ 14,20 para cada 100 kWh (quilowatts-hora) consumidos. Essa taxa foi implantada em setembro para cobrir o rombo gerado pelo excesso de gera\u00e7\u00e3o t\u00e9rmica acionado pelo governo para a travessia da crise h\u00eddrica.<\/p>\n<p style=\"text-align: justify;\">Em reuni\u00e3o nesta ter\u00e7a-feira (12), o diretor-geral da Aneel, Andr\u00e9 Pepitone, destacou que estudos do ONS (Operador Nacional do Sistema El\u00e9trico) apontam que \u00e9 de 97% a probabilidade de manuten\u00e7\u00e3o da bandeira verde at\u00e9 o fim do ano.<\/p>\n<p style=\"text-align: justify;\">&#8220;Durante o atual per\u00edodo \u00famido, estamos tendo muitas chuvas e os reservat\u00f3rios est\u00e3o sendo abastecidos&#8221;, disse Pepitone.<\/p>\n<p style=\"text-align: justify;\">A proposta da Aneel prev\u00ea a eleva\u00e7\u00e3o de 56% no valor da bandeira amarela, a mais barata, que passaria de R$ 1,874 para R$ 2,927 por 100 kWh. J\u00e1 o valor da bandeira vermelha 1 subiria de R$ 3,971 para R$ 6,237 por 100 kWh, uma alta de 57%.<\/p>\n<p style=\"text-align: justify;\">A Aneel diz que os aumentos s\u00e3o necess\u00e1rios para alinhar os valores \u00e0 eleva\u00e7\u00e3o do custo dos combust\u00edveis usados pelas t\u00e9rmicas e para corrigir os valores pelo IPCA, al\u00e9m da inclus\u00e3o na s\u00e9rie hist\u00f3rica dos dados do ano passado, quando o pa\u00eds enfrentou uma crise h\u00eddrica.<\/p>\n<p style=\"text-align: justify;\">J\u00e1 a bandeira vermelha 2, a mais cara, seria reduzida em 1,7%, segundo a proposta da Aneel, passando de R$ 9,492 para R$ 9,330 por cada 100 kWh consumidos.<\/p>\n<p style=\"text-align: justify;\">Em 2021, a Aneel elevou em 52% o valor da bandeira vermelha 2, uma alta menor do que a recomendada pela \u00e1rea t\u00e9cnica da ag\u00eancia, que queria R$ 11,50 por 100 kWh. Com o agravamento da crise h\u00eddrica, por\u00e9m, o valor n\u00e3o foi suficiente para bancar as t\u00e9rmicas.<\/p>\n<p style=\"text-align: justify;\">Da\u00ed a necessidade de implanta\u00e7\u00e3o da bandeira de escassez h\u00eddrica, que tamb\u00e9m n\u00e3o foi suficiente para cobrir o rombo, levando o governo a negociar um empr\u00e9stimo ao setor, que diluir\u00e1 o pagamento dos custos adicionais pelos pr\u00f3ximos cinco anos.<\/p>\n<p style=\"text-align: justify;\">Na segunda (11), o diretor-geral do ONS, Luiz Carlos Ciocchi, fez um balan\u00e7o do per\u00edodo chuvoso e comemorou a recupera\u00e7\u00e3o dos reservat\u00f3rios das hidrel\u00e9tricas, principalmente das regi\u00f5es Sudeste e Centro-Oeste, que fecharam mar\u00e7o no melhor n\u00edvel desde 2012.<\/p>\n<p style=\"text-align: justify;\">Os reservat\u00f3rios dessas regi\u00f5es s\u00e3o formam a chamada caixa-d&#8217;\u00e1gua do setor el\u00e9trico brasileiro, por concentrarem cerca de 70% da capacidade de armazenamento de energia. Nesta ter\u00e7a, eles estavam com 65,22% de sua capacidade.<\/p>\n<p style=\"text-align: justify;\">As proje\u00e7\u00f5es do ONS indicam que, mesmo com chuvas semelhantes \u00e0s de 2021, n\u00e3o perderiam tanta \u00e1gua em rela\u00e7\u00e3o ao momento atual. Nesse cen\u00e1rio, o n\u00edvel de armazenamento ao fim de novembro chegaria a 62,9%.<\/p>\n<p style=\"text-align: justify;\">Mesmo considerando a m\u00e9dia de chuvas de 2008, quando o fen\u00f4meno La Ni\u00f1a atrasou a chegada das chuvas de fim de ano, a situa\u00e7\u00e3o \u00e9 mais confort\u00e1vel do que a de 2021, com os reservat\u00f3rios encerrando novembro com 39,6% da capacidade, o dobro do verificado no ano passado. .<\/p>\n<p style=\"text-align: justify;\">&#8220;Teremos um ano bastante bom, bastante tranquilo, que n\u00e3o vai causar tanta dor de cabe\u00e7a, tanta dor no bolso&#8221;, disse Chiocchi.<\/p>\n<\/div>\n<\/div>\n<\/div>\n<p>Fonte: <a href=\"https:\/\/www.noticiasaominuto.com.br\/economia\/1901038\/aneel-propoe-alta-em-bandeira-tarifaria-mas-nao-preve-cobranca-adicional-em-2022\">Noticias ao Minuto<\/a><\/p>\n","protected":false},"excerpt":{"rendered":"<p>A expectativa do setor, por\u00e9m, \u00e9 que as bandeiras n\u00e3o sejam necess\u00e1rias at\u00e9 o fim do ano, j\u00e1 que as fortes chuvas de ver\u00e3o ajudaram a recuperar os reservat\u00f3rios das hidrel\u00e9tricas. (FOLHAPRESS) &#8211; A Aneel (Ag\u00eancia Nacional de Energia El\u00e9trica) abriu consulta p\u00fablica para definir reajustes nas bandeiras tarif\u00e1rias cobradas do consumidor de energia para<a class=\"moretag\" href=\"http:\/\/sindiquimicabr.com.br\/index.php\/2022\/04\/13\/aneel-propoe-alta-em-bandeira-tarifaria-mas-nao-preve-cobranca-adicional-em-2022\/\"> [&#8230;]<\/a><\/p>\n","protected":false},"author":2,"featured_media":15145,"comment_status":"closed","ping_status":"closed","sticky":false,"template":"","format":"standard","meta":[],"categories":[10],"tags":[],"_links":{"self":[{"href":"http:\/\/sindiquimicabr.com.br\/index.php\/wp-json\/wp\/v2\/posts\/15143"}],"collection":[{"href":"http:\/\/sindiquimicabr.com.br\/index.php\/wp-json\/wp\/v2\/posts"}],"about":[{"href":"http:\/\/sindiquimicabr.com.br\/index.php\/wp-json\/wp\/v2\/types\/post"}],"author":[{"embeddable":true,"href":"http:\/\/sindiquimicabr.com.br\/index.php\/wp-json\/wp\/v2\/users\/2"}],"replies":[{"embeddable":true,"href":"http:\/\/sindiquimicabr.com.br\/index.php\/wp-json\/wp\/v2\/comments?post=15143"}],"version-history":[{"count":1,"href":"http:\/\/sindiquimicabr.com.br\/index.php\/wp-json\/wp\/v2\/posts\/15143\/revisions"}],"predecessor-version":[{"id":15144,"href":"http:\/\/sindiquimicabr.com.br\/index.php\/wp-json\/wp\/v2\/posts\/15143\/revisions\/15144"}],"wp:featuredmedia":[{"embeddable":true,"href":"http:\/\/sindiquimicabr.com.br\/index.php\/wp-json\/wp\/v2\/media\/15145"}],"wp:attachment":[{"href":"http:\/\/sindiquimicabr.com.br\/index.php\/wp-json\/wp\/v2\/media?parent=15143"}],"wp:term":[{"taxonomy":"category","embeddable":true,"href":"http:\/\/sindiquimicabr.com.br\/index.php\/wp-json\/wp\/v2\/categories?post=15143"},{"taxonomy":"post_tag","embeddable":true,"href":"http:\/\/sindiquimicabr.com.br\/index.php\/wp-json\/wp\/v2\/tags?post=15143"}],"curies":[{"name":"wp","href":"https:\/\/api.w.org\/{rel}","templated":true}]}}