{"id":15158,"date":"2022-04-13T11:53:16","date_gmt":"2022-04-13T11:53:16","guid":{"rendered":"http:\/\/sindiquimicabr.com.br\/?p=15158"},"modified":"2022-04-13T12:55:18","modified_gmt":"2022-04-13T12:55:18","slug":"brasil-tem-a-menor-media-movel-de-casos-de-covid-desde-6-de-janeiro","status":"publish","type":"post","link":"http:\/\/sindiquimicabr.com.br\/index.php\/2022\/04\/13\/brasil-tem-a-menor-media-movel-de-casos-de-covid-desde-6-de-janeiro\/","title":{"rendered":"Brasil tem a menor m\u00e9dia m\u00f3vel de casos de covid desde 6 de janeiro"},"content":{"rendered":"<h4 class=\"news-subheadline\" style=\"text-align: justify;\">O decl\u00ednio dos indicadores da pandemia ocorre ap\u00f3s o surto causado pela \u00d4micron registrado em janeiro<\/h4>\n<p style=\"text-align: justify;\"><a href=\"http:\/\/sindiquimicabr.com.br\/wp\/wp-content\/uploads\/2022\/04\/Brasil-tem-a-menor-media-movel-de-casos-de-covid-desde-6-de-janeiro.jpg\"><img decoding=\"async\" loading=\"lazy\" class=\"alignleft size-full wp-image-15159\" src=\"http:\/\/sindiquimicabr.com.br\/wp\/wp-content\/uploads\/2022\/04\/Brasil-tem-a-menor-media-movel-de-casos-de-covid-desde-6-de-janeiro.jpg\" alt=\"\" width=\"1920\" height=\"1080\" srcset=\"http:\/\/sindiquimicabr.com.br\/wp\/wp-content\/uploads\/2022\/04\/Brasil-tem-a-menor-media-movel-de-casos-de-covid-desde-6-de-janeiro.jpg 1920w, http:\/\/sindiquimicabr.com.br\/wp\/wp-content\/uploads\/2022\/04\/Brasil-tem-a-menor-media-movel-de-casos-de-covid-desde-6-de-janeiro-300x169.jpg 300w, http:\/\/sindiquimicabr.com.br\/wp\/wp-content\/uploads\/2022\/04\/Brasil-tem-a-menor-media-movel-de-casos-de-covid-desde-6-de-janeiro-1024x576.jpg 1024w, http:\/\/sindiquimicabr.com.br\/wp\/wp-content\/uploads\/2022\/04\/Brasil-tem-a-menor-media-movel-de-casos-de-covid-desde-6-de-janeiro-768x432.jpg 768w, http:\/\/sindiquimicabr.com.br\/wp\/wp-content\/uploads\/2022\/04\/Brasil-tem-a-menor-media-movel-de-casos-de-covid-desde-6-de-janeiro-1536x864.jpg 1536w\" sizes=\"(max-width: 1920px) 100vw, 1920px\" \/><\/a><\/p>\n<p style=\"text-align: justify;\">O Brasil registrou 21.784 novos casos da covid-19 nesta ter\u00e7a-feira, 12. A m\u00e9dia m\u00f3vel de novos casos \u00e9 de 20.383, este patamar \u00e9 o menor desde 6 de janeiro, quando o Pa\u00eds calculou 17.100. O \u00edndice compara os testes para a doen\u00e7a dos \u00faltimos sete dias. O decl\u00ednio dos indicadores da pandemia ocorre ap\u00f3s o surto causado pela \u00d4micron registrado em janeiro. No acumulado, o Pa\u00eds contabiliza 30.180.491 de pessoas que j\u00e1 foram infectadas pela doen\u00e7a.<\/p>\n<p style=\"text-align: justify;\">Entre as 20 horas dessa segunda, 11, e o mesmo hor\u00e1rio de hoje, 163 pessoas morreram em decorr\u00eancia da enfermidade. H\u00e1 11 dias, a m\u00e9dia m\u00f3vel de \u00f3bitos fica abaixo de 200. O \u00edndice, que elimina distor\u00e7\u00f5es entre dias \u00fateis e fim de semana, est\u00e1 em 138. A doen\u00e7a j\u00e1 ceifou a vida de 661.552 brasileiros<\/p>\n<p style=\"text-align: justify;\">Os dados di\u00e1rios do Brasil s\u00e3o do cons\u00f3rcio de ve\u00edculos de imprensa formado por <b>Estad\u00e3o<\/b>, <i>g1<\/i>, <i>O Globo<\/i>, <i>Extra<\/i>, <i>Folha<\/i> e <i>UOL<\/i> em parceria com 27 secretarias estaduais de Sa\u00fade, em balan\u00e7o divulgado \u00e0s 20h. Segundo os n\u00fameros do governo, 29.126.303 pessoas est\u00e3o recuperadas.<\/p>\n<p style=\"text-align: justify;\">O Estado de S\u00e3o Paulo registrou 12 mortes por coronav\u00edrus nas \u00faltimas 24 horas. O Rio de Janeiro foi o estado com mais vidas perdidas para a doen\u00e7a: 38. Conforme o levantamento, sete estados n\u00e3o registraram \u00f3bitos.<\/p>\n<p style=\"text-align: justify;\">O balan\u00e7o de \u00f3bitos e casos \u00e9 resultado da parceria entre os seis meios de comunica\u00e7\u00e3o que passaram a trabalhar, desde o dia 8 de junho de 2020, de forma colaborativa para reunir as informa\u00e7\u00f5es necess\u00e1rias nos 26 Estados e no Distrito Federal. A iniciativa in\u00e9dita \u00e9 uma resposta \u00e0 decis\u00e3o do governo Bolsonaro de restringir o acesso a dados sobre a pandemia, mas foi mantida ap\u00f3s os registros governamentais continuarem a ser divulgados.<\/p>\n<p style=\"text-align: justify;\">Conforme o Minist\u00e9rio da Sa\u00fade, o Brasil registrou 22.724 novos casos e mais 166 mortes pela covid-19 nas \u00faltimas 24 horas. No total, segundo a pasta, s\u00e3o 30.183.929 pessoas infectadas e 661.493 \u00f3bitos acumulados. Os n\u00fameros s\u00e3o diferentes do compilado pelo cons\u00f3rcio de ve\u00edculos de imprensa principalmente por causa do hor\u00e1rio de coleta dos dados.<\/p>\n<p>Fonte: <a href=\"https:\/\/www.noticiasaominuto.com.br\/ultima-hora\/1900994\/brasil-tem-a-menor-media-movel-de-casos-de-covid-desde-6-de-janeiro\" target=\"_blank\" rel=\"noopener\">Not\u00edcias ao Minuto<\/a><\/p>\n<p style=\"text-align: justify;\">\n","protected":false},"excerpt":{"rendered":"<p>O decl\u00ednio dos indicadores da pandemia ocorre ap\u00f3s o surto causado pela \u00d4micron registrado em janeiro O Brasil registrou 21.784 novos casos da covid-19 nesta ter\u00e7a-feira, 12. A m\u00e9dia m\u00f3vel de novos casos \u00e9 de 20.383, este patamar \u00e9 o menor desde 6 de janeiro, quando o Pa\u00eds calculou 17.100. O \u00edndice compara os testes<a class=\"moretag\" href=\"http:\/\/sindiquimicabr.com.br\/index.php\/2022\/04\/13\/brasil-tem-a-menor-media-movel-de-casos-de-covid-desde-6-de-janeiro\/\"> [&#8230;]<\/a><\/p>\n","protected":false},"author":2,"featured_media":15159,"comment_status":"closed","ping_status":"closed","sticky":false,"template":"","format":"standard","meta":[],"categories":[10],"tags":[],"_links":{"self":[{"href":"http:\/\/sindiquimicabr.com.br\/index.php\/wp-json\/wp\/v2\/posts\/15158"}],"collection":[{"href":"http:\/\/sindiquimicabr.com.br\/index.php\/wp-json\/wp\/v2\/posts"}],"about":[{"href":"http:\/\/sindiquimicabr.com.br\/index.php\/wp-json\/wp\/v2\/types\/post"}],"author":[{"embeddable":true,"href":"http:\/\/sindiquimicabr.com.br\/index.php\/wp-json\/wp\/v2\/users\/2"}],"replies":[{"embeddable":true,"href":"http:\/\/sindiquimicabr.com.br\/index.php\/wp-json\/wp\/v2\/comments?post=15158"}],"version-history":[{"count":1,"href":"http:\/\/sindiquimicabr.com.br\/index.php\/wp-json\/wp\/v2\/posts\/15158\/revisions"}],"predecessor-version":[{"id":15160,"href":"http:\/\/sindiquimicabr.com.br\/index.php\/wp-json\/wp\/v2\/posts\/15158\/revisions\/15160"}],"wp:featuredmedia":[{"embeddable":true,"href":"http:\/\/sindiquimicabr.com.br\/index.php\/wp-json\/wp\/v2\/media\/15159"}],"wp:attachment":[{"href":"http:\/\/sindiquimicabr.com.br\/index.php\/wp-json\/wp\/v2\/media?parent=15158"}],"wp:term":[{"taxonomy":"category","embeddable":true,"href":"http:\/\/sindiquimicabr.com.br\/index.php\/wp-json\/wp\/v2\/categories?post=15158"},{"taxonomy":"post_tag","embeddable":true,"href":"http:\/\/sindiquimicabr.com.br\/index.php\/wp-json\/wp\/v2\/tags?post=15158"}],"curies":[{"name":"wp","href":"https:\/\/api.w.org\/{rel}","templated":true}]}}