{"id":15212,"date":"2022-04-18T11:52:50","date_gmt":"2022-04-18T11:52:50","guid":{"rendered":"http:\/\/sindiquimicabr.com.br\/?p=15212"},"modified":"2022-04-18T11:52:52","modified_gmt":"2022-04-18T11:52:52","slug":"para-oms-nao-e-hora-de-baixar-guarda-do-controle-da-pandemia-de-covid","status":"publish","type":"post","link":"http:\/\/sindiquimicabr.com.br\/index.php\/2022\/04\/18\/para-oms-nao-e-hora-de-baixar-guarda-do-controle-da-pandemia-de-covid\/","title":{"rendered":"Para OMS, n\u00e3o \u00e9 hora de baixar guarda do controle da pandemia de Covid"},"content":{"rendered":"<h4 class=\"news-subheadline\" style=\"text-align: justify;\">O comit\u00ea refor\u00e7ou que os n\u00fameros menores de casos e mortes por Covid-19 n\u00e3o significam necessariamente um &#8220;risco menor&#8221; da doen\u00e7a, uma vez que o v\u00edrus continua a evoluir \u00e9 n\u00e3o \u00e9 poss\u00edvel se dar ao luxo de ignorar essas muta\u00e7\u00f5es.<\/h4>\n<p style=\"text-align: justify;\"><a href=\"http:\/\/sindiquimicabr.com.br\/wp\/wp-content\/uploads\/2022\/04\/OMS-alerta-para-necessidade-de-monitorar-covid-em-animais-e-evitar-multiplicacao-do-virus.jpg\"><img decoding=\"async\" loading=\"lazy\" class=\"alignleft size-full wp-image-15213\" src=\"http:\/\/sindiquimicabr.com.br\/wp\/wp-content\/uploads\/2022\/04\/OMS-alerta-para-necessidade-de-monitorar-covid-em-animais-e-evitar-multiplicacao-do-virus.jpg\" alt=\"\" width=\"1920\" height=\"1080\" srcset=\"http:\/\/sindiquimicabr.com.br\/wp\/wp-content\/uploads\/2022\/04\/OMS-alerta-para-necessidade-de-monitorar-covid-em-animais-e-evitar-multiplicacao-do-virus.jpg 1920w, http:\/\/sindiquimicabr.com.br\/wp\/wp-content\/uploads\/2022\/04\/OMS-alerta-para-necessidade-de-monitorar-covid-em-animais-e-evitar-multiplicacao-do-virus-300x169.jpg 300w, http:\/\/sindiquimicabr.com.br\/wp\/wp-content\/uploads\/2022\/04\/OMS-alerta-para-necessidade-de-monitorar-covid-em-animais-e-evitar-multiplicacao-do-virus-1024x576.jpg 1024w, http:\/\/sindiquimicabr.com.br\/wp\/wp-content\/uploads\/2022\/04\/OMS-alerta-para-necessidade-de-monitorar-covid-em-animais-e-evitar-multiplicacao-do-virus-768x432.jpg 768w, http:\/\/sindiquimicabr.com.br\/wp\/wp-content\/uploads\/2022\/04\/OMS-alerta-para-necessidade-de-monitorar-covid-em-animais-e-evitar-multiplicacao-do-virus-1536x864.jpg 1536w\" sizes=\"(max-width: 1920px) 100vw, 1920px\" \/><\/a><\/p>\n<p style=\"text-align: justify;\"><span class=\"news_capital_letter\">(<\/span>FOLHAPRESS) &#8211; A Covid-19 continua sendo um grande perigo para a sa\u00fade p\u00fablica e n\u00e3o \u00e9 hora de os pa\u00edses baixarem a guarda na vigil\u00e2ncia, na testagem, nas medidas sanit\u00e1rias e, muito menos, na vacina\u00e7\u00e3o de suas popula\u00e7\u00f5es.<\/p>\n<p style=\"text-align: justify;\">O alerta veio de um comit\u00ea da OMS (Organiza\u00e7\u00e3o Mundial da Sa\u00fade) e foi divulgado na \u00faltima quarta (13), em Genebra. Para a ag\u00eancia, a pandemia continua a afetar negativamente a sa\u00fade das popula\u00e7\u00f5es em todo o mundo, e representa um risco cont\u00ednuo de dissemina\u00e7\u00e3o internacional.<\/p>\n<p style=\"text-align: justify;\">O comit\u00ea refor\u00e7ou que os n\u00fameros menores de casos e mortes por Covid-19 n\u00e3o significam necessariamente um &#8220;risco menor&#8221; da doen\u00e7a, uma vez que o v\u00edrus continua a evoluir \u00e9 n\u00e3o \u00e9 poss\u00edvel se dar ao luxo de ignorar essas muta\u00e7\u00f5es.<\/p>\n<p style=\"text-align: justify;\">Na semana passada, houve o menor n\u00famero de mortes por Covid-19 no mundo, desde os primeiros dias da pandemia. A queda nos casos de \u00f3bitos e infec\u00e7\u00f5es favoreceram o an\u00fancio das novas medidas pelo governo brasileiro, divulgadas neste domingo (16).<\/p>\n<p style=\"text-align: justify;\">No entanto, alguns pa\u00edses da Europa e da \u00c1sia ainda enfrentam altos picos da doen\u00e7a, pressionando o seus hospitais. A Coreia do Sul lidera o mundo no n\u00famero m\u00e9dio di\u00e1rio de novos casos, com mais de 182 mil novas infec\u00e7\u00f5es por dia.<\/p>\n<p style=\"text-align: justify;\">Xangai vive o pior surto de Covid da China desde o in\u00edcio da pandemia. Pa\u00edses como Fran\u00e7a, Alemanha, Reino Unido e B\u00e9lgica tamb\u00e9m viram os n\u00fameros aumentarem.<\/p>\n<p style=\"text-align: justify;\">Segundo Tedros Adhanom Ghebreyesus, diretor da OMS, a capacidade de monitorar tend\u00eancias do comportamento da pandemia est\u00e1 comprometida porque a testagem foi significadamente reduzida em v\u00e1rios pa\u00edses.<\/p>\n<p style=\"text-align: justify;\">Testagem e sequenciamento gen\u00e9ticos s\u00e3o vitais para que novas variantes sejam rastreadas e identificadas. Atualmente, a OMS acompanha v\u00e1rias sub-linhagens da \u00f4micron, incluindo a BA.2, a BA.4 e a BA.5 e outra recombinante detectada composta por BA.1 e BA.2.<\/p>\n<p style=\"text-align: justify;\">No Brasil, a subvariante BA.2 j\u00e1 \u00e9 majorit\u00e1ria entre os casos de Covid no Brasil, representando quase 70% das amostras analisadas, segundo dados do ITPS (Instituto Todos pela Sa\u00fade).<\/p>\n<p style=\"text-align: justify;\">As \u00faltimas sublinhagens BA.4. e BA.5 foram relatadas em v\u00e1rios pa\u00edses, incluindo a \u00c1frica do Sul e alguns pa\u00edses europeus. At\u00e9 agora, por\u00e9m, essas muta\u00e7\u00f5es n\u00e3o se traduziram em aumento de casos e de mortes.<\/p>\n<p style=\"text-align: justify;\">Mas, para o diretor der emerg\u00eancia da OMS, Michael Ryan, \u00e0 medida que o v\u00edrus continue a evoluir, o mundo &#8220;n\u00e3o pode simplesmente perd\u00ea-lo de vista&#8221;<\/p>\n<p style=\"text-align: justify;\">&#8220;Seria muito m\u00edope neste momento supor que n\u00fameros mais baixos de casos significam riscos absolutamente mais baixos. Temos o prazer de ver mortes caindo, mas esse v\u00edrus j\u00e1 nos surpreendeu antes, j\u00e1 nos pegou desprevenidos antes.&#8221;<\/p>\n<p style=\"text-align: justify;\">A principal cientista da OMS, Soumiya Swaminathan, alertou que sublinhagens e novas recombinantes continuar\u00e3o a aparecer, e o mundo deve continuar investindo em ferramentas aprimoradas, como novas vacinas.<\/p>\n<p style=\"text-align: justify;\">&#8220;Temos que estar preparados para a possibilidade de que esse v\u00edrus possa mudar tanto que possa escapar da imunidade existente&#8221;, destacou.<\/p>\n<p style=\"text-align: justify;\">Tedros tamb\u00e9m enfatizou que o coronav\u00edrus continua mortal, especialmente para os desprotegidos e n\u00e3o vacinados que n\u00e3o t\u00eam acesso a cuidados de sa\u00fade e antivirais.<\/p>\n<p style=\"text-align: justify;\">Um levantamento recente da OMS mostra que 21 pa\u00edses n\u00e3o vacinaram nem 10% de suas popula\u00e7\u00f5es<\/p>\n<p style=\"text-align: justify;\">Cerca 64,8% da popula\u00e7\u00e3o mundial receberam pelo menos uma dose de uma vacina contra Covid.<\/p>\n<p style=\"text-align: justify;\">&#8220;A situa\u00e7\u00e3o est\u00e1 longe de terminar no que diz respeito \u00e0 pandemia de Covid-19. A circula\u00e7\u00e3o do v\u00edrus ainda \u00e9 muito ativa, a mortalidade continua alta e o v\u00edrus est\u00e1 evoluindo de maneira imprevis\u00edvel&#8221;, afirmou.<\/p>\n<p style=\"text-align: justify;\">Para especialistas, a pandemia \u00e9 um fen\u00f4meno mundial, portanto n\u00e3o cabe a um pa\u00eds isoladamente decretar seu fim. Assim, os protocolos sanit\u00e1rios devem continua sendo respeitados por todos.<\/p>\n<p style=\"text-align: justify;\">Fonte: <a href=\"https:\/\/www.noticiasaominuto.com.br\/brasil\/1902240\/para-oms-nao-e-hora-de-baixar-guarda-do-controle-da-pandemia-de-covid\" target=\"_blank\" rel=\"noopener\">Not\u00edcias ao Minuto<\/a><\/p>\n","protected":false},"excerpt":{"rendered":"<p>O comit\u00ea refor\u00e7ou que os n\u00fameros menores de casos e mortes por Covid-19 n\u00e3o significam necessariamente um &#8220;risco menor&#8221; da doen\u00e7a, uma vez que o v\u00edrus continua a evoluir \u00e9 n\u00e3o \u00e9 poss\u00edvel se dar ao luxo de ignorar essas muta\u00e7\u00f5es. (FOLHAPRESS) &#8211; A Covid-19 continua sendo um grande perigo para a sa\u00fade p\u00fablica e<a class=\"moretag\" href=\"http:\/\/sindiquimicabr.com.br\/index.php\/2022\/04\/18\/para-oms-nao-e-hora-de-baixar-guarda-do-controle-da-pandemia-de-covid\/\"> [&#8230;]<\/a><\/p>\n","protected":false},"author":2,"featured_media":15213,"comment_status":"closed","ping_status":"closed","sticky":false,"template":"","format":"standard","meta":[],"categories":[2],"tags":[],"_links":{"self":[{"href":"http:\/\/sindiquimicabr.com.br\/index.php\/wp-json\/wp\/v2\/posts\/15212"}],"collection":[{"href":"http:\/\/sindiquimicabr.com.br\/index.php\/wp-json\/wp\/v2\/posts"}],"about":[{"href":"http:\/\/sindiquimicabr.com.br\/index.php\/wp-json\/wp\/v2\/types\/post"}],"author":[{"embeddable":true,"href":"http:\/\/sindiquimicabr.com.br\/index.php\/wp-json\/wp\/v2\/users\/2"}],"replies":[{"embeddable":true,"href":"http:\/\/sindiquimicabr.com.br\/index.php\/wp-json\/wp\/v2\/comments?post=15212"}],"version-history":[{"count":1,"href":"http:\/\/sindiquimicabr.com.br\/index.php\/wp-json\/wp\/v2\/posts\/15212\/revisions"}],"predecessor-version":[{"id":15214,"href":"http:\/\/sindiquimicabr.com.br\/index.php\/wp-json\/wp\/v2\/posts\/15212\/revisions\/15214"}],"wp:featuredmedia":[{"embeddable":true,"href":"http:\/\/sindiquimicabr.com.br\/index.php\/wp-json\/wp\/v2\/media\/15213"}],"wp:attachment":[{"href":"http:\/\/sindiquimicabr.com.br\/index.php\/wp-json\/wp\/v2\/media?parent=15212"}],"wp:term":[{"taxonomy":"category","embeddable":true,"href":"http:\/\/sindiquimicabr.com.br\/index.php\/wp-json\/wp\/v2\/categories?post=15212"},{"taxonomy":"post_tag","embeddable":true,"href":"http:\/\/sindiquimicabr.com.br\/index.php\/wp-json\/wp\/v2\/tags?post=15212"}],"curies":[{"name":"wp","href":"https:\/\/api.w.org\/{rel}","templated":true}]}}