{"id":15376,"date":"2022-07-18T13:38:54","date_gmt":"2022-07-18T13:38:54","guid":{"rendered":"http:\/\/sindiquimicabr.com.br\/?p=15376"},"modified":"2022-07-18T14:20:22","modified_gmt":"2022-07-18T14:20:22","slug":"estado-do-rio-mantem-tendencia-de-queda-nos-indicadores-da-covid-19","status":"publish","type":"post","link":"http:\/\/sindiquimicabr.com.br\/index.php\/2022\/07\/18\/estado-do-rio-mantem-tendencia-de-queda-nos-indicadores-da-covid-19\/","title":{"rendered":"Estado do Rio mant\u00e9m tend\u00eancia de queda nos indicadores da Covid-19"},"content":{"rendered":"<h4 class=\"td-post-sub-title\" style=\"text-align: justify;\">Os atendimentos a casos de s\u00edndrome gripal e a taxa de positividade mant\u00e9m a tend\u00eancia de redu\u00e7\u00e3o<\/h4>\n<p><a href=\"http:\/\/sindiquimicabr.com.br\/wp\/wp-content\/uploads\/2022\/07\/Estado-do-Rio-mantem-tendencia-de-queda-nos-indicadores-da-Covid-19.jpg\"><img decoding=\"async\" loading=\"lazy\" class=\"size-full wp-image-15379 alignnone\" src=\"http:\/\/sindiquimicabr.com.br\/wp\/wp-content\/uploads\/2022\/07\/Estado-do-Rio-mantem-tendencia-de-queda-nos-indicadores-da-Covid-19.jpg\" alt=\"\" width=\"696\" height=\"522\" srcset=\"http:\/\/sindiquimicabr.com.br\/wp\/wp-content\/uploads\/2022\/07\/Estado-do-Rio-mantem-tendencia-de-queda-nos-indicadores-da-Covid-19.jpg 696w, http:\/\/sindiquimicabr.com.br\/wp\/wp-content\/uploads\/2022\/07\/Estado-do-Rio-mantem-tendencia-de-queda-nos-indicadores-da-Covid-19-300x225.jpg 300w\" sizes=\"(max-width: 696px) 100vw, 696px\" \/><\/a><\/p>\n<p style=\"text-align: justify;\">Nesta sexta-feira (15\/07), foi divulgado o Panorama Semanal Covid-19 do Estado do Rio de Janeiro, que mostra que todos os indicadores precoces da Covid-19 apresentam tend\u00eancia de queda. De acordo com a Secretaria de Estado de Sa\u00fade (SES), entre os n\u00fameros que chamam aten\u00e7\u00e3o est\u00e3o os atendimentos a casos de s\u00edndrome gripal nas Unidades de Pronto Atendimento da rede estadual (UPAs), que ca\u00edram 19% em rela\u00e7\u00e3o \u00e0 semana anterior.<\/p>\n<p style=\"text-align: justify;\">O secret\u00e1rio de Estado de Sa\u00fade, Alexandre Chieppe, disse que os atendimentos por s\u00edndrome gripal, solicita\u00e7\u00f5es de interna\u00e7\u00e3o e positividade nos testes tiveram redu\u00e7\u00f5es significativas.<\/p>\n<p style=\"text-align: justify;\">\u201c<em>Para que esses n\u00fameros continuem caindo, precisamos que a popula\u00e7\u00e3o mantenha o esquema vacinal em dia e retorne aos postos de sa\u00fade para receber o imunizante<\/em>\u201d, alerta o secret\u00e1rio.<\/p>\n<p style=\"text-align: justify;\">As taxas de positividade de ant\u00edgeno e RT-PCR mant\u00eam a tend\u00eancia de redu\u00e7\u00e3o, j\u00e1 observada na semana anterior. Na \u00faltima semana, foram realizados, em m\u00e9dia, 9,6 mil testes de ant\u00edgeno por dia, sendo a positividade de 21%. Em rela\u00e7\u00e3o ao RT-PCR, est\u00e3o sendo analisados em m\u00e9dia 840 exames por dia, com positividade de 18%. Na semana de 27 de junho a 3 de julho, a positividade dos testes de ant\u00edgeno estava em 27% e a dos exames de RT-PCR, em 32%.<\/p>\n<p style=\"text-align: justify;\">A an\u00e1lise considera os dados registrados na semana de 4 a 10 de julho, nos 92 munic\u00edpios fluminenses.<\/p>\n<p>Mat\u00e9ria originalmente publicada por <a href=\"https:\/\/diariodorio.com\/estado-do-rio-mantem-tendencia-de-queda-nos-indicadores-da-covid-19\/\" target=\"_blank\" rel=\"noopener\">Di\u00e1rio do Rio<\/a><\/p>\n","protected":false},"excerpt":{"rendered":"<p>Os atendimentos a casos de s\u00edndrome gripal e a taxa de positividade mant\u00e9m a tend\u00eancia de redu\u00e7\u00e3o Nesta sexta-feira (15\/07), foi divulgado o Panorama Semanal Covid-19 do Estado do Rio de Janeiro, que mostra que todos os indicadores precoces da Covid-19 apresentam tend\u00eancia de queda. De acordo com a Secretaria de Estado de Sa\u00fade (SES),<a class=\"moretag\" href=\"http:\/\/sindiquimicabr.com.br\/index.php\/2022\/07\/18\/estado-do-rio-mantem-tendencia-de-queda-nos-indicadores-da-covid-19\/\"> [&#8230;]<\/a><\/p>\n","protected":false},"author":2,"featured_media":15379,"comment_status":"closed","ping_status":"closed","sticky":false,"template":"","format":"standard","meta":[],"categories":[10],"tags":[],"_links":{"self":[{"href":"http:\/\/sindiquimicabr.com.br\/index.php\/wp-json\/wp\/v2\/posts\/15376"}],"collection":[{"href":"http:\/\/sindiquimicabr.com.br\/index.php\/wp-json\/wp\/v2\/posts"}],"about":[{"href":"http:\/\/sindiquimicabr.com.br\/index.php\/wp-json\/wp\/v2\/types\/post"}],"author":[{"embeddable":true,"href":"http:\/\/sindiquimicabr.com.br\/index.php\/wp-json\/wp\/v2\/users\/2"}],"replies":[{"embeddable":true,"href":"http:\/\/sindiquimicabr.com.br\/index.php\/wp-json\/wp\/v2\/comments?post=15376"}],"version-history":[{"count":2,"href":"http:\/\/sindiquimicabr.com.br\/index.php\/wp-json\/wp\/v2\/posts\/15376\/revisions"}],"predecessor-version":[{"id":15380,"href":"http:\/\/sindiquimicabr.com.br\/index.php\/wp-json\/wp\/v2\/posts\/15376\/revisions\/15380"}],"wp:featuredmedia":[{"embeddable":true,"href":"http:\/\/sindiquimicabr.com.br\/index.php\/wp-json\/wp\/v2\/media\/15379"}],"wp:attachment":[{"href":"http:\/\/sindiquimicabr.com.br\/index.php\/wp-json\/wp\/v2\/media?parent=15376"}],"wp:term":[{"taxonomy":"category","embeddable":true,"href":"http:\/\/sindiquimicabr.com.br\/index.php\/wp-json\/wp\/v2\/categories?post=15376"},{"taxonomy":"post_tag","embeddable":true,"href":"http:\/\/sindiquimicabr.com.br\/index.php\/wp-json\/wp\/v2\/tags?post=15376"}],"curies":[{"name":"wp","href":"https:\/\/api.w.org\/{rel}","templated":true}]}}