{"id":15566,"date":"2022-08-11T17:06:37","date_gmt":"2022-08-11T17:06:37","guid":{"rendered":"http:\/\/sindiquimicabr.com.br\/?p=15566"},"modified":"2022-08-11T17:06:46","modified_gmt":"2022-08-11T17:06:46","slug":"ir-2023-pode-ter-isencao-sobre-ganhos-com-alugueis-de-imoveis","status":"publish","type":"post","link":"http:\/\/sindiquimicabr.com.br\/index.php\/2022\/08\/11\/ir-2023-pode-ter-isencao-sobre-ganhos-com-alugueis-de-imoveis\/","title":{"rendered":"IR 2023 pode ter isen\u00e7\u00e3o sobre ganhos com alugu\u00e9is de im\u00f3veis"},"content":{"rendered":"<h4 class=\"post-subtitle\">Projeto foi aprovado no Senado e agora tramita na C\u00e2mara<\/h4>\n<p><a href=\"http:\/\/sindiquimicabr.com.br\/wp\/wp-content\/uploads\/2022\/08\/IR-2023-pode-ter-isencao-sobre-ganhos-com-alugueis-de-imoveis.jpg\"><img decoding=\"async\" loading=\"lazy\" class=\"alignleft size-full wp-image-15567\" src=\"http:\/\/sindiquimicabr.com.br\/wp\/wp-content\/uploads\/2022\/08\/IR-2023-pode-ter-isencao-sobre-ganhos-com-alugueis-de-imoveis.jpg\" alt=\"\" width=\"1280\" height=\"853\" srcset=\"http:\/\/sindiquimicabr.com.br\/wp\/wp-content\/uploads\/2022\/08\/IR-2023-pode-ter-isencao-sobre-ganhos-com-alugueis-de-imoveis.jpg 1280w, http:\/\/sindiquimicabr.com.br\/wp\/wp-content\/uploads\/2022\/08\/IR-2023-pode-ter-isencao-sobre-ganhos-com-alugueis-de-imoveis-300x200.jpg 300w, http:\/\/sindiquimicabr.com.br\/wp\/wp-content\/uploads\/2022\/08\/IR-2023-pode-ter-isencao-sobre-ganhos-com-alugueis-de-imoveis-1024x682.jpg 1024w, http:\/\/sindiquimicabr.com.br\/wp\/wp-content\/uploads\/2022\/08\/IR-2023-pode-ter-isencao-sobre-ganhos-com-alugueis-de-imoveis-768x512.jpg 768w, http:\/\/sindiquimicabr.com.br\/wp\/wp-content\/uploads\/2022\/08\/IR-2023-pode-ter-isencao-sobre-ganhos-com-alugueis-de-imoveis-272x182.jpg 272w\" sizes=\"(max-width: 1280px) 100vw, 1280px\" \/><\/a><\/p>\n<p>Aprovado pelo Senado e agora encaminhado \u00e0 C\u00e2mara, o Projeto de Lei\u00a0 709\/2022 prop\u00f5e deduzir o aluguel do imposto de renda. De autoria do Senador Alexandre Silveira (PSD-MG), o texto diz que \u00e9 permitido deduzir do IR o valor <a href=\"https:\/\/www.jornalcontabil.com.br\/senado-aprova-deducao-do-aluguel-no-imposto-de-renda\/\" target=\"_blank\" rel=\"noreferrer noopener\">gasto com aluguel residencial<\/a>, al\u00e9m de isentar do imposto os propriet\u00e1rios.<\/p>\n<p>O texto tamb\u00e9m dobra o valor da multa para o contribuinte que omite ou falseia o recebimento de alugu\u00e9is: ela passaria a 150% do imposto devido. O benef\u00edcio ter\u00e1 validade at\u00e9 2027.<\/p>\n<p data-fetch=\"true\">Se for aprovado, os brasileiros que moram por meio de aluguel ter\u00e3o dedu\u00e7\u00e3o de gastos diretamente no Imposto de Renda. Os locadores ser\u00e3o isentos de 75% dos seus ganhos.<\/p>\n<p>O projeto n\u00e3o permite, por\u00e9m, a dedu\u00e7\u00e3o de gastos acess\u00f3rios, como as taxas de condom\u00ednio, o IPTU (Imposto sobre a Propriedade Predial e Territorial Urbana) e outros tributos relativos ao im\u00f3vel.<\/p>\n<h4 id=\"h-imposto-de-renda-em-2022\">Imposto de Renda em 2022<\/h4>\n<p>Nas regras atuais, para a declara\u00e7\u00e3o dos alugu\u00e9is no<a href=\"https:\/\/www.jornalcontabil.com.br\/carne-leao-veja-como-preencher-calculo-tabela-e-darf\/\" target=\"_blank\" rel=\"noreferrer noopener\"> Imposto de Renda<\/a> ficou estabelecido o seguinte: os locadores que recebem mais de R$ 1.903,98 por m\u00eas, em termos de rendimento de aluguel de im\u00f3vel, devem ter pagar um imposto mensal obrigat\u00f3rio, por meio do programa carn\u00ea-le\u00e3o.<\/p>\n<p>Dessa forma, o aluguel pago n\u00e3o \u00e9 dedut\u00edvel de imposto, e tanto inquilino quanto propriet\u00e1rio tem que prestar contas na declara\u00e7\u00e3o anual, para que a Receita Federal cruze os dados. A falta de informa\u00e7\u00f5es pode fazer com que a declara\u00e7\u00e3o caia na malha fina.<\/p>\n<p>Uma pesquisa realizada pelo IBGE aponta que a despesa das fam\u00edlias com habita\u00e7\u00e3o \u00e9 a maior do or\u00e7amento, alcan\u00e7ando 36,6%. Proporcionalmente, o gasto com habita\u00e7\u00e3o \u00e9 mais alto para as pessoas mais pobres, de 39,2% da despesa total.<\/p>\n<p>Para o autor do Projeto, a medida vai aumentar a arrecada\u00e7\u00e3o porque \u201ccria incentivos econ\u00f4micos para que locadores e locat\u00e1rios declarem formalmente os alugu\u00e9is e pune com maior rigor aqueles que deixarem de faz\u00ea-lo\u201d.<\/p>\n<p>Fonte: <a href=\"https:\/\/www.jornalcontabil.com.br\/ir-2023-pode-ter-isencao-sobre-ganhos-com-alugueis-de-imoveis\/\" target=\"_blank\" rel=\"noopener\">Jornal Cont\u00e1bil<\/a><\/p>\n","protected":false},"excerpt":{"rendered":"<p>Projeto foi aprovado no Senado e agora tramita na C\u00e2mara Aprovado pelo Senado e agora encaminhado \u00e0 C\u00e2mara, o Projeto de Lei\u00a0 709\/2022 prop\u00f5e deduzir o aluguel do imposto de renda. De autoria do Senador Alexandre Silveira (PSD-MG), o texto diz que \u00e9 permitido deduzir do IR o valor gasto com aluguel residencial, al\u00e9m de<a class=\"moretag\" href=\"http:\/\/sindiquimicabr.com.br\/index.php\/2022\/08\/11\/ir-2023-pode-ter-isencao-sobre-ganhos-com-alugueis-de-imoveis\/\"> [&#8230;]<\/a><\/p>\n","protected":false},"author":2,"featured_media":15567,"comment_status":"closed","ping_status":"closed","sticky":false,"template":"","format":"standard","meta":[],"categories":[10],"tags":[],"_links":{"self":[{"href":"http:\/\/sindiquimicabr.com.br\/index.php\/wp-json\/wp\/v2\/posts\/15566"}],"collection":[{"href":"http:\/\/sindiquimicabr.com.br\/index.php\/wp-json\/wp\/v2\/posts"}],"about":[{"href":"http:\/\/sindiquimicabr.com.br\/index.php\/wp-json\/wp\/v2\/types\/post"}],"author":[{"embeddable":true,"href":"http:\/\/sindiquimicabr.com.br\/index.php\/wp-json\/wp\/v2\/users\/2"}],"replies":[{"embeddable":true,"href":"http:\/\/sindiquimicabr.com.br\/index.php\/wp-json\/wp\/v2\/comments?post=15566"}],"version-history":[{"count":1,"href":"http:\/\/sindiquimicabr.com.br\/index.php\/wp-json\/wp\/v2\/posts\/15566\/revisions"}],"predecessor-version":[{"id":15568,"href":"http:\/\/sindiquimicabr.com.br\/index.php\/wp-json\/wp\/v2\/posts\/15566\/revisions\/15568"}],"wp:featuredmedia":[{"embeddable":true,"href":"http:\/\/sindiquimicabr.com.br\/index.php\/wp-json\/wp\/v2\/media\/15567"}],"wp:attachment":[{"href":"http:\/\/sindiquimicabr.com.br\/index.php\/wp-json\/wp\/v2\/media?parent=15566"}],"wp:term":[{"taxonomy":"category","embeddable":true,"href":"http:\/\/sindiquimicabr.com.br\/index.php\/wp-json\/wp\/v2\/categories?post=15566"},{"taxonomy":"post_tag","embeddable":true,"href":"http:\/\/sindiquimicabr.com.br\/index.php\/wp-json\/wp\/v2\/tags?post=15566"}],"curies":[{"name":"wp","href":"https:\/\/api.w.org\/{rel}","templated":true}]}}