{"id":1566,"date":"2016-07-18T18:05:33","date_gmt":"2016-07-18T18:05:33","guid":{"rendered":"http:\/\/sindiquimicabr.com.br\/?p=1566"},"modified":"2016-07-26T11:50:31","modified_gmt":"2016-07-26T11:50:31","slug":"pgr-estaria-disposta-a-aceitar-delacao-de-eduardo-cunha","status":"publish","type":"post","link":"http:\/\/sindiquimicabr.com.br\/index.php\/2016\/07\/18\/pgr-estaria-disposta-a-aceitar-delacao-de-eduardo-cunha\/","title":{"rendered":"PGR estaria disposta a aceitar dela\u00e7\u00e3o de Eduardo Cunha"},"content":{"rendered":"<h4 class=\"headline\">Procuradores explicam que \u00e9 necess\u00e1rio que o ex-presidente da C\u00e2mara apresente uma proposta consistente<\/h4>\n<p><a href=\"http:\/\/sindiquimicabr.com.br\/wp\/wp-content\/uploads\/2016\/07\/PGR-estaria-disposta-a-aceitar-dela\u00e7\u00e3o-de-Eduardo-Cunha.jpg\"><img decoding=\"async\" loading=\"lazy\" class=\"alignnone size-full wp-image-1567\" src=\"http:\/\/sindiquimicabr.com.br\/wp\/wp-content\/uploads\/2016\/07\/PGR-estaria-disposta-a-aceitar-dela\u00e7\u00e3o-de-Eduardo-Cunha.jpg\" alt=\"PGR estaria disposta a aceitar dela\u00e7\u00e3o de Eduardo Cunha\" width=\"1370\" height=\"587\" srcset=\"http:\/\/sindiquimicabr.com.br\/wp\/wp-content\/uploads\/2016\/07\/PGR-estaria-disposta-a-aceitar-dela\u00e7\u00e3o-de-Eduardo-Cunha.jpg 1370w, http:\/\/sindiquimicabr.com.br\/wp\/wp-content\/uploads\/2016\/07\/PGR-estaria-disposta-a-aceitar-dela\u00e7\u00e3o-de-Eduardo-Cunha-300x129.jpg 300w, http:\/\/sindiquimicabr.com.br\/wp\/wp-content\/uploads\/2016\/07\/PGR-estaria-disposta-a-aceitar-dela\u00e7\u00e3o-de-Eduardo-Cunha-768x329.jpg 768w, http:\/\/sindiquimicabr.com.br\/wp\/wp-content\/uploads\/2016\/07\/PGR-estaria-disposta-a-aceitar-dela\u00e7\u00e3o-de-Eduardo-Cunha-1024x439.jpg 1024w\" sizes=\"(max-width: 1370px) 100vw, 1370px\" \/><\/a><\/p>\n<p><span class=\"mainText\">A possibilidade de acordo de dela\u00e7\u00e3o premiada por parte do deputado afastado Eduardo Cunha (PMDB-RJ) seria aceita por procuradores da c\u00fapula do Minist\u00e9rio P\u00fablico Federal.<\/span><\/p>\n<p>De acordo com o colunista Lauro Jardim, do jornal O Globo, os procuradores teriam afirmado em conversas privadas que n\u00e3o existe nenhuma obje\u00e7\u00e3o a uma dela\u00e7\u00e3o de Eduardo Cunha, caso o peemedebista tenha interesse em faz\u00ea-la.<\/p>\n<p>No entanto, \u00e9 necess\u00e1rio que o ex-presidente da C\u00e2mara apresente uma proposta consistente. Os procuradores explicam que ningu\u00e9m iria recusar a aceitar uma dela\u00e7\u00e3o de Cunha, se ele estiver disposto a entregar provas contra altas figuras da Rep\u00fablica ainda n\u00e3o implicadas.<\/p>\n<p>Fonte: <a href=\"https:\/\/www.noticiasaominuto.com.br\/politica\/254116\/pgr-estaria-disposta-a-aceitar-delacao-de-eduardo-cunha\" target=\"_blank\">Not\u00edcias ao Minuto<\/a><\/p>\n<p>&nbsp;<\/p>\n","protected":false},"excerpt":{"rendered":"<p>Procuradores explicam que \u00e9 necess\u00e1rio que o ex-presidente da C\u00e2mara apresente uma proposta consistente A possibilidade de acordo de dela\u00e7\u00e3o premiada por parte do deputado afastado Eduardo Cunha (PMDB-RJ) seria aceita por procuradores da c\u00fapula do Minist\u00e9rio P\u00fablico Federal. De acordo com o colunista Lauro Jardim, do jornal O Globo, os procuradores teriam afirmado em<a class=\"moretag\" href=\"http:\/\/sindiquimicabr.com.br\/index.php\/2016\/07\/18\/pgr-estaria-disposta-a-aceitar-delacao-de-eduardo-cunha\/\"> [&#8230;]<\/a><\/p>\n","protected":false},"author":2,"featured_media":1567,"comment_status":"closed","ping_status":"closed","sticky":false,"template":"","format":"standard","meta":[],"categories":[10],"tags":[],"_links":{"self":[{"href":"http:\/\/sindiquimicabr.com.br\/index.php\/wp-json\/wp\/v2\/posts\/1566"}],"collection":[{"href":"http:\/\/sindiquimicabr.com.br\/index.php\/wp-json\/wp\/v2\/posts"}],"about":[{"href":"http:\/\/sindiquimicabr.com.br\/index.php\/wp-json\/wp\/v2\/types\/post"}],"author":[{"embeddable":true,"href":"http:\/\/sindiquimicabr.com.br\/index.php\/wp-json\/wp\/v2\/users\/2"}],"replies":[{"embeddable":true,"href":"http:\/\/sindiquimicabr.com.br\/index.php\/wp-json\/wp\/v2\/comments?post=1566"}],"version-history":[{"count":1,"href":"http:\/\/sindiquimicabr.com.br\/index.php\/wp-json\/wp\/v2\/posts\/1566\/revisions"}],"predecessor-version":[{"id":1569,"href":"http:\/\/sindiquimicabr.com.br\/index.php\/wp-json\/wp\/v2\/posts\/1566\/revisions\/1569"}],"wp:featuredmedia":[{"embeddable":true,"href":"http:\/\/sindiquimicabr.com.br\/index.php\/wp-json\/wp\/v2\/media\/1567"}],"wp:attachment":[{"href":"http:\/\/sindiquimicabr.com.br\/index.php\/wp-json\/wp\/v2\/media?parent=1566"}],"wp:term":[{"taxonomy":"category","embeddable":true,"href":"http:\/\/sindiquimicabr.com.br\/index.php\/wp-json\/wp\/v2\/categories?post=1566"},{"taxonomy":"post_tag","embeddable":true,"href":"http:\/\/sindiquimicabr.com.br\/index.php\/wp-json\/wp\/v2\/tags?post=1566"}],"curies":[{"name":"wp","href":"https:\/\/api.w.org\/{rel}","templated":true}]}}