{"id":15672,"date":"2022-08-22T11:31:02","date_gmt":"2022-08-22T11:31:02","guid":{"rendered":"http:\/\/sindiquimicabr.com.br\/?p=15672"},"modified":"2022-08-22T11:31:03","modified_gmt":"2022-08-22T11:31:03","slug":"ultima-parcela-de-agosto-do-auxilio-brasil-e-paga-hoje","status":"publish","type":"post","link":"http:\/\/sindiquimicabr.com.br\/index.php\/2022\/08\/22\/ultima-parcela-de-agosto-do-auxilio-brasil-e-paga-hoje\/","title":{"rendered":"\u00daltima parcela de agosto do Aux\u00edlio Brasil \u00e9 paga hoje"},"content":{"rendered":"<h3 class=\"col-10 offset-1 animated fadeInDown dealy-900 display-8 display-md-8 alt-font font-italic my-1 text-center\">Benefici\u00e1rios com NIS final 0 recebem valor m\u00ednimo de R$ 600<\/h3>\n<p><a href=\"http:\/\/sindiquimicabr.com.br\/wp\/wp-content\/uploads\/2022\/08\/15.png\"><img decoding=\"async\" loading=\"lazy\" class=\"alignleft size-full wp-image-15673\" src=\"http:\/\/sindiquimicabr.com.br\/wp\/wp-content\/uploads\/2022\/08\/15.png\" alt=\"\" width=\"1162\" height=\"645\" srcset=\"http:\/\/sindiquimicabr.com.br\/wp\/wp-content\/uploads\/2022\/08\/15.png 1162w, http:\/\/sindiquimicabr.com.br\/wp\/wp-content\/uploads\/2022\/08\/15-300x167.png 300w, http:\/\/sindiquimicabr.com.br\/wp\/wp-content\/uploads\/2022\/08\/15-1024x568.png 1024w, http:\/\/sindiquimicabr.com.br\/wp\/wp-content\/uploads\/2022\/08\/15-768x426.png 768w\" sizes=\"(max-width: 1162px) 100vw, 1162px\" \/><\/a><\/p>\n<div class=\"post-item alt-font\">\n<div class=\"post-item-wrap\">\n<p style=\"text-align: justify;\">A Caixa Econ\u00f4mica Federal conclui o pagamento da parcela&nbsp;de agosto&nbsp;do Aux\u00edlio Brasil. Recebem&nbsp;hoje&nbsp;(22) os benefici\u00e1rios com N\u00famero de Inscri\u00e7\u00e3o Social (NIS) de&nbsp;final 0.<img decoding=\"async\" src=\"https:\/\/agenciabrasil.ebc.com.br\/ebc.png?id=1477939&amp;o=node\"><img decoding=\"async\" src=\"https:\/\/agenciabrasil.ebc.com.br\/ebc.gif?id=1477939&amp;o=node\"><\/p>\n<p style=\"text-align: justify;\">Essa \u00e9 a primeira parcela com o valor m\u00ednimo de R$ 600. Conforme <a href=\"https:\/\/agenciabrasil.ebc.com.br\/politica\/noticia\/2022-07\/congresso-promulga-pec-que-aumenta-beneficios-sociais-ate-dezembro\" target=\"_blank\" rel=\"noopener\">emenda constitucional<\/a> promulgada em julho pelo Congresso Nacional, o novo valor&nbsp;valor vigorar\u00e1 at\u00e9 dezembro.<\/p>\n<p style=\"text-align: justify;\">A emenda constitucional tamb\u00e9m liberou a inclus\u00e3o de 2,2 milh\u00f5es de fam\u00edlias no Aux\u00edlio Brasil. Com isso, o total de benefici\u00e1rios atendidos pelo programa subiu&nbsp;para <a href=\"https:\/\/agenciabrasil.ebc.com.br\/economia\/noticia\/2022-08\/auxilio-brasil-chega-202-milhoes-de-beneficiarios-este-mes\" target=\"_blank\" rel=\"noopener\">20,2 milh\u00f5es<\/a>&nbsp;neste m\u00eas.<\/p>\n<p style=\"text-align: justify;\">O benefici\u00e1rio poder\u00e1 consultar informa\u00e7\u00f5es sobre datas de pagamento, valor do benef\u00edcio e composi\u00e7\u00e3o das parcelas em dois aplicativos: Aux\u00edlio Brasil, desenvolvido para o programa social, e Caixa Tem, usado para acompanhar as contas poupan\u00e7a digitais do banco.<\/p>\n<p style=\"text-align: justify;\">Em janeiro, o valor m\u00ednimo do Aux\u00edlio Brasil voltar\u00e1 a R$ 400, a menos que nova proposta de emenda \u00e0 Constitui\u00e7\u00e3o seja aprovada. Tradicionalmente, as datas do Aux\u00edlio Brasil seguem o modelo do Bolsa Fam\u00edlia, que pagava nos dez \u00faltimos dias \u00fateis do m\u00eas. No entanto, <a href=\"https:\/\/agenciabrasil.ebc.com.br\/economia\/noticia\/2020-08\/dou-traz-calendario-de-auxilio-emergencial-para-novos-beneficiarios\" target=\"_blank\" rel=\"noopener\">portaria<\/a> editada no in\u00edcio&nbsp;de agosto&nbsp;antecipou o pagamento da parcela&nbsp;deste m\u00eas para o per\u00edodo de&nbsp;9 a&nbsp;22.<\/p>\n<div class=\"dnd-widget-wrapper context-cheio_8colunas type-image\">\n<div class=\"dnd-atom-rendered\">\n<div class=\"shadow overflow-hidden rounded-lg d-block zoom-on-hover-sm shadow-hover w-100\"><img decoding=\"async\" class=\"flex-fill img-cover\" title=\"Di\u00e1rio Oficial da Uni\u00e3o\" src=\"https:\/\/imagens.ebc.com.br\/HLRKLsC1stg-NHuf6Mmp7NVf9Rk=\/754x0\/smart\/https:\/\/agenciabrasil.ebc.com.br\/sites\/default\/files\/thumbnails\/image\/tabela_auxilio_brasil_agosto.jpg?itok=ewpUQnsC\" alt=\"Calend\u00e1rio de pagamentos do Aux\u00edlio Brasil de R$ 600\"><\/div>\n<\/div>\n<div class=\"dnd-caption-wrapper\">\n<div class=\"meta\"><em>Di\u00e1rio Oficial da Uni\u00e3o<\/em><\/div>\n<\/div>\n<\/div>\n<h2 style=\"text-align: justify;\">&nbsp; Aux\u00edlio G\u00e1s<\/h2>\n<p style=\"text-align: justify;\">O Aux\u00edlio G\u00e1s tamb\u00e9m \u00e9 pago&nbsp;hoje&nbsp;\u00e0s fam\u00edlias inscritas&nbsp;no Cadastro \u00danico para Programas Sociais do Governo Federal (Cad\u00danico), com NIS final 0. Com valor de R$ 110 neste m\u00eas, o benef\u00edcio segue o calend\u00e1rio do Aux\u00edlio Brasil.<\/p>\n<p style=\"text-align: justify;\">Com dura\u00e7\u00e3o prevista de cinco anos, o programa beneficiar\u00e1 5,5 milh\u00f5es de fam\u00edlias&nbsp;at\u00e9 o fim de 2026. O benef\u00edcio, que equivalia a 50% do pre\u00e7o m\u00e9dio do botij\u00e3o de 13 quilos nos \u00faltimos seis meses, foi&nbsp;retomado em agosto com o valor de 100% do pre\u00e7o m\u00e9dio, o que equivale a <a href=\"https:\/\/agenciabrasil.ebc.com.br\/economia\/noticia\/2022-08\/auxilio-gas-sera-de-r-110-em-agosto-informa-caixa\" target=\"_blank\" rel=\"noopener\">R$ 110<\/a>. Esse aumento vigorar\u00e1 at\u00e9 dezembro, conforme emenda constitucional promulgada pelo Congresso.<\/p>\n<p style=\"text-align: justify;\">Pago a cada dois meses, o Aux\u00edlio G\u00e1s originalmente tinha or\u00e7amento de R$ 1,9 bilh\u00e3o para este ano, mas a verba subiu para R$ 2,95 bilh\u00f5es ap\u00f3s a promulga\u00e7\u00e3o da emenda.<\/p>\n<p style=\"text-align: justify;\">S\u00f3 pode fazer parte do programa quem est\u00e1 inclu\u00eddo no Cad\u00danico e tenha pelo menos um membro da fam\u00edlia que receba o Benef\u00edcio de Presta\u00e7\u00e3o Continuada (BPC). A lei que criou o programa definiu que a mulher respons\u00e1vel pela fam\u00edlia&nbsp;ter\u00e1 prefer\u00eancia, assim como mulheres v\u00edtimas de viol\u00eancia&nbsp;dom\u00e9stica.<\/p>\n<h2 style=\"text-align: justify;\">Benef\u00edcios b\u00e1sicos<\/h2>\n<p style=\"text-align: justify;\">O Aux\u00edlio Brasil tem tr\u00eas benef\u00edcios b\u00e1sicos e seis suplementares, que podem ser adicionados caso o benefici\u00e1rio consiga&nbsp;emprego ou tenha filho que se destaque em competi\u00e7\u00f5es esportivas, cient\u00edficas ou&nbsp;acad\u00eamicas.<\/p>\n<p style=\"text-align: justify;\">Podem receber os benef\u00edcios extras as fam\u00edlias com renda <em>per capita<\/em> de at\u00e9 R$ 100, consideradas em situa\u00e7\u00e3o de extrema pobreza, e at\u00e9 R$ 200, em condi\u00e7\u00e3o de pobreza.<\/p>\n<p style=\"text-align: justify;\">A <strong>Ag\u00eancia Brasil<\/strong> elaborou <a href=\"http:\/\/agenciabrasil.ebc.com.br\/economia\/noticia\/2021-11\/agencia-brasil-explica-como-vai-funcionar-o-auxilio-brasil\" target=\"_blank\" rel=\"noopener\">guia de perguntas e respostas<\/a>&nbsp;sobre o Aux\u00edlio Brasil. Entre as d\u00favidas que o benefici\u00e1rio pode tirar est\u00e3o os crit\u00e9rios para integrar o programa social, os nove tipos diferentes de benef\u00edcios e o que aconteceu com o Bolsa Fam\u00edlia e o aux\u00edlio emergencial, que vigoraram at\u00e9 outubro do ano passado.<\/p>\n<\/div>\n<p class=\"alt-font font-italic my-2 small text-info\" style=\"text-align: justify;\">Edi\u00e7\u00e3o: Gra\u00e7a Adjuto<\/p>\n<p>Fonte: <a href=\"https:\/\/agenciabrasil.ebc.com.br\/economia\/noticia\/2022-08\/ultima-parcela-de-agosto-do-auxilio-brasil-e-paga-hoje\">Ag\u00eancia Brasil<\/a><\/p>\n<\/div>\n","protected":false},"excerpt":{"rendered":"<p>Benefici\u00e1rios com NIS final 0 recebem valor m\u00ednimo de R$ 600 A Caixa Econ\u00f4mica Federal conclui o pagamento da parcela&nbsp;de agosto&nbsp;do Aux\u00edlio Brasil. Recebem&nbsp;hoje&nbsp;(22) os benefici\u00e1rios com N\u00famero de Inscri\u00e7\u00e3o Social (NIS) de&nbsp;final 0. Essa \u00e9 a primeira parcela com o valor m\u00ednimo de R$ 600. Conforme emenda constitucional promulgada em julho pelo Congresso Nacional,<a class=\"moretag\" href=\"http:\/\/sindiquimicabr.com.br\/index.php\/2022\/08\/22\/ultima-parcela-de-agosto-do-auxilio-brasil-e-paga-hoje\/\"> [&#8230;]<\/a><\/p>\n","protected":false},"author":2,"featured_media":15673,"comment_status":"closed","ping_status":"closed","sticky":false,"template":"","format":"standard","meta":[],"categories":[10],"tags":[],"_links":{"self":[{"href":"http:\/\/sindiquimicabr.com.br\/index.php\/wp-json\/wp\/v2\/posts\/15672"}],"collection":[{"href":"http:\/\/sindiquimicabr.com.br\/index.php\/wp-json\/wp\/v2\/posts"}],"about":[{"href":"http:\/\/sindiquimicabr.com.br\/index.php\/wp-json\/wp\/v2\/types\/post"}],"author":[{"embeddable":true,"href":"http:\/\/sindiquimicabr.com.br\/index.php\/wp-json\/wp\/v2\/users\/2"}],"replies":[{"embeddable":true,"href":"http:\/\/sindiquimicabr.com.br\/index.php\/wp-json\/wp\/v2\/comments?post=15672"}],"version-history":[{"count":1,"href":"http:\/\/sindiquimicabr.com.br\/index.php\/wp-json\/wp\/v2\/posts\/15672\/revisions"}],"predecessor-version":[{"id":15675,"href":"http:\/\/sindiquimicabr.com.br\/index.php\/wp-json\/wp\/v2\/posts\/15672\/revisions\/15675"}],"wp:featuredmedia":[{"embeddable":true,"href":"http:\/\/sindiquimicabr.com.br\/index.php\/wp-json\/wp\/v2\/media\/15673"}],"wp:attachment":[{"href":"http:\/\/sindiquimicabr.com.br\/index.php\/wp-json\/wp\/v2\/media?parent=15672"}],"wp:term":[{"taxonomy":"category","embeddable":true,"href":"http:\/\/sindiquimicabr.com.br\/index.php\/wp-json\/wp\/v2\/categories?post=15672"},{"taxonomy":"post_tag","embeddable":true,"href":"http:\/\/sindiquimicabr.com.br\/index.php\/wp-json\/wp\/v2\/tags?post=15672"}],"curies":[{"name":"wp","href":"https:\/\/api.w.org\/{rel}","templated":true}]}}