{"id":15802,"date":"2022-09-06T12:46:47","date_gmt":"2022-09-06T12:46:47","guid":{"rendered":"http:\/\/sindiquimicabr.com.br\/?p=15802"},"modified":"2022-09-06T12:46:49","modified_gmt":"2022-09-06T12:46:49","slug":"repescagem-do-auxilio-caminhoneiro-sera-paga-hoje","status":"publish","type":"post","link":"http:\/\/sindiquimicabr.com.br\/index.php\/2022\/09\/06\/repescagem-do-auxilio-caminhoneiro-sera-paga-hoje\/","title":{"rendered":"Repescagem do Aux\u00edlio Caminhoneiro ser\u00e1 paga hoje"},"content":{"rendered":"<h4 class=\"col-10 offset-1 animated fadeInDown dealy-900 display-8 display-md-8 alt-font font-italic my-1 text-center\">Motoristas que se declararam at\u00e9&nbsp;29 de agosto&nbsp;receber\u00e3o R$ 2 mil<\/h4>\n<p><a href=\"http:\/\/sindiquimicabr.com.br\/wp\/wp-content\/uploads\/2022\/09\/20.png\"><img decoding=\"async\" loading=\"lazy\" class=\"alignleft size-full wp-image-15803\" src=\"http:\/\/sindiquimicabr.com.br\/wp\/wp-content\/uploads\/2022\/09\/20.png\" alt=\"\" width=\"1157\" height=\"643\" srcset=\"http:\/\/sindiquimicabr.com.br\/wp\/wp-content\/uploads\/2022\/09\/20.png 1157w, http:\/\/sindiquimicabr.com.br\/wp\/wp-content\/uploads\/2022\/09\/20-300x167.png 300w, http:\/\/sindiquimicabr.com.br\/wp\/wp-content\/uploads\/2022\/09\/20-1024x569.png 1024w, http:\/\/sindiquimicabr.com.br\/wp\/wp-content\/uploads\/2022\/09\/20-768x427.png 768w\" sizes=\"(max-width: 1157px) 100vw, 1157px\" \/><\/a><\/p>\n<div class=\"post-item-wrap\">\n<p style=\"text-align: justify;\">Cerca de 130 mil motoristas de carga aut\u00f4nomos que enviaram a autodeclara\u00e7\u00e3o at\u00e9 as 18h30 de&nbsp;<span id=\"OBJ_PREFIX_DWT228_com_zimbra_date\" role=\"link\">29 de agosto<\/span>&nbsp;recebem&nbsp;<span id=\"OBJ_PREFIX_DWT205_com_zimbra_date\" role=\"link\"><span id=\"OBJ_PREFIX_DWT229_com_zimbra_date\" role=\"link\">hoje<\/span><\/span>&nbsp;(6) a repescagem das duas primeiras parcelas do Aux\u00edlio Caminhoneiro, benef\u00edcio emergencial para repor os efeitos do aumento do diesel neste ano. Como cada parcela equivale a R$ 1 mil, cada caminhoneiro receber\u00e1 R$ 2 mil.<img decoding=\"async\" src=\"https:\/\/agenciabrasil.ebc.com.br\/ebc.png?id=1480810&amp;o=node\"><img decoding=\"async\" src=\"https:\/\/agenciabrasil.ebc.com.br\/ebc.gif?id=1480810&amp;o=node\"><\/p>\n<p style=\"text-align: justify;\">O dinheiro ser\u00e1 depositado nas contas poupan\u00e7a sociais digitais e poder\u00e1 ser movimentado por meio do aplicativo Caixa Tem, que permite a compra em lojas virtuais cadastradas, o pagamento de contas&nbsp;<span id=\"OBJ_PREFIX_DWT206_com_zimbra_date\" role=\"link\"><span id=\"OBJ_PREFIX_DWT230_com_zimbra_date\" role=\"link\">dom<\/span><\/span>\u00e9sticas e a transfer\u00eancia para qualquer conta banc\u00e1ria.<\/p>\n<p style=\"text-align: justify;\">Criado pela <a href=\"https:\/\/agenciabrasil.ebc.com.br\/politica\/noticia\/2022-07\/congresso-promulga-pec-que-aumenta-beneficios-sociais-ate-dezembro\" target=\"_blank\" rel=\"noopener\">emenda constitucional<\/a> que criou estado de emerg\u00eancia por causa da alta do pre\u00e7o dos combust\u00edveis, o Aux\u00edlio Caminhoneiro ser\u00e1 pago at\u00e9 dezembro. A emenda elevou benef\u00edcios sociais e instituiu aux\u00edlios emergenciais at\u00e9 o fim do ano.<\/p>\n<h3 style=\"text-align: justify;\">Autodeclara\u00e7\u00e3o<\/h3>\n<p style=\"text-align: justify;\">Diferentemente do Aux\u00edlio Taxista, em que o cadastro \u00e9 feito unicamente pelas prefeituras, o Aux\u00edlio Caminhoneiro conta com um portal para o caminhoneiro pedir o benef\u00edcio. Desde&nbsp;<span id=\"OBJ_PREFIX_DWT208_com_zimbra_date\" role=\"link\"><span id=\"OBJ_PREFIX_DWT232_com_zimbra_date\" role=\"link\">15 de agosto<\/span><\/span>, os transportadores aut\u00f4nomos de carga (TAC) podem fazer a Autodeclara\u00e7\u00e3o do Termo de Registro para receber o BEm Caminhoneiro-TAC.<\/p>\n<p style=\"text-align: justify;\">Na semana passada, o Minist\u00e9rio do Trabalho e Previd\u00eancia prorrogou o <a href=\"https:\/\/agenciabrasil.ebc.com.br\/economia\/noticia\/2022-09\/prazo-para-autodeclaracao-de-caminhoneiros-e-prorrogado-para-dia-12\" target=\"_blank\" rel=\"noopener\">prazo de entrega da autodeclara\u00e7\u00e3o<\/a> at\u00e9&nbsp;<span id=\"OBJ_PREFIX_DWT209_com_zimbra_date\" role=\"link\"><span id=\"OBJ_PREFIX_DWT233_com_zimbra_date\" role=\"link\">12 de setembro<\/span><\/span>. Dessa forma, quem fizer o procedimento entre as 18h30 de&nbsp;<span id=\"OBJ_PREFIX_DWT211_com_zimbra_date\" role=\"link\"><span id=\"OBJ_PREFIX_DWT235_com_zimbra_date\" role=\"link\">29 de agosto<\/span><\/span>&nbsp;at\u00e9&nbsp;<span id=\"OBJ_PREFIX_DWT212_com_zimbra_date\" role=\"link\"><span id=\"OBJ_PREFIX_DWT236_com_zimbra_date\" role=\"link\">12 de setembro<\/span><\/span>&nbsp;receber\u00e1 a primeira, a&nbsp;<span id=\"OBJ_PREFIX_DWT237_com_zimbra_date\" role=\"link\">segunda<\/span>&nbsp;e a terceira parcelas em&nbsp;<span id=\"OBJ_PREFIX_DWT213_com_zimbra_date\" role=\"link\"><span id=\"OBJ_PREFIX_DWT238_com_zimbra_date\" role=\"link\">24 de setembro<\/span><\/span>. Quem tinha acesso ao benef\u00edcio receber\u00e1 normalmente a terceira parcela na data.<\/p>\n<p style=\"text-align: justify;\">A autodeclara\u00e7\u00e3o pode ser feita pelo<a href=\"https:\/\/servicos.mte.gov.br\/spme-v2\/#\/login\" target=\"_blank\" rel=\"noopener\"> Portal Emprega Brasil<\/a>&nbsp;ou pelo aplicativo da Carteira de Trabalho Digital. Ap\u00f3s o prazo, os caminhoneiros somente&nbsp;<span id=\"OBJ_PREFIX_DWT215_com_zimbra_date\" role=\"link\"><span id=\"OBJ_PREFIX_DWT240_com_zimbra_date\" role=\"link\">ter<\/span><\/span>\u00e3o direito a receber o benef\u00edcio a partir do m\u00eas do envio dos dados, desde que atendidos os demais requisitos legais. Nesse caso, n\u00e3o ser\u00e1 feito o pagamento retroativo.<\/p>\n<h3 style=\"text-align: justify;\">Quem tem direito<\/h3>\n<p style=\"text-align: justify;\"><span role=\"link\">Ter<\/span>\u00e3o direito ao benef\u00edcio os transportadores de carga aut\u00f4nomos cadastrados no Registro Nacional de Transportadores Rodovi\u00e1rios de Cargas (RNTR-C) da Ag\u00eancia Nacional de Transportes Terrestres (ANTT) at\u00e9&nbsp;<span id=\"OBJ_PREFIX_DWT216_com_zimbra_date\" role=\"link\"><span id=\"OBJ_PREFIX_DWT242_com_zimbra_date\" role=\"link\">31 de maio<\/span><\/span>&nbsp;deste ano. Os profissionais dever\u00e3o estar com a Carteira Nacional de Habilita\u00e7\u00e3o (CNH) e o CPF v\u00e1lidos, entre outras exig\u00eancias.<\/p>\n<p style=\"text-align: justify;\">Tamb\u00e9m chamado de Benef\u00edcio Emergencial Caminhoneiro (BEm-Caminhoneiro), o aux\u00edlio ser\u00e1 pago a cada transportador aut\u00f4nomo, independentemente da quantidade de ve\u00edculos que possuir. O pagamento do BEm-Caminhoneiro vai ser revisado mensalmente. Para os pr\u00f3ximos lotes de pagamento, a ANTT vai encaminhar ao Minist\u00e9rio do Trabalho e Previd\u00eancia a rela\u00e7\u00e3o dos transportadores aut\u00f4nomos de cargas que estiverem na situa\u00e7\u00e3o &#8220;ativo\u201d no RNTR-C.<\/p>\n<h3 style=\"text-align: justify;\">Aux\u00edlio Taxista<\/h3>\n<p style=\"text-align: justify;\">No \u00faltimo dia 30, os taxistas receberam a repescagem do benef\u00edcio emergencial para a categoria. Eles tamb\u00e9m ganharam as duas parcelas do benef\u00edcio (julho e agosto), de at\u00e9 R$ 1 mil cada uma. A terceira parcela ser\u00e1 paga em&nbsp;<span id=\"OBJ_PREFIX_DWT217_com_zimbra_date\" role=\"link\"><span id=\"OBJ_PREFIX_DWT243_com_zimbra_date\" role=\"link\">24 de setembro<\/span><\/span>.<\/p>\n<p style=\"text-align: justify;\"><span role=\"link\">Ter<\/span>\u00e3o direito ao benef\u00edcio os motoristas de t\u00e1xi registrados nas prefeituras, titulares de concess\u00f5es ou alvar\u00e1s expedido at\u00e9&nbsp;<span id=\"OBJ_PREFIX_DWT218_com_zimbra_date\" role=\"link\"><span id=\"OBJ_PREFIX_DWT245_com_zimbra_date\" role=\"link\">31 de maio<\/span><\/span>. N\u00e3o ser\u00e1 necess\u00e1ria qualquer a\u00e7\u00e3o por parte dos taxistas. Em caso de d\u00favidas, o motorista deve entrar em contato com a prefeitura para verificar o cadastro municipal. A presta\u00e7\u00e3o das informa\u00e7\u00f5es caber\u00e1 inteiramente \u00e0s prefeituras (ou ao governo do Distrito Federal, no caso da capital federal).<\/p>\n<h3 style=\"text-align: justify;\">Calend\u00e1rio do Aux\u00edlio Caminhoneiro 2022<\/h3>\n<table cellspacing=\"0\" cellpadding=\"0\" border=\"1\">\n<tbody>\n<tr>\n<td>Parcela<\/td>\n<td>Data de pagamento<\/td>\n<td>Cadastro ativo ou autodeclara\u00e7\u00e3o<\/td>\n<\/tr>\n<tr>\n<td>Julho e agosto<\/td>\n<td>9\/8 (valor em dobro)<\/td>\n<td>at\u00e9 22\/7<\/td>\n<\/tr>\n<tr>\n<td>Julho e agosto (repescagem)<\/td>\n<td>6\/9 (valor em dobro)<\/td>\n<td>at\u00e9 29\/8<\/td>\n<\/tr>\n<tr>\n<td>Julho, agosto e setembro (repescagem e terceira parcela)<\/td>\n<td>24\/9 (valor triplo ou apenas da terceira parcela)<\/td>\n<td>at\u00e9 12\/9<\/td>\n<\/tr>\n<tr>\n<td>Outubro<\/td>\n<td>22\/10<\/td>\n<td>at\u00e9 9\/10<\/td>\n<\/tr>\n<tr>\n<td>Novembro<\/td>\n<td>26\/11<\/td>\n<td>at\u00e9 13\/11<\/td>\n<\/tr>\n<tr>\n<td>Dezembro<\/td>\n<td>17\/12<\/td>\n<td>at\u00e9 4\/12<\/td>\n<\/tr>\n<\/tbody>\n<\/table>\n<p style=\"text-align: justify;\">\n<h3 style=\"text-align: justify;\">Calend\u00e1rio do Aux\u00edlio Taxista 2022<\/h3>\n<table cellspacing=\"0\" cellpadding=\"0\" border=\"1\">\n<tbody>\n<tr>\n<td>Parcela<\/td>\n<td>Data de pagamento<\/td>\n<\/tr>\n<tr>\n<td>1\u00aa e 2\u00aa parcelas<\/td>\n<td>16\/8<\/td>\n<\/tr>\n<tr>\n<td>1\u00aa e 2\u00aa parcelas (repescagem)<\/td>\n<td>30\/8<\/td>\n<\/tr>\n<tr>\n<td>3\u00aa parcela<\/td>\n<td>24\/9<\/td>\n<\/tr>\n<tr>\n<td>4\u00aa parcela<\/td>\n<td>22\/10<\/td>\n<\/tr>\n<tr>\n<td>5\u00aa parcela<\/td>\n<td>26\/11<\/td>\n<\/tr>\n<tr>\n<td>6\u00aa parcela<\/td>\n<td>17\/12<\/td>\n<\/tr>\n<\/tbody>\n<\/table>\n<p style=\"text-align: justify;\">Fonte: Caixa Econ\u00f4mica Federal<\/p>\n<p>Fonte: <a href=\"https:\/\/agenciabrasil.ebc.com.br\/economia\/noticia\/2022-09\/repescagem-do-auxilio-caminhoneiro-sera-paga-hoje\">Ag\u00eancia Brasil<\/a><\/p>\n<\/div>\n","protected":false},"excerpt":{"rendered":"<p>Motoristas que se declararam at\u00e9&nbsp;29 de agosto&nbsp;receber\u00e3o R$ 2 mil Cerca de 130 mil motoristas de carga aut\u00f4nomos que enviaram a autodeclara\u00e7\u00e3o at\u00e9 as 18h30 de&nbsp;29 de agosto&nbsp;recebem&nbsp;hoje&nbsp;(6) a repescagem das duas primeiras parcelas do Aux\u00edlio Caminhoneiro, benef\u00edcio emergencial para repor os efeitos do aumento do diesel neste ano. Como cada parcela equivale a R$<a class=\"moretag\" href=\"http:\/\/sindiquimicabr.com.br\/index.php\/2022\/09\/06\/repescagem-do-auxilio-caminhoneiro-sera-paga-hoje\/\"> [&#8230;]<\/a><\/p>\n","protected":false},"author":2,"featured_media":15803,"comment_status":"closed","ping_status":"closed","sticky":false,"template":"","format":"standard","meta":[],"categories":[10],"tags":[],"_links":{"self":[{"href":"http:\/\/sindiquimicabr.com.br\/index.php\/wp-json\/wp\/v2\/posts\/15802"}],"collection":[{"href":"http:\/\/sindiquimicabr.com.br\/index.php\/wp-json\/wp\/v2\/posts"}],"about":[{"href":"http:\/\/sindiquimicabr.com.br\/index.php\/wp-json\/wp\/v2\/types\/post"}],"author":[{"embeddable":true,"href":"http:\/\/sindiquimicabr.com.br\/index.php\/wp-json\/wp\/v2\/users\/2"}],"replies":[{"embeddable":true,"href":"http:\/\/sindiquimicabr.com.br\/index.php\/wp-json\/wp\/v2\/comments?post=15802"}],"version-history":[{"count":1,"href":"http:\/\/sindiquimicabr.com.br\/index.php\/wp-json\/wp\/v2\/posts\/15802\/revisions"}],"predecessor-version":[{"id":15805,"href":"http:\/\/sindiquimicabr.com.br\/index.php\/wp-json\/wp\/v2\/posts\/15802\/revisions\/15805"}],"wp:featuredmedia":[{"embeddable":true,"href":"http:\/\/sindiquimicabr.com.br\/index.php\/wp-json\/wp\/v2\/media\/15803"}],"wp:attachment":[{"href":"http:\/\/sindiquimicabr.com.br\/index.php\/wp-json\/wp\/v2\/media?parent=15802"}],"wp:term":[{"taxonomy":"category","embeddable":true,"href":"http:\/\/sindiquimicabr.com.br\/index.php\/wp-json\/wp\/v2\/categories?post=15802"},{"taxonomy":"post_tag","embeddable":true,"href":"http:\/\/sindiquimicabr.com.br\/index.php\/wp-json\/wp\/v2\/tags?post=15802"}],"curies":[{"name":"wp","href":"https:\/\/api.w.org\/{rel}","templated":true}]}}