{"id":15838,"date":"2022-09-13T11:19:54","date_gmt":"2022-09-13T11:19:54","guid":{"rendered":"http:\/\/sindiquimicabr.com.br\/?p=15838"},"modified":"2022-09-13T11:19:55","modified_gmt":"2022-09-13T11:19:55","slug":"projeto-propoe-seguro-desemprego-para-quem-esta-no-limbo-do-inss","status":"publish","type":"post","link":"http:\/\/sindiquimicabr.com.br\/index.php\/2022\/09\/13\/projeto-propoe-seguro-desemprego-para-quem-esta-no-limbo-do-inss\/","title":{"rendered":"Projeto prop\u00f5e seguro-desemprego para quem est\u00e1 no limbo do INSS"},"content":{"rendered":"<h4 class=\"post-subtitle\">Proposta encontra-se em an\u00e1lise nas comiss\u00f5es da C\u00e2mara<\/h4>\n<p><a href=\"http:\/\/sindiquimicabr.com.br\/wp\/wp-content\/uploads\/2022\/09\/Projeto-propoe-seguro-desemprego-para-quem-esta-no-limbo-do-INSS.jpg\"><img decoding=\"async\" loading=\"lazy\" class=\"alignleft size-full wp-image-15839\" src=\"http:\/\/sindiquimicabr.com.br\/wp\/wp-content\/uploads\/2022\/09\/Projeto-propoe-seguro-desemprego-para-quem-esta-no-limbo-do-INSS.jpg\" alt=\"\" width=\"1200\" height=\"797\" srcset=\"http:\/\/sindiquimicabr.com.br\/wp\/wp-content\/uploads\/2022\/09\/Projeto-propoe-seguro-desemprego-para-quem-esta-no-limbo-do-INSS.jpg 1200w, http:\/\/sindiquimicabr.com.br\/wp\/wp-content\/uploads\/2022\/09\/Projeto-propoe-seguro-desemprego-para-quem-esta-no-limbo-do-INSS-300x199.jpg 300w, http:\/\/sindiquimicabr.com.br\/wp\/wp-content\/uploads\/2022\/09\/Projeto-propoe-seguro-desemprego-para-quem-esta-no-limbo-do-INSS-1024x680.jpg 1024w, http:\/\/sindiquimicabr.com.br\/wp\/wp-content\/uploads\/2022\/09\/Projeto-propoe-seguro-desemprego-para-quem-esta-no-limbo-do-INSS-768x510.jpg 768w, http:\/\/sindiquimicabr.com.br\/wp\/wp-content\/uploads\/2022\/09\/Projeto-propoe-seguro-desemprego-para-quem-esta-no-limbo-do-INSS-272x182.jpg 272w\" sizes=\"(max-width: 1200px) 100vw, 1200px\" \/><\/a><\/p>\n<p>Encontra-se nas comiss\u00f5es da C\u00e2mara dos Deputados, o Projeto de Lei 2041\/22 que garante seguro-desemprego ao trabalhador que esteja no limbo previdenci\u00e1rio.<\/p>\n<p>O <a href=\"https:\/\/www.jornalcontabil.com.br\/saiba-como-solicitar-o-seguro-desemprego-de-4-formas-diferentes\/\" target=\"_blank\" rel=\"noreferrer noopener\">seguro-desemprego<\/a> \u00e9 um benef\u00edcio pago temporariamente ao trabalhador com carteira assinada que foi mandado embora sem justa causa.<\/p>\n<h4 id=\"h-o-que-e-o-limbo-previdenciario\">O que \u00e9 o limbo previdenci\u00e1rio?<\/h4>\n<p>Entende-se por<a href=\"https:\/\/www.jornalcontabil.com.br\/estou-no-limbo-previdenciario-vou-ficar-sem-receber\/\" target=\"_blank\" rel=\"noreferrer noopener\"> limbo previdenci\u00e1rio<\/a>, o per\u00edodo em que o m\u00e9dico do INSS decide que o trabalhador est\u00e1 apto para retornar para a atividade laboral, por\u00e9m o m\u00e9dico da empresa declara a inaptid\u00e3o atrav\u00e9s do Atestado de Sa\u00fade.<\/p>\n<p>Neste contexto, o trabalhador fica nesse impasse que ocorre entre as duas organiza\u00e7\u00f5es e o deixa em um \u201climbo\u201d. Como consequ\u00eancia, fica sem receber benef\u00edcio do INSS e sem sal\u00e1rio. Uma vez que a empresa n\u00e3o quer pagar o sal\u00e1rio para um trabalhador que n\u00e3o pode prestar seus servi\u00e7os normalmente.<\/p>\n<h4 id=\"h-proposta-do-projeto-de-lei\">Proposta do Projeto de Lei<\/h4>\n<p data-fetch=\"true\">De acordo com o texto do PL, a proposta \u00e9 que o benefici\u00e1rio possa receber at\u00e9 cinco parcelas mensais do seguro-desemprego.<\/p>\n<p>Segundo o deputado Eduardo Bismarck, o objetivo \u00e9 evitar a judicializa\u00e7\u00e3o.<\/p>\n<p>Se for aprovada, a proposta altera a lei que regula o Programa do Seguro-Desemprego (Lei 7.998\/90). Esta \u00faltima lei \u00e9 um benef\u00edcio tempor\u00e1rio que visa promover assist\u00eancia financeira ao trabalhador em virtude de dispensa sem justa causa.<\/p>\n<p>Mais ainda, a lei d\u00e1 direito a receber o seguro-desemprego, o trabalhador dispensado sem justa causa que comprove ter recebido sal\u00e1rios de pessoa jur\u00eddica ou de pessoa f\u00edsica a ela equiparada.<\/p>\n<p>Com rela\u00e7\u00e3o ao PL 2041\/22, ainda ser\u00e1 analisada em car\u00e1ter conclusivo pelas comiss\u00f5es de Seguridade Social e Fam\u00edlia; de Trabalho, de Administra\u00e7\u00e3o e Servi\u00e7o P\u00fablico; de Finan\u00e7as e Tributa\u00e7\u00e3o; e de Constitui\u00e7\u00e3o e Justi\u00e7a e de Cidadania.<\/p>\n<p>Por estar em car\u00e1ter conclusivo, se n\u00e3o houver diverg\u00eancias entre as comiss\u00f5es, o Projeto n\u00e3o precisa ser deliberado pelo Plen\u00e1rio.<\/p>\n<p>Fonte: <a href=\"https:\/\/www.jornalcontabil.com.br\/projeto-propoe-seguro-desemprego-para-quem-estiver-no-limbo-do-inss\/\" target=\"_blank\" rel=\"noopener\">Jornal Cont\u00e1bil<\/a><\/p>\n","protected":false},"excerpt":{"rendered":"<p>Proposta encontra-se em an\u00e1lise nas comiss\u00f5es da C\u00e2mara Encontra-se nas comiss\u00f5es da C\u00e2mara dos Deputados, o Projeto de Lei 2041\/22 que garante seguro-desemprego ao trabalhador que esteja no limbo previdenci\u00e1rio. O seguro-desemprego \u00e9 um benef\u00edcio pago temporariamente ao trabalhador com carteira assinada que foi mandado embora sem justa causa. O que \u00e9 o limbo previdenci\u00e1rio?<a class=\"moretag\" href=\"http:\/\/sindiquimicabr.com.br\/index.php\/2022\/09\/13\/projeto-propoe-seguro-desemprego-para-quem-esta-no-limbo-do-inss\/\"> [&#8230;]<\/a><\/p>\n","protected":false},"author":2,"featured_media":15839,"comment_status":"closed","ping_status":"closed","sticky":false,"template":"","format":"standard","meta":[],"categories":[2],"tags":[],"_links":{"self":[{"href":"http:\/\/sindiquimicabr.com.br\/index.php\/wp-json\/wp\/v2\/posts\/15838"}],"collection":[{"href":"http:\/\/sindiquimicabr.com.br\/index.php\/wp-json\/wp\/v2\/posts"}],"about":[{"href":"http:\/\/sindiquimicabr.com.br\/index.php\/wp-json\/wp\/v2\/types\/post"}],"author":[{"embeddable":true,"href":"http:\/\/sindiquimicabr.com.br\/index.php\/wp-json\/wp\/v2\/users\/2"}],"replies":[{"embeddable":true,"href":"http:\/\/sindiquimicabr.com.br\/index.php\/wp-json\/wp\/v2\/comments?post=15838"}],"version-history":[{"count":1,"href":"http:\/\/sindiquimicabr.com.br\/index.php\/wp-json\/wp\/v2\/posts\/15838\/revisions"}],"predecessor-version":[{"id":15840,"href":"http:\/\/sindiquimicabr.com.br\/index.php\/wp-json\/wp\/v2\/posts\/15838\/revisions\/15840"}],"wp:featuredmedia":[{"embeddable":true,"href":"http:\/\/sindiquimicabr.com.br\/index.php\/wp-json\/wp\/v2\/media\/15839"}],"wp:attachment":[{"href":"http:\/\/sindiquimicabr.com.br\/index.php\/wp-json\/wp\/v2\/media?parent=15838"}],"wp:term":[{"taxonomy":"category","embeddable":true,"href":"http:\/\/sindiquimicabr.com.br\/index.php\/wp-json\/wp\/v2\/categories?post=15838"},{"taxonomy":"post_tag","embeddable":true,"href":"http:\/\/sindiquimicabr.com.br\/index.php\/wp-json\/wp\/v2\/tags?post=15838"}],"curies":[{"name":"wp","href":"https:\/\/api.w.org\/{rel}","templated":true}]}}