{"id":15841,"date":"2022-09-13T11:20:34","date_gmt":"2022-09-13T11:20:34","guid":{"rendered":"http:\/\/sindiquimicabr.com.br\/?p=15841"},"modified":"2022-09-20T12:10:39","modified_gmt":"2022-09-20T12:10:39","slug":"4-direitos-que-os-aposentados-por-invalidez-possuem","status":"publish","type":"post","link":"http:\/\/sindiquimicabr.com.br\/index.php\/2022\/09\/13\/4-direitos-que-os-aposentados-por-invalidez-possuem\/","title":{"rendered":"4 direitos que os aposentados por invalidez possuem"},"content":{"rendered":"<h4 class=\"post-subtitle\">Conhe\u00e7a os principais direitos que os aposentados por invalidez possuem e muitas vezes desconhecem<\/h4>\n<p><a href=\"http:\/\/sindiquimicabr.com.br\/wp\/wp-content\/uploads\/2022\/09\/4-direitos-que-os-aposentados-por-invalidez-possuem.jpg\"><img decoding=\"async\" loading=\"lazy\" class=\"alignleft size-full wp-image-15842\" src=\"http:\/\/sindiquimicabr.com.br\/wp\/wp-content\/uploads\/2022\/09\/4-direitos-que-os-aposentados-por-invalidez-possuem.jpg\" alt=\"\" width=\"1200\" height=\"700\" srcset=\"http:\/\/sindiquimicabr.com.br\/wp\/wp-content\/uploads\/2022\/09\/4-direitos-que-os-aposentados-por-invalidez-possuem.jpg 1200w, http:\/\/sindiquimicabr.com.br\/wp\/wp-content\/uploads\/2022\/09\/4-direitos-que-os-aposentados-por-invalidez-possuem-300x175.jpg 300w, http:\/\/sindiquimicabr.com.br\/wp\/wp-content\/uploads\/2022\/09\/4-direitos-que-os-aposentados-por-invalidez-possuem-1024x597.jpg 1024w, http:\/\/sindiquimicabr.com.br\/wp\/wp-content\/uploads\/2022\/09\/4-direitos-que-os-aposentados-por-invalidez-possuem-768x448.jpg 768w\" sizes=\"(max-width: 1200px) 100vw, 1200px\" \/><\/a><\/p>\n<p>Muitos acreditam que o \u00fanico direito dos aposentados \u00e9 o recebimento mensal de sua aposentadoria. No entanto, \u00e9 poss\u00edvel garantir outros direitos extremamente importantes.<\/p>\n<p>No caso dos segurados do INSS que conseguiram a aposentadoria, em especial os aposentados por invalidez podem pleitear outros direitos que s\u00e3o t\u00e3o importantes quanto a sua aposentadoria.<\/p>\n<p>Como os aposentados por invalidez se encontram em situa\u00e7\u00e3o de maior vulnerabilidade \u00e9 muito importante conhecer seus respectivos benef\u00edcios que conheceremos a partir de agora!<\/p>\n<h4 id=\"h-4-direitos-dos-aposentados-por-invalidez\"><strong>4 direitos dos aposentados por invalidez<\/strong><\/h4>\n<p>\u00c9 importante estar ciente de que a aposentadoria por invalidez \u00e9 destinada aos trabalhadores permanentemente incapazes ou que n\u00e3o podem ser reabilitados em outra profiss\u00e3o.<\/p>\n<p data-fetch=\"true\">Dessa forma, os direitos que apresentaremos a seguir podem ser extremamente importantes para melhora na qualidade de vida dos mesmos, confira:<\/p>\n<h4 id=\"h-adicional-de-25-no-valor-da-aposentadoria\"><strong>Adicional de 25% no valor da aposentadoria<\/strong><\/h4>\n<p>Os segurados que se aposentam por invalidez podem garantir um acr\u00e9scimo de 25% no valor do seu benef\u00edcio mensal. Esse adicional \u00e9 destinado aos segurados que precisam, comprovadamente, de aux\u00edlio de terceiros para realizar as tarefas b\u00e1sicas do dia a dia.<\/p>\n<p>Para garantir o direito ao adicional de 25% \u00e9 necess\u00e1rio comprovar a depend\u00eancia de terceiros para realizar as tarefas b\u00e1sicas atrav\u00e9s de laudos e avalia\u00e7\u00f5es m\u00e9dicas.<\/p>\n<p>Confira a seguir alguns casos que podem se enquadrar nos requisitos para receber o adicional de 25% no valor da aposentadoria por invalidez:<\/p>\n<ul>\n<li>Cegueira total;<\/li>\n<li>Paralisia dos dois bra\u00e7os ou pernas;<\/li>\n<li>Perda de nove ou mais dedos das m\u00e3os;<\/li>\n<li>Altera\u00e7\u00f5es mentais que impossibilitem ou comprometam a tomada de decis\u00f5es;<\/li>\n<li>Perda de membros, sem a possibilidade do uso de pr\u00f3tese (bra\u00e7os e\/ou pernas).<\/li>\n<\/ul>\n<h4 id=\"h-isencao-de-impostos\"><strong>Isen\u00e7\u00e3o de Impostos<\/strong><\/h4>\n<p>Os aposentados por invalidez que possuem algum tipo de defici\u00eancia ou determinado tipo de doen\u00e7a, podem solicitar a isen\u00e7\u00e3o ou redu\u00e7\u00e3o de alguns dos principais impostos nacionais.<\/p>\n<p>Os aposentados podem conseguir isen\u00e7\u00e3o de ICMS e IPI, cobrados na compra de um ve\u00edculo zero km, e ainda, a isen\u00e7\u00e3o de pagamento anual do IPVA.<\/p>\n<p>Dependendo da doen\u00e7a, os aposentados por invalidez tamb\u00e9m podem pedir a isen\u00e7\u00e3o do Imposto de Renda. Confira as doen\u00e7as previstas em lei que podem garantir a isen\u00e7\u00e3o:<\/p>\n<ul>\n<li>Aliena\u00e7\u00e3o mental;<\/li>\n<li>AIDS;<\/li>\n<li>Cegueira;<\/li>\n<li>Cardiopatia grave;<\/li>\n<li>Doen\u00e7a de Parkinson;<\/li>\n<li>Esclerose m\u00faltipla;<\/li>\n<li>Estados avan\u00e7ados da doen\u00e7a de Paget;<\/li>\n<li>Nefropatia grave;<\/li>\n<li>Hansen\u00edase;<\/li>\n<li>Hepatopatia grave;<\/li>\n<li>Neoplasia maligna;<\/li>\n<li>Paralisia irrevers\u00edvel e incapacitante<\/li>\n<li>Tuberculose ativa.<\/li>\n<\/ul>\n<h4 id=\"h-quitacao-de-financiamento-de-imovel\"><strong>Quita\u00e7\u00e3o de financiamento de im\u00f3vel<\/strong><\/h4>\n<p data-fetch=\"true\">Na maioria dos contratos de financiamento de im\u00f3vel, o aposentado por invalidez pode solicitar a quita\u00e7\u00e3o de im\u00f3vel financiado em institui\u00e7\u00e3o p\u00fablica ou privada.<\/p>\n<p>Para pleitear esse direito, \u00e9 necess\u00e1rio aten\u00e7\u00e3o, pois, esse direito ocorre atrav\u00e9s dos seguros que tamb\u00e9m s\u00e3o inclu\u00eddos durante o financiamento do im\u00f3vel e que muitas vezes o cidad\u00e3o nem sabe que tem.<\/p>\n<p>Dessa forma, ser\u00e1 necess\u00e1rio identificar no contrato de financiamento a exist\u00eancia de cl\u00e1usula de seguro no contrato, e se o mesmo garante a quita\u00e7\u00e3o do financiamento em caso de invalidez.<\/p>\n<p>Caso o segurado tenha esta cl\u00e1usula que garante a quita\u00e7\u00e3o por invalidez, \u00e9 necess\u00e1rio correr contra o tempo, pois, conforme prev\u00ea o C\u00f3digo Civil, o prazo prescricional desse seguro \u00e9 de um ano.<\/p>\n<h4 id=\"h-saque-do-fgts\"><strong>Saque do FGTS<\/strong><\/h4>\n<p>Por fim, outro direito garantido aos aposentados por invalidez \u00e9 a possibilidade de sacar todo o saldo que possuem nas contas do Fundo de Garantia do Tempo de Servi\u00e7o (FGTS).<\/p>\n<p>Fonte: <a href=\"https:\/\/www.jornalcontabil.com.br\/4-direitos-que-os-aposentados-por-invalidez-possuem\/\" target=\"_blank\" rel=\"noopener\">Jornal cont\u00e1bil<\/a><\/p>\n","protected":false},"excerpt":{"rendered":"<p>Conhe\u00e7a os principais direitos que os aposentados por invalidez possuem e muitas vezes desconhecem Muitos acreditam que o \u00fanico direito dos aposentados \u00e9 o recebimento mensal de sua aposentadoria. No entanto, \u00e9 poss\u00edvel garantir outros direitos extremamente importantes. No caso dos segurados do INSS que conseguiram a aposentadoria, em especial os aposentados por invalidez podem<a class=\"moretag\" href=\"http:\/\/sindiquimicabr.com.br\/index.php\/2022\/09\/13\/4-direitos-que-os-aposentados-por-invalidez-possuem\/\"> [&#8230;]<\/a><\/p>\n","protected":false},"author":2,"featured_media":15842,"comment_status":"closed","ping_status":"closed","sticky":false,"template":"","format":"standard","meta":[],"categories":[10],"tags":[],"_links":{"self":[{"href":"http:\/\/sindiquimicabr.com.br\/index.php\/wp-json\/wp\/v2\/posts\/15841"}],"collection":[{"href":"http:\/\/sindiquimicabr.com.br\/index.php\/wp-json\/wp\/v2\/posts"}],"about":[{"href":"http:\/\/sindiquimicabr.com.br\/index.php\/wp-json\/wp\/v2\/types\/post"}],"author":[{"embeddable":true,"href":"http:\/\/sindiquimicabr.com.br\/index.php\/wp-json\/wp\/v2\/users\/2"}],"replies":[{"embeddable":true,"href":"http:\/\/sindiquimicabr.com.br\/index.php\/wp-json\/wp\/v2\/comments?post=15841"}],"version-history":[{"count":1,"href":"http:\/\/sindiquimicabr.com.br\/index.php\/wp-json\/wp\/v2\/posts\/15841\/revisions"}],"predecessor-version":[{"id":15843,"href":"http:\/\/sindiquimicabr.com.br\/index.php\/wp-json\/wp\/v2\/posts\/15841\/revisions\/15843"}],"wp:featuredmedia":[{"embeddable":true,"href":"http:\/\/sindiquimicabr.com.br\/index.php\/wp-json\/wp\/v2\/media\/15842"}],"wp:attachment":[{"href":"http:\/\/sindiquimicabr.com.br\/index.php\/wp-json\/wp\/v2\/media?parent=15841"}],"wp:term":[{"taxonomy":"category","embeddable":true,"href":"http:\/\/sindiquimicabr.com.br\/index.php\/wp-json\/wp\/v2\/categories?post=15841"},{"taxonomy":"post_tag","embeddable":true,"href":"http:\/\/sindiquimicabr.com.br\/index.php\/wp-json\/wp\/v2\/tags?post=15841"}],"curies":[{"name":"wp","href":"https:\/\/api.w.org\/{rel}","templated":true}]}}