{"id":15865,"date":"2022-09-08T16:27:06","date_gmt":"2022-09-08T16:27:06","guid":{"rendered":"http:\/\/sindiquimicabr.com.br\/?p=15865"},"modified":"2022-09-08T16:27:39","modified_gmt":"2022-09-08T16:27:39","slug":"eleitores-terao-mais-tempo-para-conferir-voto-na-urna-eletronica","status":"publish","type":"post","link":"http:\/\/sindiquimicabr.com.br\/index.php\/2022\/09\/08\/eleitores-terao-mais-tempo-para-conferir-voto-na-urna-eletronica\/","title":{"rendered":"Eleitores ter\u00e3o mais tempo para conferir voto na urna eletr\u00f4nica"},"content":{"rendered":"<h4 class=\"col-10 offset-1 animated fadeInDown dealy-900 display-8 display-md-8 alt-font font-italic my-1 text-center\">Som confirmar\u00e1 voto ap\u00f3s escolha de cada candidato<\/h4>\n<div id=\"attachment_15866\" style=\"width: 1180px\" class=\"wp-caption alignleft\"><a href=\"http:\/\/sindiquimicabr.com.br\/wp\/wp-content\/uploads\/2022\/09\/Eleitores-terao-mais-tempo-para-conferir-voto-na-urna-eletronica.jpg\"><img aria-describedby=\"caption-attachment-15866\" decoding=\"async\" loading=\"lazy\" class=\"size-full wp-image-15866\" src=\"http:\/\/sindiquimicabr.com.br\/wp\/wp-content\/uploads\/2022\/09\/Eleitores-terao-mais-tempo-para-conferir-voto-na-urna-eletronica.jpg\" alt=\"\" width=\"1170\" height=\"700\" srcset=\"http:\/\/sindiquimicabr.com.br\/wp\/wp-content\/uploads\/2022\/09\/Eleitores-terao-mais-tempo-para-conferir-voto-na-urna-eletronica.jpg 1170w, http:\/\/sindiquimicabr.com.br\/wp\/wp-content\/uploads\/2022\/09\/Eleitores-terao-mais-tempo-para-conferir-voto-na-urna-eletronica-300x179.jpg 300w, http:\/\/sindiquimicabr.com.br\/wp\/wp-content\/uploads\/2022\/09\/Eleitores-terao-mais-tempo-para-conferir-voto-na-urna-eletronica-1024x613.jpg 1024w, http:\/\/sindiquimicabr.com.br\/wp\/wp-content\/uploads\/2022\/09\/Eleitores-terao-mais-tempo-para-conferir-voto-na-urna-eletronica-768x459.jpg 768w\" sizes=\"(max-width: 1170px) 100vw, 1170px\" \/><\/a><p id=\"caption-attachment-15866\" class=\"wp-caption-text\">TSE &#8211; Tribunal Superior Eleitoral<br \/>Urna eletr\u00f4nica<\/p><\/div>\n<div class=\"post-item alt-font\">\n<div class=\"post-item-wrap\">\n<p style=\"text-align: justify;\">Os eleitores ter\u00e3o um tempo extra para conferir o voto na urna eletr\u00f4nica no pleito es de outubro deste ano. De acordo com o Tribunal Superior Eleitoral (TSE), pela primeira vez, a urna eletr\u00f4nica liberar\u00e1 a confirma\u00e7\u00e3o do voto (no bot\u00e3o verde \u201cconfirma\u201d) ap\u00f3s 1 segundo do preenchimento completo dos n\u00fameros dos candidatos para cada cargo.<img decoding=\"async\" src=\"https:\/\/agenciabrasil.ebc.com.br\/ebc.png?id=1481417&amp;o=node\" \/><img decoding=\"async\" src=\"https:\/\/agenciabrasil.ebc.com.br\/ebc.gif?id=1481417&amp;o=node\" \/><\/p>\n<p style=\"text-align: justify;\">\u201cA cada uma das cinco confirma\u00e7\u00f5es de voto, a urna emitir\u00e1 um som breve. Ao fim, depois da escolha do candidato a presidente, o aparelho emitir\u00e1 o cl\u00e1ssico som, mas por um per\u00edodo mais longo\u201d, explicou, em comunicado, o tribunal. O objetivo da medida \u00e9 estimular a confer\u00eancia do voto e impedir que o eleitor confirme sem querer.<\/p>\n<p style=\"text-align: justify;\">O primeiro turno das elei\u00e7\u00f5es gerais ser\u00e1 realizado no dia 2 de outubro e um eventual segundo turno ocorre no dia 30 do mesmo m\u00eas. Ser\u00e3o escolhidos candidatos para cinco cargos.<\/p>\n<p style=\"text-align: justify;\">O primeiro voto a ser dado na urna \u00e9 para deputado federal, com quatro d\u00edgitos. Em seguida, o eleitor deve escolher o candidato a deputado estadual, ou distrital, no caso dos eleitores do Distrito Federal, com cinco d\u00edgitos. Depois, deve votar para senador, com tr\u00eas d\u00edgitos, e, ent\u00e3o, para governador, dois d\u00edgitos. O \u00faltimo voto ser\u00e1 para presidente da Rep\u00fablica, tamb\u00e9m com dois d\u00edgitos.<\/p>\n<p style=\"text-align: justify;\">Em seu portal, o TSE disponibiliza um <a href=\"https:\/\/www.tse.jus.br\/hotsites\/simulador-de-votacao\/\" target=\"_blank\" rel=\"noopener\">simulador de vota\u00e7\u00e3o<\/a> da urna eletr\u00f4nica para as elei\u00e7\u00f5es deste ano, j\u00e1 com o tempo a mais para a confirma\u00e7\u00e3o do voto.<\/p>\n<\/div>\n<p class=\"alt-font font-italic my-2 small text-info\" style=\"text-align: justify;\">Edi\u00e7\u00e3o: N\u00e1dia Franco<\/p>\n<p>Fonte: <a href=\"https:\/\/agenciabrasil.ebc.com.br\/justica\/noticia\/2022-09\/eleitores-terao-mais-tempo-para-conferir-voto-na-urna-eletronica\">Ag\u00eancia Brasil<\/a><\/p>\n<\/div>\n","protected":false},"excerpt":{"rendered":"<p>Som confirmar\u00e1 voto ap\u00f3s escolha de cada candidato Os eleitores ter\u00e3o um tempo extra para conferir o voto na urna eletr\u00f4nica no pleito es de outubro deste ano. De acordo com o Tribunal Superior Eleitoral (TSE), pela primeira vez, a urna eletr\u00f4nica liberar\u00e1 a confirma\u00e7\u00e3o do voto (no bot\u00e3o verde \u201cconfirma\u201d) ap\u00f3s 1 segundo do<a class=\"moretag\" href=\"http:\/\/sindiquimicabr.com.br\/index.php\/2022\/09\/08\/eleitores-terao-mais-tempo-para-conferir-voto-na-urna-eletronica\/\"> [&#8230;]<\/a><\/p>\n","protected":false},"author":2,"featured_media":15866,"comment_status":"closed","ping_status":"closed","sticky":false,"template":"","format":"standard","meta":[],"categories":[2],"tags":[],"_links":{"self":[{"href":"http:\/\/sindiquimicabr.com.br\/index.php\/wp-json\/wp\/v2\/posts\/15865"}],"collection":[{"href":"http:\/\/sindiquimicabr.com.br\/index.php\/wp-json\/wp\/v2\/posts"}],"about":[{"href":"http:\/\/sindiquimicabr.com.br\/index.php\/wp-json\/wp\/v2\/types\/post"}],"author":[{"embeddable":true,"href":"http:\/\/sindiquimicabr.com.br\/index.php\/wp-json\/wp\/v2\/users\/2"}],"replies":[{"embeddable":true,"href":"http:\/\/sindiquimicabr.com.br\/index.php\/wp-json\/wp\/v2\/comments?post=15865"}],"version-history":[{"count":2,"href":"http:\/\/sindiquimicabr.com.br\/index.php\/wp-json\/wp\/v2\/posts\/15865\/revisions"}],"predecessor-version":[{"id":15868,"href":"http:\/\/sindiquimicabr.com.br\/index.php\/wp-json\/wp\/v2\/posts\/15865\/revisions\/15868"}],"wp:featuredmedia":[{"embeddable":true,"href":"http:\/\/sindiquimicabr.com.br\/index.php\/wp-json\/wp\/v2\/media\/15866"}],"wp:attachment":[{"href":"http:\/\/sindiquimicabr.com.br\/index.php\/wp-json\/wp\/v2\/media?parent=15865"}],"wp:term":[{"taxonomy":"category","embeddable":true,"href":"http:\/\/sindiquimicabr.com.br\/index.php\/wp-json\/wp\/v2\/categories?post=15865"},{"taxonomy":"post_tag","embeddable":true,"href":"http:\/\/sindiquimicabr.com.br\/index.php\/wp-json\/wp\/v2\/tags?post=15865"}],"curies":[{"name":"wp","href":"https:\/\/api.w.org\/{rel}","templated":true}]}}