{"id":16149,"date":"2022-10-06T19:35:42","date_gmt":"2022-10-06T19:35:42","guid":{"rendered":"http:\/\/sindiquimicabr.com.br\/?p=16149"},"modified":"2022-10-06T19:45:59","modified_gmt":"2022-10-06T19:45:59","slug":"covid-19-dose-de-reforco-de-vacina-diferente-protege-mais-diz-estudo","status":"publish","type":"post","link":"http:\/\/sindiquimicabr.com.br\/index.php\/2022\/10\/06\/covid-19-dose-de-reforco-de-vacina-diferente-protege-mais-diz-estudo\/","title":{"rendered":"Covid-19: dose de refor\u00e7o de vacina diferente protege mais, diz estudo"},"content":{"rendered":"<h3 class=\"col-10 offset-1 animated fadeInDown dealy-900 display-8 display-md-8 alt-font font-italic my-1 text-center\">Pesquisa \u00e9 da Fiocruz e do Instituto de Sa\u00fade Global de Barcelona<\/h3>\n<p><a href=\"http:\/\/sindiquimicabr.com.br\/wp\/wp-content\/uploads\/2022\/10\/41.png\"><img decoding=\"async\" loading=\"lazy\" class=\"alignleft size-full wp-image-16151\" src=\"http:\/\/sindiquimicabr.com.br\/wp\/wp-content\/uploads\/2022\/10\/41.png\" alt=\"\" width=\"933\" height=\"552\" srcset=\"http:\/\/sindiquimicabr.com.br\/wp\/wp-content\/uploads\/2022\/10\/41.png 933w, http:\/\/sindiquimicabr.com.br\/wp\/wp-content\/uploads\/2022\/10\/41-300x177.png 300w, http:\/\/sindiquimicabr.com.br\/wp\/wp-content\/uploads\/2022\/10\/41-768x454.png 768w\" sizes=\"(max-width: 933px) 100vw, 933px\" \/><\/a><\/p>\n<div class=\"post-item alt-font\">\n<div class=\"post-item-wrap\">\n<p style=\"text-align: justify;\">O refor\u00e7o da imuniza\u00e7\u00e3o contra covid-19 com vacinas de mRNA, como a Pfizer, oferece maior prote\u00e7\u00e3o em quem foi vacinado com CoronaVac do que repetir a vacina produzida no Instituto Butantan, na terceira e na\u00a0quarta\u00a0doses. A efetividade da vacina\u00e7\u00e3o com doses heter\u00f3logas (de tecnologias diferentes) tem sido comprovada por cientistas ao longo do ano.<a href=\"https:\/\/www.nature.com\/articles\/s41467-022-33169-0\" target=\"_blank\" rel=\"noopener\">\u00a0Estudo<\/a> publicado por pesquisadores da Funda\u00e7\u00e3o Oswaldo Cruz (Fiocruz) e do Instituto de Sa\u00fade Global de Barcelona (ISGlobal) na revista cient\u00edfica <em>Nature Communications<\/em> traz novas evid\u00eancias nesse sentido.<img decoding=\"async\" src=\"https:\/\/agenciabrasil.ebc.com.br\/ebc.png?id=1486765&amp;o=node\" \/><img decoding=\"async\" src=\"https:\/\/agenciabrasil.ebc.com.br\/ebc.gif?id=1486765&amp;o=node\" \/><\/p>\n<p style=\"text-align: justify;\">Os resultados da pesquisa mostram\u00a0que a vacina\u00e7\u00e3o com duas doses da Coronavac, sem refor\u00e7os, quase n\u00e3o fornece prote\u00e7\u00e3o contra a covid-19 leve causada pela \u00d4micron, e uma prote\u00e7\u00e3o de 40% a 50% contra\u00a0formas graves da doen\u00e7a.<\/p>\n<p style=\"text-align: justify;\">Quando \u00e9 adicionada uma dose de refor\u00e7o da CoronaVac, a prote\u00e7\u00e3o contra os sintomas leves da covid-19 n\u00e3o sobe, enquanto a prote\u00e7\u00e3o contra sintomas graves aumenta para 74%. Para as pessoas com 75 anos ou mais, por\u00e9m, a dose de refor\u00e7o com a CoronaVac, em quem j\u00e1 havia recebido essa vacina no esquema prim\u00e1rio, n\u00e3o \u00e9 capaz de elevar a prote\u00e7\u00e3o contra a forma grave al\u00e9m de 50%.<\/p>\n<p style=\"text-align: justify;\">O estudo indica que, por outro lado, o refor\u00e7o com a vacina de mRNA forneceu prote\u00e7\u00e3o adicional maior tanto contra a forma sintom\u00e1tica quanto contra a forma grave da doen\u00e7a (56,8% e 86%, respectivamente). Al\u00e9m disso, a prote\u00e7\u00e3o pareceu perdurar por pelo menos quatro meses, segundo os pesquisadores. No caso do Brasil, a \u00fanica vacina de mRNA dispon\u00edvel contra covid-19 \u00e9 a desenvolvida pelas farmac\u00eauticas Pfizer e BioNTech.<\/p>\n<p style=\"text-align: justify;\">Os pesquisadores observaram dados\u00a0de dezembro\u00a0de 2021 a abril de 2022, em uma an\u00e1lise que incluiu os 5.570 munic\u00edpios brasileiros. As bases de dados utilizadas para os casos de covid-19 foram o e-SUS e o Sistema de Informa\u00e7\u00e3o da Vigil\u00e2ncia Epidemiol\u00f3gica da Gripe (Sivep-Gripe), e a de vacina\u00e7\u00e3o foi o\u00a0 Sistema de Informa\u00e7\u00f5es do Programa Nacional de Imuniza\u00e7\u00f5es (SI-PNI).<\/p>\n<\/div>\n<p class=\"alt-font font-italic my-2 small text-info\" style=\"text-align: justify;\">Edi\u00e7\u00e3o: Gra\u00e7a Adjuto<\/p>\n<\/div>\n<p>Fonte: <a href=\"https:\/\/agenciabrasil.ebc.com.br\/saude\/noticia\/2022-10\/covid-19-dose-de-reforco-de-vacina-diferente-protege-mais-diz-estudo\">Ag\u00eancia Brasil<\/a><\/p>\n","protected":false},"excerpt":{"rendered":"<p>Pesquisa \u00e9 da Fiocruz e do Instituto de Sa\u00fade Global de Barcelona O refor\u00e7o da imuniza\u00e7\u00e3o contra covid-19 com vacinas de mRNA, como a Pfizer, oferece maior prote\u00e7\u00e3o em quem foi vacinado com CoronaVac do que repetir a vacina produzida no Instituto Butantan, na terceira e na\u00a0quarta\u00a0doses. A efetividade da vacina\u00e7\u00e3o com doses heter\u00f3logas (de<a class=\"moretag\" href=\"http:\/\/sindiquimicabr.com.br\/index.php\/2022\/10\/06\/covid-19-dose-de-reforco-de-vacina-diferente-protege-mais-diz-estudo\/\"> [&#8230;]<\/a><\/p>\n","protected":false},"author":2,"featured_media":16151,"comment_status":"closed","ping_status":"closed","sticky":false,"template":"","format":"standard","meta":[],"categories":[10],"tags":[],"_links":{"self":[{"href":"http:\/\/sindiquimicabr.com.br\/index.php\/wp-json\/wp\/v2\/posts\/16149"}],"collection":[{"href":"http:\/\/sindiquimicabr.com.br\/index.php\/wp-json\/wp\/v2\/posts"}],"about":[{"href":"http:\/\/sindiquimicabr.com.br\/index.php\/wp-json\/wp\/v2\/types\/post"}],"author":[{"embeddable":true,"href":"http:\/\/sindiquimicabr.com.br\/index.php\/wp-json\/wp\/v2\/users\/2"}],"replies":[{"embeddable":true,"href":"http:\/\/sindiquimicabr.com.br\/index.php\/wp-json\/wp\/v2\/comments?post=16149"}],"version-history":[{"count":1,"href":"http:\/\/sindiquimicabr.com.br\/index.php\/wp-json\/wp\/v2\/posts\/16149\/revisions"}],"predecessor-version":[{"id":16152,"href":"http:\/\/sindiquimicabr.com.br\/index.php\/wp-json\/wp\/v2\/posts\/16149\/revisions\/16152"}],"wp:featuredmedia":[{"embeddable":true,"href":"http:\/\/sindiquimicabr.com.br\/index.php\/wp-json\/wp\/v2\/media\/16151"}],"wp:attachment":[{"href":"http:\/\/sindiquimicabr.com.br\/index.php\/wp-json\/wp\/v2\/media?parent=16149"}],"wp:term":[{"taxonomy":"category","embeddable":true,"href":"http:\/\/sindiquimicabr.com.br\/index.php\/wp-json\/wp\/v2\/categories?post=16149"},{"taxonomy":"post_tag","embeddable":true,"href":"http:\/\/sindiquimicabr.com.br\/index.php\/wp-json\/wp\/v2\/tags?post=16149"}],"curies":[{"name":"wp","href":"https:\/\/api.w.org\/{rel}","templated":true}]}}