{"id":16307,"date":"2022-10-25T18:56:00","date_gmt":"2022-10-25T18:56:00","guid":{"rendered":"http:\/\/sindiquimicabr.com.br\/?p=16307"},"modified":"2022-10-25T18:56:01","modified_gmt":"2022-10-25T18:56:01","slug":"stf-decide-que-licenca-maternidade-comeca-somente-apos-alta-hospitalar","status":"publish","type":"post","link":"http:\/\/sindiquimicabr.com.br\/index.php\/2022\/10\/25\/stf-decide-que-licenca-maternidade-comeca-somente-apos-alta-hospitalar\/","title":{"rendered":"STF decide que licen\u00e7a-maternidade come\u00e7a somente ap\u00f3s alta hospitalar"},"content":{"rendered":"<div class=\"row\">\n<div class=\"col-xs-12 col-lg-10 col-md-10 col-lg-offset-1 col-md-offset-1\">\n<p class=\"dd-m-title dd-m-title--biger dd-m-alignment--center\">Decis\u00e3o, que tem efeito imediato para trabalhadoras formais, beneficia m\u00e3es que t\u00eam beb\u00eas prematuros. Dados de 2019 mostram que Brasil teve 300 mil partos prematuros<\/p>\n<p style=\"text-align: justify;\"><a href=\"http:\/\/sindiquimicabr.com.br\/wp\/wp-content\/uploads\/2022\/10\/17.png\"><img decoding=\"async\" loading=\"lazy\" class=\"alignleft size-full wp-image-16308\" src=\"http:\/\/sindiquimicabr.com.br\/wp\/wp-content\/uploads\/2022\/10\/17.png\" alt=\"\" width=\"694\" height=\"454\" srcset=\"http:\/\/sindiquimicabr.com.br\/wp\/wp-content\/uploads\/2022\/10\/17.png 694w, http:\/\/sindiquimicabr.com.br\/wp\/wp-content\/uploads\/2022\/10\/17-300x196.png 300w\" sizes=\"(max-width: 694px) 100vw, 694px\" \/><\/a>O Supremo Tribunal Federal (STF) decidiu por unanimidade, em plen\u00e1rio virtual, que o in\u00edcio do per\u00edodo de licen\u00e7a maternidade e do sal\u00e1rio maternidade deve come\u00e7ar quando houver a alta hospitalar da m\u00e3e ou do beb\u00ea rec\u00e9m-nascido, o que ocorrer por \u00faltimo. A medida beneficia milhares de mulheres que se desesperavam com o fim da licen\u00e7a, muitas vezes, antes de o beb\u00ea ter alta da UTI neonatal.<\/p>\n<div class=\"dd-m-editor\">\n<p style=\"text-align: justify;\">\u00c9 justamente na \u201cida para casa, ap\u00f3s a alta, que os beb\u00eas efetivamente demandar\u00e3o o cuidado e aten\u00e7\u00e3o integral dos pais\u201d, afirmou em seu voto o ministro Edson Fachin, relator da liminar concedida em abril deste ano e referendada pelo Plen\u00e1rio da Corte.<\/p>\n<p style=\"text-align: justify;\">\u201dA interpreta\u00e7\u00e3o restritiva das normas reduz o per\u00edodo de conviv\u00eancia fora do ambiente hospitalar entre m\u00e3es e rec\u00e9m-nascidos. Essa situa\u00e7\u00e3o est\u00e1 em conflito com o direito social de prote\u00e7\u00e3o \u00e0 maternidade e \u00e0 inf\u00e2ncia e viola dispositivos constitucionais e tratados e conven\u00e7\u00f5es assinados pelo Brasil\u201d, afirmou Fachin sobre a licen\u00e7a come\u00e7ar logo ap\u00f3s o nascimento da crian\u00e7a.<\/p>\n<p style=\"text-align: justify;\">A decis\u00e3o do pleno do STF, tomada na sexta-feira (21), foi resultado do julgamento do m\u00e9rito de uma a\u00e7\u00e3o movida pelo Solidariedade (ADI 6327), cujo objetivo era garantir a prote\u00e7\u00e3o tanto da crian\u00e7a quanto da m\u00e3e.<\/p>\n<p style=\"text-align: justify;\">O efeito da decis\u00e3o \u00e9 imediato e j\u00e1 est\u00e1 garantido a todas as m\u00e3es trabalhadoras com contrato formal de trabalho (com carteira assinada) e considera que a alta da m\u00e3e ou do rec\u00e9m-nascido, em caso de nascimento prematuro, vale como o marco inicial da licen\u00e7a-maternidade e o sal\u00e1rio-maternidade deve ser estendido pelo tempo de licen\u00e7a a ser acrescido.<\/p>\n<p style=\"text-align: justify;\">No entanto, a medida \u00e9 restrita aos casos mais graves que incluem as interna\u00e7\u00f5es que ultrapassam duas semanas.<\/p>\n<p style=\"text-align: justify;\">O ministro Fachin ainda levou em considera\u00e7\u00e3o dados da Ag\u00eancia Nacional de Sa\u00fade Suplementar (ANS) que registraram 300 mil casos de nascimentos prematuros no ano de 2019 o que coloca o Brasil no 10\u00b0 lugar do ranking mundial. Os dados apontam ainda que 11,7% dos partos acontecem antes das 37 mil semanas de gesta\u00e7\u00e3o.<\/p>\n<p style=\"text-align: justify;\"><strong>A\u00e7\u00e3o Direta de Inconstitucionalidade. <\/strong><\/p>\n<p style=\"text-align: justify;\">A ADI 6327, movida pelo Solidariedade questionava a Consolida\u00e7\u00e3o das Leis do Trabalho (CLT) que n\u00e3o previa a extens\u00e3o da licen\u00e7a em raz\u00e3o da necessidade de interna\u00e7\u00f5es mais longas. A a\u00e7\u00e3o teve o objetivo de suprir essa \u2018omiss\u00e3o legislativa\u2019.<\/p>\n<p>Fonte: <a href=\"https:\/\/www.cut.org.br\/noticias\/stf-decide-que-licenca-maternidade-comeca-somente-apos-alta-hospitalar-b7e5\">Cut<\/a><\/p>\n<\/div>\n<\/div>\n<\/div>\n","protected":false},"excerpt":{"rendered":"<p>Decis\u00e3o, que tem efeito imediato para trabalhadoras formais, beneficia m\u00e3es que t\u00eam beb\u00eas prematuros. Dados de 2019 mostram que Brasil teve 300 mil partos prematuros O Supremo Tribunal Federal (STF) decidiu por unanimidade, em plen\u00e1rio virtual, que o in\u00edcio do per\u00edodo de licen\u00e7a maternidade e do sal\u00e1rio maternidade deve come\u00e7ar quando houver a alta hospitalar<a class=\"moretag\" href=\"http:\/\/sindiquimicabr.com.br\/index.php\/2022\/10\/25\/stf-decide-que-licenca-maternidade-comeca-somente-apos-alta-hospitalar\/\"> [&#8230;]<\/a><\/p>\n","protected":false},"author":2,"featured_media":16308,"comment_status":"closed","ping_status":"closed","sticky":false,"template":"","format":"standard","meta":[],"categories":[10],"tags":[],"_links":{"self":[{"href":"http:\/\/sindiquimicabr.com.br\/index.php\/wp-json\/wp\/v2\/posts\/16307"}],"collection":[{"href":"http:\/\/sindiquimicabr.com.br\/index.php\/wp-json\/wp\/v2\/posts"}],"about":[{"href":"http:\/\/sindiquimicabr.com.br\/index.php\/wp-json\/wp\/v2\/types\/post"}],"author":[{"embeddable":true,"href":"http:\/\/sindiquimicabr.com.br\/index.php\/wp-json\/wp\/v2\/users\/2"}],"replies":[{"embeddable":true,"href":"http:\/\/sindiquimicabr.com.br\/index.php\/wp-json\/wp\/v2\/comments?post=16307"}],"version-history":[{"count":1,"href":"http:\/\/sindiquimicabr.com.br\/index.php\/wp-json\/wp\/v2\/posts\/16307\/revisions"}],"predecessor-version":[{"id":16310,"href":"http:\/\/sindiquimicabr.com.br\/index.php\/wp-json\/wp\/v2\/posts\/16307\/revisions\/16310"}],"wp:featuredmedia":[{"embeddable":true,"href":"http:\/\/sindiquimicabr.com.br\/index.php\/wp-json\/wp\/v2\/media\/16308"}],"wp:attachment":[{"href":"http:\/\/sindiquimicabr.com.br\/index.php\/wp-json\/wp\/v2\/media?parent=16307"}],"wp:term":[{"taxonomy":"category","embeddable":true,"href":"http:\/\/sindiquimicabr.com.br\/index.php\/wp-json\/wp\/v2\/categories?post=16307"},{"taxonomy":"post_tag","embeddable":true,"href":"http:\/\/sindiquimicabr.com.br\/index.php\/wp-json\/wp\/v2\/tags?post=16307"}],"curies":[{"name":"wp","href":"https:\/\/api.w.org\/{rel}","templated":true}]}}