{"id":16454,"date":"2022-11-09T11:17:44","date_gmt":"2022-11-09T11:17:44","guid":{"rendered":"http:\/\/sindiquimicabr.com.br\/?p=16454"},"modified":"2022-11-09T12:30:07","modified_gmt":"2022-11-09T12:30:07","slug":"novembro-azul-direitos-do-homem-com-cancer-de-prostata","status":"publish","type":"post","link":"http:\/\/sindiquimicabr.com.br\/index.php\/2022\/11\/09\/novembro-azul-direitos-do-homem-com-cancer-de-prostata\/","title":{"rendered":"Novembro Azul: Direitos do homem com C\u00e2ncer de Pr\u00f3stata"},"content":{"rendered":"<h4 class=\"td-post-sub-title\">Problemas como c\u00e2ncer de pr\u00f3stata s\u00e3o os mais comuns no INSS<\/h4>\n<p><a href=\"http:\/\/sindiquimicabr.com.br\/wp\/wp-content\/uploads\/2022\/11\/Novembro-Azul-Direitos-do-homem-com-Cancer-de-Prostata.jpg\"><img decoding=\"async\" loading=\"lazy\" class=\"alignleft size-full wp-image-16457\" src=\"http:\/\/sindiquimicabr.com.br\/wp\/wp-content\/uploads\/2022\/11\/Novembro-Azul-Direitos-do-homem-com-Cancer-de-Prostata.jpg\" alt=\"\" width=\"1200\" height=\"750\" srcset=\"http:\/\/sindiquimicabr.com.br\/wp\/wp-content\/uploads\/2022\/11\/Novembro-Azul-Direitos-do-homem-com-Cancer-de-Prostata.jpg 1200w, http:\/\/sindiquimicabr.com.br\/wp\/wp-content\/uploads\/2022\/11\/Novembro-Azul-Direitos-do-homem-com-Cancer-de-Prostata-300x188.jpg 300w, http:\/\/sindiquimicabr.com.br\/wp\/wp-content\/uploads\/2022\/11\/Novembro-Azul-Direitos-do-homem-com-Cancer-de-Prostata-1024x640.jpg 1024w, http:\/\/sindiquimicabr.com.br\/wp\/wp-content\/uploads\/2022\/11\/Novembro-Azul-Direitos-do-homem-com-Cancer-de-Prostata-768x480.jpg 768w\" sizes=\"(max-width: 1200px) 100vw, 1200px\" \/><\/a><\/p>\n<p>O Novembro Azul chama a aten\u00e7\u00e3o para a sa\u00fade dos homens. E nada mais justo, diante da alta incid\u00eancia de problemas como o <a href=\"https:\/\/www.jornalcontabil.com.br\/1-entre-4-cirurgias-de-cancer-de-prostata-nao-foram-realizadas-no-sus-durante-o-1o-ano-de-covid-19\/\" target=\"_blank\" rel=\"noreferrer noopener\">c\u00e2ncer de pr\u00f3stata<\/a>, e a grande procura por amparo no INSS. Estima-se que 65,8 mil homens dever\u00e3o ser diagnosticados com o problema at\u00e9 o fim de 2022, segundo o INCA (Instituto Nacional de C\u00e2ncer). Mas, afinal, quais direitos o homem pode acessar no INSS?<\/p>\n<p>Segundo a advogada previdenci\u00e1ria Isabela Brisola, do Brisola Advocacia, o direito ao aux\u00edlio doen\u00e7a \u00e9 o principal benef\u00edcio no INSS, mas serve para os casos em que a incapacidade da pessoa acometida por c\u00e2ncer seja tempor\u00e1ria, quando a doen\u00e7a n\u00e3o est\u00e1 em grau avan\u00e7ado.<\/p>\n<p>\u201cDentro desse pedido de aux\u00edlio por incapacidade tempor\u00e1ria, n\u00e3o h\u00e1 exig\u00eancia de car\u00eancia, ou seja, n\u00e3o \u00e9 preciso cumprir o tempo m\u00ednimo de contribui\u00e7\u00f5es para poder solicitar o benef\u00edcio desde que comprovada a qualidade de segurado\u201d, explica, ressaltando que a regra geral \u00e9 que a pessoa tenha que contribuir com um m\u00ednimo de parcelas, mas a exclus\u00e3o da car\u00eancia \u00e9 v\u00e1lida para qualquer tipo de c\u00e2ncer quando segurado.<\/p>\n<p>A outra situa\u00e7\u00e3o \u00e9 a aposentadoria por incapacidade permanente, quando o <a href=\"https:\/\/www.jornalcontabil.com.br\/brasil-registrou-44-obitos-por-cancer-de-prostata-por-dia-em-2021\/\" target=\"_blank\" rel=\"noreferrer noopener\">c\u00e2ncer<\/a> est\u00e1 em um est\u00e1gio avan\u00e7ado. \u201cNessa situa\u00e7\u00e3o, a pessoa n\u00e3o consegue mais voltar ao trabalho, e, para comprova\u00e7\u00e3o, \u00e9 necess\u00e1rio apresentar o hist\u00f3rico cl\u00ednico com os m\u00e9dicos atestando que a incapacidade \u00e9 definitiva, tamb\u00e9m com isen\u00e7\u00e3o de car\u00eancia desde que comprovada a qualidade de segurado\u201d, informa.<\/p>\n<p data-fetch=\"true\">Outra situa\u00e7\u00e3o que consiste em um benef\u00edcio \u00e9 o adicional de 25% na aposentadoria por incapacidade permanente, destinado \u00e0s pessoas que precisam de um cuidador especial. O pedido pode ser feito quando se d\u00e1 entrada na aposentadoria ou posteriormente, quando o grau avan\u00e7ado se estabelecer.<\/p>\n<p>J\u00e1 para os homens que n\u00e3o contribuem com o INSS, a sa\u00edda \u00e9 o Benef\u00edcio Assistencial (LOAS), desde que seja comprovada a miserabilidade da pessoa e a incapacidade. Nesse caso, trata-se da comprova\u00e7\u00e3o de que a pessoa tem um impedimento de mais de dois anos, caracterizado como de longo prazo, seja esse impedimento f\u00edsico, mental, intelectual ou sensorial. Esses s\u00e3o os requisitos que definem o benef\u00edcio para as situa\u00e7\u00f5es de c\u00e2ncer tamb\u00e9m. \u201cEssas s\u00e3o as duas condi\u00e7\u00f5es para garantir o LOAS: a incapacidade e a comprova\u00e7\u00e3o do requisito econ\u00f4mico\u201d, indica a advogada.<\/p>\n<p>Ela lembra ainda que, para al\u00e9m dos benef\u00edcios previdenci\u00e1rios, h\u00e1 a possibilidade de sacar o FGTS se a pessoa estiver com c\u00e2ncer, al\u00e9m da possibilidade de isen\u00e7\u00e3o de Imposto de Renda.<\/p>\n<p><em>Focada em direito previdenci\u00e1rio, a Brisola Advocacia Associados foi fundada em 2009 com o objetivo de garantir os direitos dos benefici\u00e1rios do INSS.<\/em><\/p>\n<p>Fonte: <a href=\"https:\/\/www.jornalcontabil.com.br\/novembro-azul-direitos-do-homem-com-cancer-de-prostata\/\" target=\"_blank\" rel=\"noopener\">Jornal Cont\u00e1bil<\/a><\/p>\n","protected":false},"excerpt":{"rendered":"<p>Problemas como c\u00e2ncer de pr\u00f3stata s\u00e3o os mais comuns no INSS O Novembro Azul chama a aten\u00e7\u00e3o para a sa\u00fade dos homens. E nada mais justo, diante da alta incid\u00eancia de problemas como o c\u00e2ncer de pr\u00f3stata, e a grande procura por amparo no INSS. Estima-se que 65,8 mil homens dever\u00e3o ser diagnosticados com o<a class=\"moretag\" href=\"http:\/\/sindiquimicabr.com.br\/index.php\/2022\/11\/09\/novembro-azul-direitos-do-homem-com-cancer-de-prostata\/\"> [&#8230;]<\/a><\/p>\n","protected":false},"author":2,"featured_media":16457,"comment_status":"closed","ping_status":"closed","sticky":false,"template":"","format":"standard","meta":[],"categories":[10],"tags":[],"_links":{"self":[{"href":"http:\/\/sindiquimicabr.com.br\/index.php\/wp-json\/wp\/v2\/posts\/16454"}],"collection":[{"href":"http:\/\/sindiquimicabr.com.br\/index.php\/wp-json\/wp\/v2\/posts"}],"about":[{"href":"http:\/\/sindiquimicabr.com.br\/index.php\/wp-json\/wp\/v2\/types\/post"}],"author":[{"embeddable":true,"href":"http:\/\/sindiquimicabr.com.br\/index.php\/wp-json\/wp\/v2\/users\/2"}],"replies":[{"embeddable":true,"href":"http:\/\/sindiquimicabr.com.br\/index.php\/wp-json\/wp\/v2\/comments?post=16454"}],"version-history":[{"count":2,"href":"http:\/\/sindiquimicabr.com.br\/index.php\/wp-json\/wp\/v2\/posts\/16454\/revisions"}],"predecessor-version":[{"id":16458,"href":"http:\/\/sindiquimicabr.com.br\/index.php\/wp-json\/wp\/v2\/posts\/16454\/revisions\/16458"}],"wp:featuredmedia":[{"embeddable":true,"href":"http:\/\/sindiquimicabr.com.br\/index.php\/wp-json\/wp\/v2\/media\/16457"}],"wp:attachment":[{"href":"http:\/\/sindiquimicabr.com.br\/index.php\/wp-json\/wp\/v2\/media?parent=16454"}],"wp:term":[{"taxonomy":"category","embeddable":true,"href":"http:\/\/sindiquimicabr.com.br\/index.php\/wp-json\/wp\/v2\/categories?post=16454"},{"taxonomy":"post_tag","embeddable":true,"href":"http:\/\/sindiquimicabr.com.br\/index.php\/wp-json\/wp\/v2\/tags?post=16454"}],"curies":[{"name":"wp","href":"https:\/\/api.w.org\/{rel}","templated":true}]}}