{"id":16588,"date":"2022-12-07T16:15:47","date_gmt":"2022-12-07T16:15:47","guid":{"rendered":"http:\/\/sindiquimicabr.com.br\/?p=16588"},"modified":"2022-12-07T16:28:59","modified_gmt":"2022-12-07T16:28:59","slug":"tcu-julga-legalidade-da-contratacao-de-militares-para-o-inss-nesta-quarta-feira-7","status":"publish","type":"post","link":"http:\/\/sindiquimicabr.com.br\/index.php\/2022\/12\/07\/tcu-julga-legalidade-da-contratacao-de-militares-para-o-inss-nesta-quarta-feira-7\/","title":{"rendered":"TCU julga legalidade da contrata\u00e7\u00e3o de militares para o INSS nesta quarta-feira (7)"},"content":{"rendered":"<div class=\"dd-m-display dd-m-display--small dd-m-background-energized-light\">\n<div class=\"wrap\">\n<div class=\"row\">\n<div class=\"col-xs-12\">\n<div class=\"row\">\n<div class=\"col-xs-12 col-lg-10 col-md-10 col-lg-offset-1 col-md-offset-1\">\n<p class=\"dd-m-text dd-m-text--big font-MerriWeather\">Tribunal apontou inconstitucionalidades na contrata\u00e7\u00e3o de militares da reserva para reduzir filas, em 2020. Entre elas a falta de concorr\u00eancia com civis e a forma e contabilizar o custo com as contrata\u00e7\u00f5es<\/p>\n<\/div>\n<\/div>\n<\/div>\n<\/div>\n<\/div>\n<\/div>\n<div class=\"dd-m-display dd-m-display--top-30 dd-m-background-stable\">\n<div class=\"wrap\">\n<div class=\"row\">\n<div class=\"col-xs-12\">\n<div class=\"dd-l-content dd-l-content--medium\">\n<figure class=\"dd-m-image__group\"><img decoding=\"async\" loading=\"lazy\" class=\"aligncenter\" src=\"https:\/\/www.cut.org.br\/images\/cache\/systemuploadsnews88cf4665d519ab2a644-700x460xfit-302d4.jpg\" alt=\"notice\" width=\"831\" height=\"546\" data-src-mobile=\"\/images\/cache\/systemuploadsnews88cf4665d519ab2a644-320x210xfit-302d4.jpg\" data-src-tablet=\"\/images\/cache\/systemuploadsnews88cf4665d519ab2a644-768x460xfit-302d4.jpg\" data-src-web=\"\/images\/cache\/systemuploadsnews88cf4665d519ab2a644-700x460xfit-302d4.jpg\" \/><\/figure>\n<div class=\"dd-m-editor\">\n<p style=\"text-align: justify;\">A contrata\u00e7\u00e3o exclusiva de dois mil militares da reserva para atuar no Instituto Nacional do Seguro Social (INSS), feita pelo governo de Jair Bolsonaro (PL) em 2020, por meio do Minist\u00e9rio da Economia, da Defesa e da Casa Civil, ser\u00e1 julgada pelo Tribunal de Contas da Uni\u00e3o (TCU), nesta quarta-feira (7), a partir das 14h30.<\/p>\n<p style=\"text-align: justify;\">Com o pretenso objetivo de dar andamento em processos de aposentadoria e revis\u00e3o de benef\u00edcios e, assim, diminuir as filas que aumentaram ao longo dos \u00faltimos anos, as contrata\u00e7\u00f5es foram consideradas inconstitucionais pelo Minist\u00e9rio P\u00fablico junto ao TCU que, \u00e0 \u00e9poca entrou\u00a0com <a href=\"https:\/\/www.conjur.com.br\/dl\/clique-aqui-ler-representacao-inss.pdf\" target=\"_blank\" rel=\"noopener\">medida cautelar para suspender o processo<\/a>.<\/p>\n<p style=\"text-align: justify;\">Mesmo com a contrata\u00e7\u00e3o, as filas n\u00e3o diminu\u00edram. Atualmente, a espera <a href=\"https:\/\/www.cut.org.br\/noticias\/mais-de-5-milhoes-de-trabalhadores-estao-na-fila-do-inss-diz-equipe-de-transicao-75d3\" target=\"_blank\" rel=\"noopener\">atinge cerca de 5,5 milh\u00f5es de pessoas.<\/a><\/p>\n<p style=\"text-align: justify;\">De acordo com o plano, at\u00e9 sete mil seriam contratados por at\u00e9 12 meses com uma gratifica\u00e7\u00e3o de at\u00e9 30% sobre o sal\u00e1rio que j\u00e1 recebiam das For\u00e7as Armadas. O custo total seria de R$ 14,5 milh\u00f5es por m\u00eas aos cofres p\u00fablicos.<\/p>\n<p style=\"text-align: justify;\">Um dos motivos apontados pelo TCU foi o de que a contrata\u00e7\u00e3o de militares da reserva, feita por decreto presidencial, s\u00f3 poderia ocorrer se houvesse uma ampla concorr\u00eancia. Ministros do Tribunal enxergaram a iniciativa como uma \u201creserva de mercado\u201d e s\u00f3 poderia ser admitida se houvesse uma sele\u00e7\u00e3o mista, que inclu\u00edsse civis, o que ocorreu somente ap\u00f3s atua\u00e7\u00e3o do TCU.<\/p>\n<p style=\"text-align: justify;\">Os t\u00e9cnicos tamb\u00e9m apontaram que a experi\u00eancia dos militares n\u00e3o era determinante para o cumprimento das fun\u00e7\u00f5es e que qualquer civil com \u2018n\u00edvel m\u00e9dio de conhecimento\u2019 poderia exercer as fun\u00e7\u00f5es.<\/p>\n<p style=\"text-align: justify;\">Outro impasse foi em rela\u00e7\u00e3o \u00e0 Lei de Responsabilidade Fiscal. O governo quis registrar os gastos como custeio administrativo e n\u00e3o como gasto de pessoal. De acordo com a lei seria necess\u00e1rio enviar projeto de lei ao Congresso para abrir cr\u00e9dito or\u00e7ament\u00e1rio para pagar a despesa.<\/p>\n<p style=\"text-align: justify;\">De acordo com reportagem da coluna de M\u00f4nica B\u00e9rgamo da Folha de SP, uma das secretarias do TCU reconheceu a gravidade da crise do instituto, mas considerou, \u00e0 \u00e9poca, \u201ctemer\u00e1ria a contrata\u00e7\u00e3o de militares inativos das For\u00e7as Armadas para o desempenho de atividades civis na administra\u00e7\u00e3o p\u00fablica\u201d.<\/p>\n<p>Fonte: <a href=\"https:\/\/www.cut.org.br\/noticias\/legalidade-da-contratacao-de-militares-para-o-inss-sera-julgada-nesta-quarta-fei-88cf\">Cut<\/a><\/p>\n<\/div>\n<\/div>\n<\/div>\n<\/div>\n<\/div>\n<\/div>\n","protected":false},"excerpt":{"rendered":"<p>Tribunal apontou inconstitucionalidades na contrata\u00e7\u00e3o de militares da reserva para reduzir filas, em 2020. Entre elas a falta de concorr\u00eancia com civis e a forma e contabilizar o custo com as contrata\u00e7\u00f5es A contrata\u00e7\u00e3o exclusiva de dois mil militares da reserva para atuar no Instituto Nacional do Seguro Social (INSS), feita pelo governo de Jair<a class=\"moretag\" href=\"http:\/\/sindiquimicabr.com.br\/index.php\/2022\/12\/07\/tcu-julga-legalidade-da-contratacao-de-militares-para-o-inss-nesta-quarta-feira-7\/\"> [&#8230;]<\/a><\/p>\n","protected":false},"author":2,"featured_media":16590,"comment_status":"closed","ping_status":"closed","sticky":false,"template":"","format":"standard","meta":[],"categories":[10],"tags":[],"_links":{"self":[{"href":"http:\/\/sindiquimicabr.com.br\/index.php\/wp-json\/wp\/v2\/posts\/16588"}],"collection":[{"href":"http:\/\/sindiquimicabr.com.br\/index.php\/wp-json\/wp\/v2\/posts"}],"about":[{"href":"http:\/\/sindiquimicabr.com.br\/index.php\/wp-json\/wp\/v2\/types\/post"}],"author":[{"embeddable":true,"href":"http:\/\/sindiquimicabr.com.br\/index.php\/wp-json\/wp\/v2\/users\/2"}],"replies":[{"embeddable":true,"href":"http:\/\/sindiquimicabr.com.br\/index.php\/wp-json\/wp\/v2\/comments?post=16588"}],"version-history":[{"count":1,"href":"http:\/\/sindiquimicabr.com.br\/index.php\/wp-json\/wp\/v2\/posts\/16588\/revisions"}],"predecessor-version":[{"id":16591,"href":"http:\/\/sindiquimicabr.com.br\/index.php\/wp-json\/wp\/v2\/posts\/16588\/revisions\/16591"}],"wp:featuredmedia":[{"embeddable":true,"href":"http:\/\/sindiquimicabr.com.br\/index.php\/wp-json\/wp\/v2\/media\/16590"}],"wp:attachment":[{"href":"http:\/\/sindiquimicabr.com.br\/index.php\/wp-json\/wp\/v2\/media?parent=16588"}],"wp:term":[{"taxonomy":"category","embeddable":true,"href":"http:\/\/sindiquimicabr.com.br\/index.php\/wp-json\/wp\/v2\/categories?post=16588"},{"taxonomy":"post_tag","embeddable":true,"href":"http:\/\/sindiquimicabr.com.br\/index.php\/wp-json\/wp\/v2\/tags?post=16588"}],"curies":[{"name":"wp","href":"https:\/\/api.w.org\/{rel}","templated":true}]}}