{"id":16708,"date":"2022-12-23T14:15:10","date_gmt":"2022-12-23T14:15:10","guid":{"rendered":"http:\/\/sindiquimicabr.com.br\/?p=16708"},"modified":"2022-12-23T14:51:15","modified_gmt":"2022-12-23T14:51:15","slug":"orcamento-da-uniao-confirma-salario-minimo-de-r-1-320-em-2023","status":"publish","type":"post","link":"http:\/\/sindiquimicabr.com.br\/index.php\/2022\/12\/23\/orcamento-da-uniao-confirma-salario-minimo-de-r-1-320-em-2023\/","title":{"rendered":"Or\u00e7amento da Uni\u00e3o confirma sal\u00e1rio m\u00ednimo de R$ 1.320 em 2023"},"content":{"rendered":"<div class=\"row\">\n<div class=\"col-xs-12 col-lg-10 col-md-10 col-lg-offset-1 col-md-offset-1\">\n<p class=\"dd-m-title dd-m-title--biger dd-m-alignment--center\">Proposta or\u00e7ament\u00e1ria reserva R$ 6,8 bilh\u00f5es para o aumento do piso nacional, que deve ficar em torno de 2,7% acima da infla\u00e7\u00e3o. CUT e centrais reivindicam sal\u00e1rio m\u00ednimo de R$ 1.342 em 2023<\/p>\n<p><a href=\"http:\/\/sindiquimicabr.com.br\/wp\/wp-content\/uploads\/2022\/12\/50.png\"><img decoding=\"async\" loading=\"lazy\" class=\"alignleft size-full wp-image-16709\" src=\"http:\/\/sindiquimicabr.com.br\/wp\/wp-content\/uploads\/2022\/12\/50.png\" alt=\"\" width=\"702\" height=\"455\" srcset=\"http:\/\/sindiquimicabr.com.br\/wp\/wp-content\/uploads\/2022\/12\/50.png 702w, http:\/\/sindiquimicabr.com.br\/wp\/wp-content\/uploads\/2022\/12\/50-300x194.png 300w\" sizes=\"(max-width: 702px) 100vw, 702px\" \/><\/a><\/p>\n<p style=\"text-align: justify;\">O Plen\u00e1rio do Congresso Nacional aprovou, nesta quinta-feira (22), a Lei Or\u00e7ament\u00e1ria Anual (LOA),\u00a0<a href=\"http:\/\/www.congressonacional.leg.br\/materias\/pesquisa\/-\/materia\/154644\" target=\"_blank\" rel=\"noopener noreferrer\">PLN 32\/2022<\/a>, que reserva R$ 6,8 bilh\u00f5es para o aumento do sal\u00e1rio m\u00ednimo, que deve passar de\u00a0R$ 1.212 para R$ 1.320 em 2023, com aumento real deve ficar em torno de 2,7%.<\/p>\n<p style=\"text-align: justify;\">A <a href=\"https:\/\/www.cut.org.br\/noticias\/cut-e-centrais-reivindicam-salario-minimo-de-r-r-1-342-em-janeiro-de-2023-e969\" target=\"_blank\" rel=\"noopener\">CUT e demais centrais sindicais reivindicam que o sal\u00e1rio m\u00ednimo de 2023 passe de R$ 1.212 tenha para R$ 1.342<\/a> e v\u00e3o manter a luta pela volta da pol\u00edtica de valoriza\u00e7\u00e3o do sal\u00e1rio m\u00ednimo j\u00e1 em 2023. Criada nos governos do PT e extinta pelo governo de Jair Bolsonaro, a pol\u00edtica previa reposi\u00e7\u00e3o pelo \u00cdndice Nacional de Pre\u00e7os ao Consumidor (INPC), mais aumento real referente ao percentual do Produto Interno Bruto (PIB) de dois anos atr\u00e1s.<\/p>\n<p style=\"text-align: justify;\">Por enquanto, o valor \u00e9 o oficial que consta da Lei Or\u00e7ament\u00e1ria. O relator-geral\u00a0da lei, senador Marcelo Castro (MDB-PI), j\u00e1 adaptou o texto da LOA \u00e0 Proposta de\u00a0Emenda \u00e0 Constituc\u00e3ol (<a href=\"https:\/\/www.cut.org.br\/noticias\/camara-e-senado-aprovam-e-pec-da-transicao-segue-para-promulgacao-67ed\" target=\"_blank\" rel=\"noopener\">PEC) da Transi\u00e7\u00e3o, aprovada na quarta (21).<\/a> O texto dispensa o Poder Executivo de pedir autoriza\u00e7\u00e3o do Congresso Nacional para emitir t\u00edtulos da d\u00edvida p\u00fablica para financiar despesas correntes no montante de R$ 145 bilh\u00f5es no pr\u00f3ximo ano, contornando a chamada \u201cregra de ouro\u201d. Os recursos ficar\u00e3o de fora ainda da restri\u00e7\u00e3o do teto de gastos.<\/p>\n<p style=\"text-align: justify;\">O\u00a0Or\u00e7amento para 2023 reserva R$ 70 bilh\u00f5es para o novo Bolsa Fam\u00edlia pagar um aux\u00edlio no valor de R$ 600 por m\u00eas, e outro aux\u00edlio de R$ 150 para cada crian\u00e7a de at\u00e9 6 anos em todos os grupos familiares atendidos pelo programa.<\/p>\n<p style=\"text-align: justify;\">A pe\u00e7a or\u00e7ament\u00e1ria prev\u00ea que os R$ 75 bilh\u00f5es se destinem a despesas como pol\u00edticas de sa\u00fade (R$ 16,6 bilh\u00f5es), entre elas o programa Farm\u00e1cia Popular. Al\u00e9m disso, R$ 22,9 bilh\u00f5es provenientes de encargos e doa\u00e7\u00f5es privados, como o PIS, poder\u00e3o ser usados em despesas com investimentos. O ministro da Fazenda de Lula, Fernando Haddad, j\u00e1 afirmou que a maior parte desses investimentos deve bancar a retomada de obras paralisadas.<\/p>\n<p style=\"text-align: justify;\"><strong>Emendas de relator<\/strong><\/p>\n<p style=\"text-align: justify;\">O relator explicou ainda altera\u00e7\u00f5es no valor de R$ 19,4 bilh\u00f5es das emendas de relator. O texto teve de obedecer determina\u00e7\u00e3o do Supremo Tribunal Federal (STF) de acabar com essa emendas, do chamado or\u00e7amento secreto. Foi criada uma nova regra permanente pela qual, a cada ano, o governo vai reservar no projeto or\u00e7ament\u00e1rio um total de 2% da receita corrente l\u00edquida do ano anterior para as emendas individuais do or\u00e7amento do ano seguinte. At\u00e9 ent\u00e3o o total era de 1,2%, o que deu R$ 11,7 bilh\u00f5es no projeto inicial para 2023.<\/p>\n<p style=\"text-align: justify;\">Com o acr\u00e9scimo da PEC, as emendas individuais j\u00e1 aprovadas pela Comiss\u00e3o Mista de Or\u00e7amento ter\u00e3o um \u201crefor\u00e7o de dota\u00e7\u00e3o\u201d. Marcelo Castro disse que n\u00e3o haveria tempo h\u00e1bil para que cada parlamentar apresentasse novas emendas:<\/p>\n<p style=\"text-align: justify;\">\u201cNo pr\u00f3ximo ano, o parlamentar poder\u00e1 fazer ajustes e deslocamentos de uma emenda para outra ou mesmo para outra a\u00e7\u00e3o. Ent\u00e3o, no ano que vem \u00e9 que eles v\u00e3o fazer essas adequa\u00e7\u00f5es que agora n\u00f3s n\u00e3o temos prazo legal para fazer\u201d, disse.<\/p>\n<p style=\"text-align: justify;\"><em>Fonte: Ag\u00eancia C\u00e2mara de Not\u00edcias e Ag\u00eancia Senado<\/em><\/p>\n<\/div>\n<\/div>\n<p>Fonte: <a href=\"https:\/\/www.cut.org.br\/noticias\/orcamento-da-uniao-confirma-salario-minimo-de-r-1-320-em-2023-98bc\">Cut<\/a><\/p>\n","protected":false},"excerpt":{"rendered":"<p>Proposta or\u00e7ament\u00e1ria reserva R$ 6,8 bilh\u00f5es para o aumento do piso nacional, que deve ficar em torno de 2,7% acima da infla\u00e7\u00e3o. CUT e centrais reivindicam sal\u00e1rio m\u00ednimo de R$ 1.342 em 2023 O Plen\u00e1rio do Congresso Nacional aprovou, nesta quinta-feira (22), a Lei Or\u00e7ament\u00e1ria Anual (LOA),\u00a0PLN 32\/2022, que reserva R$ 6,8 bilh\u00f5es para o<a class=\"moretag\" href=\"http:\/\/sindiquimicabr.com.br\/index.php\/2022\/12\/23\/orcamento-da-uniao-confirma-salario-minimo-de-r-1-320-em-2023\/\"> [&#8230;]<\/a><\/p>\n","protected":false},"author":2,"featured_media":16709,"comment_status":"closed","ping_status":"closed","sticky":false,"template":"","format":"standard","meta":[],"categories":[10],"tags":[],"_links":{"self":[{"href":"http:\/\/sindiquimicabr.com.br\/index.php\/wp-json\/wp\/v2\/posts\/16708"}],"collection":[{"href":"http:\/\/sindiquimicabr.com.br\/index.php\/wp-json\/wp\/v2\/posts"}],"about":[{"href":"http:\/\/sindiquimicabr.com.br\/index.php\/wp-json\/wp\/v2\/types\/post"}],"author":[{"embeddable":true,"href":"http:\/\/sindiquimicabr.com.br\/index.php\/wp-json\/wp\/v2\/users\/2"}],"replies":[{"embeddable":true,"href":"http:\/\/sindiquimicabr.com.br\/index.php\/wp-json\/wp\/v2\/comments?post=16708"}],"version-history":[{"count":7,"href":"http:\/\/sindiquimicabr.com.br\/index.php\/wp-json\/wp\/v2\/posts\/16708\/revisions"}],"predecessor-version":[{"id":16735,"href":"http:\/\/sindiquimicabr.com.br\/index.php\/wp-json\/wp\/v2\/posts\/16708\/revisions\/16735"}],"wp:featuredmedia":[{"embeddable":true,"href":"http:\/\/sindiquimicabr.com.br\/index.php\/wp-json\/wp\/v2\/media\/16709"}],"wp:attachment":[{"href":"http:\/\/sindiquimicabr.com.br\/index.php\/wp-json\/wp\/v2\/media?parent=16708"}],"wp:term":[{"taxonomy":"category","embeddable":true,"href":"http:\/\/sindiquimicabr.com.br\/index.php\/wp-json\/wp\/v2\/categories?post=16708"},{"taxonomy":"post_tag","embeddable":true,"href":"http:\/\/sindiquimicabr.com.br\/index.php\/wp-json\/wp\/v2\/tags?post=16708"}],"curies":[{"name":"wp","href":"https:\/\/api.w.org\/{rel}","templated":true}]}}