{"id":16817,"date":"2023-01-03T12:37:47","date_gmt":"2023-01-03T12:37:47","guid":{"rendered":"http:\/\/sindiquimicabr.com.br\/?p=16817"},"modified":"2023-01-03T12:39:27","modified_gmt":"2023-01-03T12:39:27","slug":"covid-19-brasil-registra-128-mortes-e-31-mil-casos-em-24-horas","status":"publish","type":"post","link":"http:\/\/sindiquimicabr.com.br\/index.php\/2023\/01\/03\/covid-19-brasil-registra-128-mortes-e-31-mil-casos-em-24-horas\/","title":{"rendered":"Covid-19: Brasil registra 128 mortes e 31 mil casos em 24 horas"},"content":{"rendered":"<h4 class=\"col-10 offset-1 animated fadeInDown dealy-900 display-8 display-md-8 alt-font font-italic my-1 text-center\">N\u00famero de pacientes recuperados da doen\u00e7a est\u00e1 em 35 milh\u00f5es<\/h4>\n<div id=\"attachment_16820\" style=\"width: 1180px\" class=\"wp-caption alignleft\"><a href=\"http:\/\/sindiquimicabr.com.br\/wp\/wp-content\/uploads\/2023\/01\/Brasil-registra-128-mortes-e-31-mil-casos-em-24-horas.jpg\"><img aria-describedby=\"caption-attachment-16820\" decoding=\"async\" loading=\"lazy\" class=\"size-full wp-image-16820\" src=\"http:\/\/sindiquimicabr.com.br\/wp\/wp-content\/uploads\/2023\/01\/Brasil-registra-128-mortes-e-31-mil-casos-em-24-horas.jpg\" alt=\"\" width=\"1170\" height=\"700\" srcset=\"http:\/\/sindiquimicabr.com.br\/wp\/wp-content\/uploads\/2023\/01\/Brasil-registra-128-mortes-e-31-mil-casos-em-24-horas.jpg 1170w, http:\/\/sindiquimicabr.com.br\/wp\/wp-content\/uploads\/2023\/01\/Brasil-registra-128-mortes-e-31-mil-casos-em-24-horas-300x179.jpg 300w, http:\/\/sindiquimicabr.com.br\/wp\/wp-content\/uploads\/2023\/01\/Brasil-registra-128-mortes-e-31-mil-casos-em-24-horas-1024x613.jpg 1024w, http:\/\/sindiquimicabr.com.br\/wp\/wp-content\/uploads\/2023\/01\/Brasil-registra-128-mortes-e-31-mil-casos-em-24-horas-768x459.jpg 768w\" sizes=\"(max-width: 1170px) 100vw, 1170px\" \/><\/a><p id=\"caption-attachment-16820\" class=\"wp-caption-text\">A vacina\u00e7\u00e3o em massa Botucatu.<\/p><\/div>\n<div class=\"post-item alt-font\">\n<div class=\"post-item-wrap\">\n<p>O Minist\u00e9rio da Sa\u00fade divulgou nesta segunda-feira (2) novos n\u00fameros da pandemia de covid-19 no pa\u00eds. De acordo com levantamento di\u00e1rio feito pela pasta, o Brasil registrou, em 24 horas, 31 mil novos casos da doen\u00e7a e 128 \u00f3bitos.<img decoding=\"async\" src=\"https:\/\/agenciabrasil.ebc.com.br\/ebc.png?id=1501481&amp;o=node\" \/><img decoding=\"async\" src=\"https:\/\/agenciabrasil.ebc.com.br\/ebc.gif?id=1501481&amp;o=node\" \/><\/p>\n<p>Desde o in\u00edcio da pandemia, o pa\u00eds acumula 36,3 milh\u00f5es de casos confirmados da covid-19 e 693,9 mil mortes registradas. O n\u00famero de pacientes recuperados soma 35 milh\u00f5es.<\/p>\n<h4>Estados<\/h4>\n<p>Entre os estados, S\u00e3o Paulo registra o maior n\u00famero de casos de covid-19 (6,3 milh\u00f5es) e de mortes em consequ\u00eancia da doen\u00e7a (177,4 mil). Em seguida, aparecem Minas Gerais (4 milh\u00f5es de casos e 64,4 mil \u00f3bitos); Rio Grande do Sul (2,9 milh\u00f5es de casos e 41,5 mil \u00f3bitos) e Paran\u00e1 (2,8 milh\u00f5es de casos e 45,7 mil \u00f3bitos).<\/p>\n<div class=\"dnd-widget-wrapper context-cheio_8colunas type-image\">\n<div class=\"dnd-atom-rendered\">\n<div class=\"shadow overflow-hidden rounded-lg d-block zoom-on-hover-sm shadow-hover w-100\"><img decoding=\"async\" class=\"flex-fill img-cover\" title=\"02\/01\/2023\/Divulga\u00e7\u00e3o\/ Minist\u00e9rio da Sa\u00fade\" src=\"https:\/\/imagens.ebc.com.br\/VcOL18ZKaU9hcgOBUJKk-NNStG8=\/754x0\/smart\/https:\/\/agenciabrasil.ebc.com.br\/sites\/default\/files\/thumbnails\/image\/whatsapp_image_2023-01-02_at_20.40.13.jpeg?itok=MxiJbZBp\" alt=\"Boletim Epidemiol\u00f3gico 02.01\" \/><\/div>\n<\/div>\n<div class=\"dnd-caption-wrapper\">\n<h6 class=\"meta\">Boletim Epidemiol\u00f3gico 02.01 &#8211; <strong>02\/01\/2023\/Divulga\u00e7\u00e3o\/ Minist\u00e9rio da Sa\u00fade<\/strong><\/h6>\n<\/div>\n<\/div>\n<h4>Vacina\u00e7\u00e3o<\/h4>\n<p>Segundo o vacin\u00f4metro do Minist\u00e9rio da Sa\u00fade, 498,2 milh\u00f5es de doses de vacinas contra a covid-19 j\u00e1 foram aplicadas no pa\u00eds, sendo 181,4 milh\u00f5es da primeira dose e 163,9 milh\u00f5es da\u00a0segunda, al\u00e9m de 102,5 milh\u00f5es da primeira dose de refor\u00e7o e 40,2 milh\u00f5es do segundo refor\u00e7o.<\/p>\n<\/div>\n<p class=\"alt-font font-italic my-2 small text-info\">Edi\u00e7\u00e3o: N\u00e1dia Franco<\/p>\n<p>Fonte: Ag\u00eancia Brasil<\/p>\n<\/div>\n","protected":false},"excerpt":{"rendered":"<p>N\u00famero de pacientes recuperados da doen\u00e7a est\u00e1 em 35 milh\u00f5es O Minist\u00e9rio da Sa\u00fade divulgou nesta segunda-feira (2) novos n\u00fameros da pandemia de covid-19 no pa\u00eds. De acordo com levantamento di\u00e1rio feito pela pasta, o Brasil registrou, em 24 horas, 31 mil novos casos da doen\u00e7a e 128 \u00f3bitos. Desde o in\u00edcio da pandemia, o<a class=\"moretag\" href=\"http:\/\/sindiquimicabr.com.br\/index.php\/2023\/01\/03\/covid-19-brasil-registra-128-mortes-e-31-mil-casos-em-24-horas\/\"> [&#8230;]<\/a><\/p>\n","protected":false},"author":2,"featured_media":16820,"comment_status":"closed","ping_status":"closed","sticky":false,"template":"","format":"standard","meta":[],"categories":[2],"tags":[],"_links":{"self":[{"href":"http:\/\/sindiquimicabr.com.br\/index.php\/wp-json\/wp\/v2\/posts\/16817"}],"collection":[{"href":"http:\/\/sindiquimicabr.com.br\/index.php\/wp-json\/wp\/v2\/posts"}],"about":[{"href":"http:\/\/sindiquimicabr.com.br\/index.php\/wp-json\/wp\/v2\/types\/post"}],"author":[{"embeddable":true,"href":"http:\/\/sindiquimicabr.com.br\/index.php\/wp-json\/wp\/v2\/users\/2"}],"replies":[{"embeddable":true,"href":"http:\/\/sindiquimicabr.com.br\/index.php\/wp-json\/wp\/v2\/comments?post=16817"}],"version-history":[{"count":2,"href":"http:\/\/sindiquimicabr.com.br\/index.php\/wp-json\/wp\/v2\/posts\/16817\/revisions"}],"predecessor-version":[{"id":16821,"href":"http:\/\/sindiquimicabr.com.br\/index.php\/wp-json\/wp\/v2\/posts\/16817\/revisions\/16821"}],"wp:featuredmedia":[{"embeddable":true,"href":"http:\/\/sindiquimicabr.com.br\/index.php\/wp-json\/wp\/v2\/media\/16820"}],"wp:attachment":[{"href":"http:\/\/sindiquimicabr.com.br\/index.php\/wp-json\/wp\/v2\/media?parent=16817"}],"wp:term":[{"taxonomy":"category","embeddable":true,"href":"http:\/\/sindiquimicabr.com.br\/index.php\/wp-json\/wp\/v2\/categories?post=16817"},{"taxonomy":"post_tag","embeddable":true,"href":"http:\/\/sindiquimicabr.com.br\/index.php\/wp-json\/wp\/v2\/tags?post=16817"}],"curies":[{"name":"wp","href":"https:\/\/api.w.org\/{rel}","templated":true}]}}